{"id":179374,"date":"2026-04-29T20:25:21","date_gmt":"2026-04-30T00:25:21","guid":{"rendered":"https:\/\/bobvarela.com\/?p=179374"},"modified":"2026-04-29T20:25:21","modified_gmt":"2026-04-30T00:25:21","slug":"orquesta-sinfnica-de-puerto-rico-presenta-experiencia-sinfnica-2026","status":"publish","type":"post","link":"https:\/\/bobvarela.com\/?p=179374","title":{"rendered":"Orquesta Sinf&oacute;nica de Puerto Rico presenta &ldquo;Experiencia Sinf&oacute;nica 2026&rdquo;"},"content":{"rendered":"<p align=\"center\"><font size=\"3\"><a href=\"https:\/\/bobvarela.com\/wp-content\/uploads\/2026\/04\/ExperienciaSinfonica_ensayo.jpg\"><img loading=\"lazy\" decoding=\"async\" width=\"387\" height=\"290\" title=\"ExperienciaSinfonica_ensayo\" style=\"display: inline; background-image: none;\" alt=\"ExperienciaSinfonica_ensayo\" src=\"https:\/\/bobvarela.com\/wp-content\/uploads\/2026\/04\/ExperienciaSinfonica_ensayo_thumb.jpg\" border=\"0\"\/><\/a><\/font><\/p>\n<p align=\"justify\"><font size=\"3\">La Orquesta Sinf\u00f3nica de Puerto Rico (OSPR) presentar\u00e1 el concierto Experiencia Sinf\u00f3nica 2026 este s\u00e1bado, 2 de mayo, a las 7:00 p.m. en la Sala Sinf\u00f3nica Pablo Casals. Bajo la direcci\u00f3n del maestro Karlo Flores, este concierto marca la culminaci\u00f3n de una experiencia art\u00edstica y formativa de alto nivel para j\u00f3venes estudiantes de m\u00fasica de distintas instituciones educativas de Puerto Rico. La violinista Emma Bol\u00edvar Cabassa y la flautista Camila Morales son las estudiantes seleccionadas como solistas para la ocasi\u00f3n.<\/font><\/p>\n<p align=\"justify\"><font size=\"3\">&#8220;Tener la oportunidad de dirigir Experiencia Sinf\u00f3nica es una de esas cosas que valoro y agradezco grandemente. Esta me permite, a\u00f1o tras a\u00f1o, ser testigo de la calidad del trabajo educativo que se hace en nuestro pa\u00eds y del compromiso de nuestros maestros. Poder impactar a los j\u00f3venes en el sal\u00f3n de clases y en este escenario me llena de energ\u00eda y reafirma mi compromiso con el desarrollo de nuestra juventud musical. Agradezco la confianza que la Orquesta Sinf\u00f3nica deposita en m\u00ed para realizar tan gratificante labor&#8221;, expres\u00f3 el maestro Flores.<\/font><\/p>\n<p align=\"center\"><font size=\"3\"><a href=\"https:\/\/bobvarela.com\/wp-content\/uploads\/2026\/04\/KarloFlores.jpg\"><img loading=\"lazy\" decoding=\"async\" width=\"229\" height=\"342\" title=\"KarloFlores\" style=\"display: inline; background-image: none;\" alt=\"KarloFlores\" src=\"https:\/\/bobvarela.com\/wp-content\/uploads\/2026\/04\/KarloFlores_thumb.jpg\" border=\"0\"\/><\/a><\/font><\/p>\n<p align=\"justify\"><font size=\"3\">Experiencia Sinf\u00f3nica es una iniciativa educativa en la que los participantes reciben formaci\u00f3n durante un periodo de tres meses con talleres especializados. Provenientes de las Escuelas Libres de M\u00fasica de Puerto Rico, estudios privados y universidades, estos j\u00f3venes culminan la experiencia con una intensa semana de ensayos junto a los m\u00fasicos de la OSPR, quienes fungir\u00e1n como mentores en un entorno de trabajo profesional.<\/font><\/p>\n<p align=\"justify\"><font size=\"3\">Por su parte, el director de los programas educativos de la OSPR, Julio Pe\u00f1a, destac\u00f3 que \u201cExperiencia Sinf\u00f3nica 2026 es un reflejo del compromiso con el desarrollo de nuestros j\u00f3venes m\u00fasicos. Verlos crecer y compartir escenario con la Orquesta Sinf\u00f3nica de Puerto Rico es motivo de profundo orgullo y esperanza para el futuro de nuestra m\u00fasica.\u201d<\/font><\/p>\n<p align=\"center\"><font size=\"3\"><a href=\"https:\/\/bobvarela.com\/wp-content\/uploads\/2026\/04\/ExperienciaSinfonica.jpg\"><img loading=\"lazy\" decoding=\"async\" width=\"375\" height=\"252\" title=\"ExperienciaSinfonica\" style=\"display: inline; background-image: none;\" alt=\"ExperienciaSinfonica\" src=\"https:\/\/bobvarela.com\/wp-content\/uploads\/2026\/04\/ExperienciaSinfonica_thumb.jpg\" border=\"0\"\/><\/a><\/font><\/p>\n<p align=\"justify\"><font size=\"3\">El programa de la noche propone un recorrido por grandes obras del repertorio sinf\u00f3nico, iniciando con la obertura de Egmont, Op. 84 de Ludwig van Beethoven, seguida por el Concierto No. 7 para viol\u00edn y orquesta de Charles-Auguste de B\u00e9riot, con Emma Bol\u00edvar Cabassa como solista. La primera parte contin\u00faa con selecciones de la suite de El amor por las tres naranjas, Op. 33bis de Sergu\u00e9i Prok\u00f3fiev, incluyendo la Marcha, el Scherzo y El pr\u00edncipe y la princesa, as\u00ed como la emblem\u00e1tica Danza ritual del fuego de El amor brujo de Manuel de Falla.<\/font><\/p>\n<p align=\"justify\"><font size=\"3\">Tras el intermedio, el concierto retoma con la obertura de Il signor Bruschino de Gioachino Rossini y el Concertino para flauta y orquesta de C\u00e9cile Chaminade, interpretado por la solista Camila Morales. El programa contin\u00faa con la Pavane pour une infante d\u00e9funte de Maurice Ravel y culmina con el cuarto movimiento Finale: Andante maestoso, Allegro vivace de la Sinfon\u00eda No. 5 en mi menor, Op. 64 de Piotr Ilich Chaikovski, seguido de la en\u00e9rgica Tritsch-Tratsch-Polka \u201cTriki Traqui\u201d, Op. 214 de Johann Strauss II, en arreglo de Paul Dessenne.<\/font><\/p>\n<p align=\"justify\"><font size=\"3\">Este concierto reafirma el compromiso de la Orquesta Sinf\u00f3nica de Puerto Rico con la formaci\u00f3n de nuevas generaciones de m\u00fasicos y con la creaci\u00f3n de espacios donde el talento emergente pueda desarrollarse dentro de un contexto art\u00edstico de excelencia. La iniciativa es posible gracias al constante apoyo de la Fundaci\u00f3n Banco Popular.<br \/>Los boletos para Experiencia Sinf\u00f3nica 2026 est\u00e1n disponibles en Ticketera y Ticket Center.<\/font><\/p>\n","protected":false},"excerpt":{"rendered":"<p>La Orquesta Sinf\u00f3nica de Puerto Rico (OSPR) presentar\u00e1 el concierto Experiencia Sinf\u00f3nica 2026 este s\u00e1bado, 2 de mayo, a las 7:00 p.m. en la Sala Sinf\u00f3nica Pablo Casals. Bajo la direcci\u00f3n del maestro Karlo Flores, este concierto marca la culminaci\u00f3n&hellip;<\/p>\n<p class=\"more-link-p\"><a class=\"more-link\" href=\"https:\/\/bobvarela.com\/?p=179374\">Read more &rarr;<\/a><\/p>\n","protected":false},"author":1,"featured_media":0,"comment_status":"open","ping_status":"open","sticky":false,"template":"","format":"standard","meta":{"ngg_post_thumbnail":0,"footnotes":""},"categories":[3,127],"tags":[],"class_list":["post-179374","post","type-post","status-publish","format-standard","hentry","category-actividades","category-musica"],"_links":{"self":[{"href":"https:\/\/bobvarela.com\/index.php?rest_route=\/wp\/v2\/posts\/179374","targetHints":{"allow":["GET"]}}],"collection":[{"href":"https:\/\/bobvarela.com\/index.php?rest_route=\/wp\/v2\/posts"}],"about":[{"href":"https:\/\/bobvarela.com\/index.php?rest_route=\/wp\/v2\/types\/post"}],"author":[{"embeddable":true,"href":"https:\/\/bobvarela.com\/index.php?rest_route=\/wp\/v2\/users\/1"}],"replies":[{"embeddable":true,"href":"https:\/\/bobvarela.com\/index.php?rest_route=%2Fwp%2Fv2%2Fcomments&post=179374"}],"version-history":[{"count":1,"href":"https:\/\/bobvarela.com\/index.php?rest_route=\/wp\/v2\/posts\/179374\/revisions"}],"predecessor-version":[{"id":179375,"href":"https:\/\/bobvarela.com\/index.php?rest_route=\/wp\/v2\/posts\/179374\/revisions\/179375"}],"wp:attachment":[{"href":"https:\/\/bobvarela.com\/index.php?rest_route=%2Fwp%2Fv2%2Fmedia&parent=179374"}],"wp:term":[{"taxonomy":"category","embeddable":true,"href":"https:\/\/bobvarela.com\/index.php?rest_route=%2Fwp%2Fv2%2Fcategories&post=179374"},{"taxonomy":"post_tag","embeddable":true,"href":"https:\/\/bobvarela.com\/index.php?rest_route=%2Fwp%2Fv2%2Ftags&post=179374"}],"curies":[{"name":"wp","href":"https:\/\/api.w.org\/{rel}","templated":true}]}}