{"id":182045,"date":"2026-09-02T14:07:43","date_gmt":"2026-09-02T18:07:43","guid":{"rendered":"https:\/\/bobvarela.com\/?p=182045"},"modified":"2026-09-02T14:07:43","modified_gmt":"2026-09-02T18:07:43","slug":"ms-de-1500-libras-de-arroz-marcan-histrica-celebracin-gastronmica-en-el-festival-de-paella-y-arroces","status":"publish","type":"post","link":"https:\/\/bobvarela.com\/?p=182045","title":{"rendered":"M&Aacute;S DE 1,500 LIBRAS DE ARROZ MARCAN HIST&Oacute;RICA CELEBRACI&Oacute;N GASTRON&Oacute;MICA EN EL FESTIVAL DE PAELLA Y ARROCES"},"content":{"rendered":"<p align=\"center\"><font size=\"3\"><a href=\"https:\/\/bobvarela.com\/wp-content\/uploads\/2026\/09\/PHOTO-2026-09-01-09-22-38.jpg\"><img loading=\"lazy\" decoding=\"async\" width=\"358\" height=\"240\" title=\"PHOTO-2026-09-01-09-22-38\" style=\"display: inline; background-image: none;\" alt=\"PHOTO-2026-09-01-09-22-38\" src=\"https:\/\/bobvarela.com\/wp-content\/uploads\/2026\/09\/PHOTO-2026-09-01-09-22-38_thumb.jpg\" border=\"0\"\/><\/a><\/font><\/p>\n<p align=\"justify\"><font size=\"3\">Puerto Rico celebr\u00f3 a lo grande su cultura gastron\u00f3mica con el Festival de Paellas y Arroces, una producci\u00f3n de Toroverde Parks realizada en el Parque de las Ciencias by Toroverde, donde miles de personas se dieron cita para disfrutar de una jornada que uni\u00f3 gastronom\u00eda, cultura, turismo, m\u00fasica y entretenimiento para toda la familia.<\/font><\/p>\n<p align=\"justify\"><font size=\"3\">Durante el evento se cocinaron m\u00e1s de 1,500 libras de arroz, mientras grandes sartenes, paelleras, ollas y calderos se convirtieron en protagonistas de una experiencia culinaria que promovi\u00f3 el talento local e internacional y reafirm\u00f3 el potencial de la gastronom\u00eda como motor de actividad econ\u00f3mica y atractivo tur\u00edstico para Puerto Rico.<\/font><\/p>\n<p align=\"center\"><font size=\"3\"><a href=\"https:\/\/bobvarela.com\/wp-content\/uploads\/2026\/09\/PHOTO-2026-09-01-09-24-19-16.jpg\"><img loading=\"lazy\" decoding=\"async\" width=\"244\" height=\"164\" title=\"PHOTO-2026-09-01-09-24-19 16\" style=\"margin: 0px; display: inline; background-image: none;\" alt=\"PHOTO-2026-09-01-09-24-19 16\" src=\"https:\/\/bobvarela.com\/wp-content\/uploads\/2026\/09\/PHOTO-2026-09-01-09-24-19-16_thumb.jpg\" border=\"0\"\/><\/a><a href=\"https:\/\/bobvarela.com\/wp-content\/uploads\/2026\/09\/PHOTO-2026-09-01-09-24-19-8.jpg\"><img loading=\"lazy\" decoding=\"async\" width=\"244\" height=\"164\" title=\"PHOTO-2026-09-01-09-24-19 8\" style=\"margin: 0px; display: inline; background-image: none;\" alt=\"PHOTO-2026-09-01-09-24-19 8\" src=\"https:\/\/bobvarela.com\/wp-content\/uploads\/2026\/09\/PHOTO-2026-09-01-09-24-19-8_thumb.jpg\" border=\"0\"\/><\/a><a href=\"https:\/\/bobvarela.com\/wp-content\/uploads\/2026\/09\/PHOTO-2026-09-01-09-24-19-10.jpg\"><img loading=\"lazy\" decoding=\"async\" width=\"244\" height=\"164\" title=\"PHOTO-2026-09-01-09-24-19 10\" style=\"display: inline; background-image: none;\" alt=\"PHOTO-2026-09-01-09-24-19 10\" src=\"https:\/\/bobvarela.com\/wp-content\/uploads\/2026\/09\/PHOTO-2026-09-01-09-24-19-10_thumb.jpg\" border=\"0\"\/><\/a><\/font><\/p>\n<p align=\"justify\"><b><font size=\"3\">TALENTO Y COMPETENCIA INTERNACIONAL<\/font><\/b><\/p>\n<p align=\"justify\"><font size=\"3\">Un total de 20 chefs participaron en las competencias culinarias en tres categor\u00edas. En Innovaci\u00f3n de Arroz, el primer lugar fue para Ferrer BBQ, seguido por Lechonera Pastrana en segundo lugar y Porkaholics en tercero.<\/font><\/p>\n<p align=\"justify\"><font size=\"3\">En Arroz Caribe\u00f1o al Caldero, Exotic Paellas obtuvo el primer lugar, Chris Sin L\u00edmites el segundo y Bucaneros Team el tercero. Mientras, en la categor\u00eda de Paellas, Chris Sin L\u00edmites conquist\u00f3 el primer lugar, seguido por Ferrer BBQ en segundo y El Lobo en tercero.<\/font><\/p>\n<p align=\"justify\"><font size=\"3\">Las competencias permitieron destacar t\u00e9cnicas, creatividad y sabores que conectaron la tradici\u00f3n gastron\u00f3mica puertorrique\u00f1a y caribe\u00f1a con propuestas de alcance internacional.<\/font><\/p>\n<p align=\"center\"><font size=\"3\"><a href=\"https:\/\/bobvarela.com\/wp-content\/uploads\/2026\/09\/PHOTO-2026-09-01-09-24-19-10-1.jpg\"><img loading=\"lazy\" decoding=\"async\" width=\"244\" height=\"164\" title=\"PHOTO-2026-09-01-09-24-19 10\" style=\"margin: 0px; display: inline; background-image: none;\" alt=\"PHOTO-2026-09-01-09-24-19 10\" src=\"https:\/\/bobvarela.com\/wp-content\/uploads\/2026\/09\/PHOTO-2026-09-01-09-24-19-10_thumb-1.jpg\" border=\"0\"\/><\/a><a href=\"https:\/\/bobvarela.com\/wp-content\/uploads\/2026\/09\/PHOTO-2026-09-01-09-24-19-7.jpg\"><img loading=\"lazy\" decoding=\"async\" width=\"244\" height=\"164\" title=\"PHOTO-2026-09-01-09-24-19 7\" style=\"display: inline; background-image: none;\" alt=\"PHOTO-2026-09-01-09-24-19 7\" src=\"https:\/\/bobvarela.com\/wp-content\/uploads\/2026\/09\/PHOTO-2026-09-01-09-24-19-7_thumb.jpg\" border=\"0\"\/><\/a><a href=\"https:\/\/bobvarela.com\/wp-content\/uploads\/2026\/09\/PHOTO-2026-09-01-09-24-19-3.jpg\"><img loading=\"lazy\" decoding=\"async\" width=\"244\" height=\"164\" title=\"PHOTO-2026-09-01-09-24-19 3\" style=\"display: inline; background-image: none;\" alt=\"PHOTO-2026-09-01-09-24-19 3\" src=\"https:\/\/bobvarela.com\/wp-content\/uploads\/2026\/09\/PHOTO-2026-09-01-09-24-19-3_thumb.jpg\" border=\"0\"\/><\/a><\/font><\/p>\n<p align=\"justify\"><b><font size=\"3\">NUEVE RECETAS Y UN GRAN RETO CULINARIO<\/font><\/b><\/p>\n<p align=\"justify\"><font size=\"3\">Uno de los momentos principales de la jornada estuvo a cargo del Chef Falc\u00f3n, quien dirigi\u00f3 a m\u00e1s de 30 participantes en la confecci\u00f3n de nueve propuestas de arroz para el disfrute del p\u00fablico.<\/font><\/p>\n<p align=\"justify\"><font size=\"3\">Entre las recetas preparadas se destacaron mamposteao de carne, paella negra con calamar, paella de mariscos, risotto de setas, maduros y churrasco; risotto de carnes ahumadas, maduros y gandules; paella vegana, mamposteao de churrasco y mamposteao de pollo, adem\u00e1s de las grandes confecciones especiales que formaron parte del reto gastron\u00f3mico.<\/font><\/p>\n<p align=\"justify\"><font size=\"3\">Entre los momentos m\u00e1s esperados estuvieron la preparaci\u00f3n del gran caldero de arroz con salchichas y una gigantesca paella de carne, que se sumaron al despliegue de m\u00e1s de 1,500 libras de arroz cocinadas durante el festival.<\/font><\/p>\n<p align=\"center\"><font size=\"3\"><a href=\"https:\/\/bobvarela.com\/wp-content\/uploads\/2026\/09\/PHOTO-2026-09-01-09-24-19-13.jpg\"><img loading=\"lazy\" decoding=\"async\" width=\"244\" height=\"164\" title=\"PHOTO-2026-09-01-09-24-19 13\" style=\"margin: 0px; display: inline; background-image: none;\" alt=\"PHOTO-2026-09-01-09-24-19 13\" src=\"https:\/\/bobvarela.com\/wp-content\/uploads\/2026\/09\/PHOTO-2026-09-01-09-24-19-13_thumb.jpg\" border=\"0\"\/><\/a><a href=\"https:\/\/bobvarela.com\/wp-content\/uploads\/2026\/09\/PHOTO-2026-09-01-09-24-19-4-1.jpg\"><img loading=\"lazy\" decoding=\"async\" width=\"244\" height=\"164\" title=\"PHOTO-2026-09-01-09-24-19 4\" style=\"display: inline; background-image: none;\" alt=\"PHOTO-2026-09-01-09-24-19 4\" src=\"https:\/\/bobvarela.com\/wp-content\/uploads\/2026\/09\/PHOTO-2026-09-01-09-24-19-4_thumb.jpg\" border=\"0\"\/><\/a><a href=\"https:\/\/bobvarela.com\/wp-content\/uploads\/2026\/09\/PHOTO-2026-09-01-09-24-19-16-1.jpg\"><img loading=\"lazy\" decoding=\"async\" width=\"244\" height=\"164\" title=\"PHOTO-2026-09-01-09-24-19 16\" style=\"margin: 0px; display: inline; background-image: none;\" alt=\"PHOTO-2026-09-01-09-24-19 16\" src=\"https:\/\/bobvarela.com\/wp-content\/uploads\/2026\/09\/PHOTO-2026-09-01-09-24-19-16_thumb-1.jpg\" border=\"0\"\/><\/a><\/font><\/p>\n<p align=\"justify\"><b><font size=\"3\">GASTRONOM\u00cdA QUE MUEVE TURISMO, CULTURA Y ECONOM\u00cdA<\/font><\/b><\/p>\n<p align=\"justify\"><font size=\"3\">El Festival de Paellas y Arroces trascendi\u00f3 la competencia culinaria para convertirse en un encuentro de pa\u00eds. Miles de asistentes, incluyendo familias, visitantes y turistas, disfrutaron de las degustaciones, m\u00fasica en vivo y los museos y experiencias del Parque de las Ciencias by Toroverde.<\/font><\/p>\n<p align=\"justify\"><font size=\"3\">La celebraci\u00f3n resalt\u00f3 adem\u00e1s el impacto que los eventos gastron\u00f3micos de gran formato pueden generar para la econom\u00eda y el turismo, movilizando chefs, productores, suplidores, comerciantes, trabajadores y otros sectores vinculados a las industrias de gastronom\u00eda, entretenimiento y hospitalidad.<\/font><\/p>\n<p align=\"justify\"><font size=\"3\">Con esta producci\u00f3n, Toroverde Parks contin\u00faa apostando por experiencias que integran gastronom\u00eda, cultura, turismo y entretenimiento familiar, mientras crean plataformas para proyectar el talento puertorrique\u00f1o y fortalecer la oferta de Puerto Rico como destino expreso Jorge Jorge CEO Toroverde Parks.&nbsp; <\/font><\/p>\n<p align=\"justify\"><font size=\"3\">M\u00e1s de 1,500 libras de arroz, 20 chefs en competencia de pa\u00edses como M\u00e9xico, Colombia, Cuba, Argentina entre otros. Con m\u00e1s de 35 participantes en el gran reto, nueve propuestas culinarias y miles de personas reunidas en un mismo escenario, marcaron una jornada de sabor y unidad que reafirm\u00f3 el valor de nuestra gastronom\u00eda como expresi\u00f3n de identidad cultural y carta de presentaci\u00f3n de Puerto Rico ante el mundo.<\/font><\/p>\n<p align=\"center\"><font size=\"3\"><a href=\"https:\/\/bobvarela.com\/wp-content\/uploads\/2026\/09\/PHOTO-2026-09-01-09-24-19-16-2.jpg\"><img loading=\"lazy\" decoding=\"async\" width=\"244\" height=\"164\" title=\"PHOTO-2026-09-01-09-24-19 16\" style=\"margin: 0px; display: inline; background-image: none;\" alt=\"PHOTO-2026-09-01-09-24-19 16\" src=\"https:\/\/bobvarela.com\/wp-content\/uploads\/2026\/09\/PHOTO-2026-09-01-09-24-19-16_thumb-2.jpg\" border=\"0\"\/><\/a><a href=\"https:\/\/bobvarela.com\/wp-content\/uploads\/2026\/09\/PHOTO-2026-09-01-09-24-37.jpg\"><img loading=\"lazy\" decoding=\"async\" width=\"244\" height=\"164\" title=\"PHOTO-2026-09-01-09-24-37\" style=\"margin: 0px; display: inline; background-image: none;\" alt=\"PHOTO-2026-09-01-09-24-37\" src=\"https:\/\/bobvarela.com\/wp-content\/uploads\/2026\/09\/PHOTO-2026-09-01-09-24-37_thumb.jpg\" border=\"0\"\/><\/a><a href=\"https:\/\/bobvarela.com\/wp-content\/uploads\/2026\/09\/PHOTO-2026-09-01-09-24-19-2.jpg\"><img loading=\"lazy\" decoding=\"async\" width=\"244\" height=\"164\" title=\"PHOTO-2026-09-01-09-24-19 2\" style=\"display: inline; background-image: none;\" alt=\"PHOTO-2026-09-01-09-24-19 2\" src=\"https:\/\/bobvarela.com\/wp-content\/uploads\/2026\/09\/PHOTO-2026-09-01-09-24-19-2_thumb.jpg\" border=\"0\"\/><\/a><\/font><\/p>\n","protected":false},"excerpt":{"rendered":"<p>Puerto Rico celebr\u00f3 a lo grande su cultura gastron\u00f3mica con el Festival de Paellas y Arroces, una producci\u00f3n de Toroverde Parks realizada en el Parque de las Ciencias by Toroverde, donde miles de personas se dieron cita para disfrutar de&hellip;<\/p>\n<p class=\"more-link-p\"><a class=\"more-link\" href=\"https:\/\/bobvarela.com\/?p=182045\">Read more &rarr;<\/a><\/p>\n","protected":false},"author":1,"featured_media":0,"comment_status":"open","ping_status":"open","sticky":false,"template":"","format":"standard","meta":{"ngg_post_thumbnail":0,"footnotes":""},"categories":[3],"tags":[],"class_list":["post-182045","post","type-post","status-publish","format-standard","hentry","category-actividades"],"_links":{"self":[{"href":"https:\/\/bobvarela.com\/index.php?rest_route=\/wp\/v2\/posts\/182045","targetHints":{"allow":["GET"]}}],"collection":[{"href":"https:\/\/bobvarela.com\/index.php?rest_route=\/wp\/v2\/posts"}],"about":[{"href":"https:\/\/bobvarela.com\/index.php?rest_route=\/wp\/v2\/types\/post"}],"author":[{"embeddable":true,"href":"https:\/\/bobvarela.com\/index.php?rest_route=\/wp\/v2\/users\/1"}],"replies":[{"embeddable":true,"href":"https:\/\/bobvarela.com\/index.php?rest_route=%2Fwp%2Fv2%2Fcomments&post=182045"}],"version-history":[{"count":1,"href":"https:\/\/bobvarela.com\/index.php?rest_route=\/wp\/v2\/posts\/182045\/revisions"}],"predecessor-version":[{"id":182046,"href":"https:\/\/bobvarela.com\/index.php?rest_route=\/wp\/v2\/posts\/182045\/revisions\/182046"}],"wp:attachment":[{"href":"https:\/\/bobvarela.com\/index.php?rest_route=%2Fwp%2Fv2%2Fmedia&parent=182045"}],"wp:term":[{"taxonomy":"category","embeddable":true,"href":"https:\/\/bobvarela.com\/index.php?rest_route=%2Fwp%2Fv2%2Fcategories&post=182045"},{"taxonomy":"post_tag","embeddable":true,"href":"https:\/\/bobvarela.com\/index.php?rest_route=%2Fwp%2Fv2%2Ftags&post=182045"}],"curies":[{"name":"wp","href":"https:\/\/api.w.org\/{rel}","templated":true}]}}