{"id":19159,"date":"2011-09-20T07:04:00","date_gmt":"2011-09-20T11:04:00","guid":{"rendered":"https:\/\/bobvarela.com\/?p=19159"},"modified":"2011-09-20T07:34:42","modified_gmt":"2011-09-20T11:34:42","slug":"reina-mora-regresa-a-la-pasarela-del-prhfw","status":"publish","type":"post","link":"https:\/\/bobvarela.com\/?p=19159","title":{"rendered":"REINA MORA REGRESA A LA PASARELA Del PRHFW"},"content":{"rendered":"<p>&#160;<\/p>\n<table border=\"0\" cellspacing=\"0\" cellpadding=\"2\" width=\"618\">\n<tbody>\n<tr>\n<td valign=\"top\" width=\"200\">\n<p><a href=\"https:\/\/bobvarela.com\/wp-content\/uploads\/2011\/09\/PRHFW-Logo.jpg\"><img loading=\"lazy\" decoding=\"async\" style=\"background-image: none; border-bottom: 0px; border-left: 0px; padding-left: 0px; padding-right: 0px; display: inline; border-top: 0px; border-right: 0px; padding-top: 0px\" title=\"PRHFW Logo\" border=\"0\" alt=\"PRHFW Logo\" src=\"https:\/\/bobvarela.com\/wp-content\/uploads\/2011\/09\/PRHFW-Logo_thumb.jpg\" width=\"195\" height=\"199\" \/><\/a><\/p>\n<p align=\"justify\">\n<\/td>\n<td valign=\"top\" width=\"416\">\n<p align=\"justify\"><font size=\"3\">San Juan, Puerto Rico &#8212; Tras cuatro a\u00f1os de retiro, <b><i>Reina Mora<\/i><\/b>, marca escogida por una de las mejores revistas de ni\u00f1os en Estados Unidos, <i>Childrens Business Magazine,<\/i> como una de las 10 mejores l\u00edneas de ropa de ni\u00f1as en Estados Unidos para el invierno de 2002, regresa a impactar la moda de ni\u00f1as y <i>tweenager<\/i> en el marco de la celebraci\u00f3n del sexto aniversario <i>Edici\u00f3n Primavera-Verano 2012 <\/i>del evento nacional de la moda: <b><i>Puerto Rico High Fashion Week<\/i><\/b>.<\/font><\/p>\n<\/td>\n<\/tr>\n<\/tbody>\n<\/table>\n<p align=\"justify\"><font size=\"3\">\u201cRegreso porque ya le dediqu\u00e9 a mi familia el tiempo necesario y sent\u00eda la necesidad de volver a las telas que son mi pasi\u00f3n. Tengo el espacio, las ganas, la creatividad y decid\u00ed regresar porque hay una necesidad en las ni\u00f1as (2-7 a\u00f1os de edad) y <i>tweenager<\/i> (8 a 12 a\u00f1os) de ropa que las haga lucir a la moda sin dejar de verse de su edad.\u201d, se\u00f1al\u00f3 una emocionada Marta Negr\u00f3n, dise\u00f1adora de la famosa marca que actualmente tiene su p\u00e1gina en construcci\u00f3n <\/font><a href=\"https:\/\/www.reinamorapr.com\/\"><font size=\"3\">www.reinamorapr.com<\/font><\/a><font size=\"3\">. A\u00f1adi\u00f3 que Reina Mora se ha vendido bien porque cuenta con un mercado s\u00f3lido ya que dise\u00f1a ropa en la que las ni\u00f1as y <i>tweenager<\/i> lucen de su edad (para complacer a las madres) y a la moda (con el fin de complacer a las ni\u00f1as entre las edades de 2 a 14 a\u00f1os. Sin embargo, la experimentada modista puntualiz\u00f3 que Reina Mora se especializa en el mercado de 8-12 a\u00f1os de edad, mercado dif\u00edcil porque son ni\u00f1as-jovencitas que est\u00e1n en transici\u00f3n y se hace \u201cmuy creativo\u201d dise\u00f1arles.<\/font><\/p>\n<p align=\"justify\"><font size=\"3\">Por su parte, Caridad Fern\u00e1ndez, presidenta del PRHFW, celebr\u00f3 el regreso de Reina Mora a la pasarela del evento nacional de la moda e indic\u00f3: \u201cReina Mora se traduce en moda de altura para un segmento <i>fashion<\/i> que requiere especial atenci\u00f3n. PRHFW cubre todos los sectores de la moda y con Reina Mora se incluye a las ni\u00f1as <i>fashion<\/i>.\u201d<\/font><\/p>\n<p align=\"justify\"><font size=\"3\"><a href=\"https:\/\/bobvarela.com\/wp-content\/uploads\/2011\/09\/MARTA-NEGRON-REINA-MORA.jpg\"><img loading=\"lazy\" decoding=\"async\" style=\"background-image: none; border-right-width: 0px; padding-left: 0px; padding-right: 0px; display: block; float: none; border-top-width: 0px; border-bottom-width: 0px; margin-left: auto; border-left-width: 0px; margin-right: auto; padding-top: 0px\" title=\"MARTA NEGRON-REINA MORA\" border=\"0\" alt=\"MARTA NEGRON-REINA MORA\" src=\"https:\/\/bobvarela.com\/wp-content\/uploads\/2011\/09\/MARTA-NEGRON-REINA-MORA_thumb.jpg\" width=\"404\" height=\"247\" \/><\/a><\/font><\/p>\n<p align=\"justify\"><font size=\"3\">El espectacular regreso de Negr\u00f3n con su propuesta \u201cNew Spirit\u201d ser\u00e1 junto al tambi\u00e9n destacado dise\u00f1ador Rub\u00e9n Dar\u00edo en un <i>showcase<\/i> a beneficio de la Asociaci\u00f3n de la Distrofia Muscular de Puerto Rico, el viernes 30 de septiembre a las 2:30 PM en el Centro de Convenciones de Puerto Rico. El PRHFW, a celebrarse del 28 de septiembre al 1 de octubre, se ha destacado no s\u00f3lo por reunir a los mejores dise\u00f1adores sino tambi\u00e9n, en aportar para buenas causas.<\/font><\/p>\n<p align=\"justify\"><font size=\"3\">Marta Negr\u00f3n lleva m\u00e1s de quince exitosos a\u00f1os siendo reconocida como una de las dise\u00f1adoras de moda infantil m\u00e1s solicitadas en la creaci\u00f3n de moda para ocasi\u00f3n especial. Sus vestidos y dise\u00f1os reflejan su gusto por el estilo europeo y la mezcla de telas con texturas diferentes para crear un gran impacto.<\/font><\/p>\n<p align=\"justify\"><font size=\"3\">Negr\u00f3n obtuvo un Bachillerato en Biolog\u00eda de la Universidad de Puerto Rico, Recinto de Mayag\u00fcez. M\u00e1s tarde, en Estados Unidos, termina la carrera de tecnolog\u00eda m\u00e9dica. En la d\u00e9cada de los noventa, Marta decide cambiar su rumbo profesional para cultivar su talento en el mundo de la moda, para el cual posee un talento innato. La dise\u00f1adora, pr\u00e1cticamente autodidacta, comenz\u00f3 la l\u00ednea de ropa para ni\u00f1as, Reina Mora, en 1997.<\/font><\/p>\n","protected":false},"excerpt":{"rendered":"<p>&#160; San Juan, Puerto Rico &#8212; Tras cuatro a\u00f1os de retiro, Reina Mora, marca escogida por una de las mejores revistas de ni\u00f1os en Estados Unidos, Childrens Business Magazine, como una de las 10 mejores l\u00edneas de ropa de ni\u00f1as&hellip;<\/p>\n<p class=\"more-link-p\"><a class=\"more-link\" href=\"https:\/\/bobvarela.com\/?p=19159\">Read more &rarr;<\/a><\/p>\n","protected":false},"author":1,"featured_media":0,"comment_status":"open","ping_status":"open","sticky":false,"template":"","format":"standard","meta":{"ngg_post_thumbnail":0,"footnotes":""},"categories":[4,295],"tags":[30],"class_list":["post-19159","post","type-post","status-publish","format-standard","hentry","category-moda","category-puerto-rico","tag-puerto-rico-high-fashion-week"],"_links":{"self":[{"href":"https:\/\/bobvarela.com\/index.php?rest_route=\/wp\/v2\/posts\/19159","targetHints":{"allow":["GET"]}}],"collection":[{"href":"https:\/\/bobvarela.com\/index.php?rest_route=\/wp\/v2\/posts"}],"about":[{"href":"https:\/\/bobvarela.com\/index.php?rest_route=\/wp\/v2\/types\/post"}],"author":[{"embeddable":true,"href":"https:\/\/bobvarela.com\/index.php?rest_route=\/wp\/v2\/users\/1"}],"replies":[{"embeddable":true,"href":"https:\/\/bobvarela.com\/index.php?rest_route=%2Fwp%2Fv2%2Fcomments&post=19159"}],"version-history":[{"count":4,"href":"https:\/\/bobvarela.com\/index.php?rest_route=\/wp\/v2\/posts\/19159\/revisions"}],"predecessor-version":[{"id":19163,"href":"https:\/\/bobvarela.com\/index.php?rest_route=\/wp\/v2\/posts\/19159\/revisions\/19163"}],"wp:attachment":[{"href":"https:\/\/bobvarela.com\/index.php?rest_route=%2Fwp%2Fv2%2Fmedia&parent=19159"}],"wp:term":[{"taxonomy":"category","embeddable":true,"href":"https:\/\/bobvarela.com\/index.php?rest_route=%2Fwp%2Fv2%2Fcategories&post=19159"},{"taxonomy":"post_tag","embeddable":true,"href":"https:\/\/bobvarela.com\/index.php?rest_route=%2Fwp%2Fv2%2Ftags&post=19159"}],"curies":[{"name":"wp","href":"https:\/\/api.w.org\/{rel}","templated":true}]}}