{"id":19546,"date":"2011-09-27T18:33:00","date_gmt":"2011-09-27T22:33:00","guid":{"rendered":"https:\/\/bobvarela.com\/?p=19546"},"modified":"2011-09-27T19:19:49","modified_gmt":"2011-09-27T23:19:49","slug":"eventos-en-el-museo-de-las-americas-octubre-2011","status":"publish","type":"post","link":"https:\/\/bobvarela.com\/?p=19546","title":{"rendered":"EVENTOS EN EL MUSEO DE LAS AMERICAS Octubre 2011"},"content":{"rendered":"<p align=\"justify\">\n<table border=\"0\" cellspacing=\"0\" cellpadding=\"2\" width=\"650\">\n<tbody>\n<tr>\n<td valign=\"top\" width=\"165\"><b><a href=\"https:\/\/bobvarela.com\/wp-content\/uploads\/2011\/09\/clip_image0028.jpg\"><font size=\"3\"><img loading=\"lazy\" decoding=\"async\" style=\"background-image: none; border-bottom: 0px; border-left: 0px; padding-left: 0px; padding-right: 0px; display: inline; border-top: 0px; border-right: 0px; padding-top: 0px\" title=\"clip_image002[8]\" border=\"0\" alt=\"clip_image002[8]\" src=\"https:\/\/bobvarela.com\/wp-content\/uploads\/2011\/09\/clip_image0028_thumb.jpg\" width=\"158\" height=\"122\" \/><\/font><\/a><\/b><\/td>\n<td valign=\"top\" width=\"483\">\n<p align=\"justify\"><font size=\"3\">27 de septiembre de 2011, San Juan, Puerto Rico \u2013 La directora ejecutiva del Museo de Las Am\u00e9ricas, Mar\u00eda A. L\u00f3pez Vilella, anuncia los siguientes eventos que celebraran durante el mes de octubre.<\/font><\/p>\n<\/td>\n<\/tr>\n<\/tbody>\n<\/table>\n<p align=\"justify\"><b><font size=\"3\">Domingos de Artesanos<\/font><\/b><\/p>\n<p align=\"justify\"><font size=\"3\">Domingo, 2 de octubre, 11:00am \u2013 4:00pm<\/font><\/p>\n<p align=\"justify\"><a href=\"https:\/\/bobvarela.com\/wp-content\/uploads\/2011\/09\/Justo-Nieves-Domingo-de-Artesanos.jpg\"><img loading=\"lazy\" decoding=\"async\" style=\"background-image: none; border-bottom: 0px; border-left: 0px; padding-left: 0px; padding-right: 0px; display: block; float: none; margin-left: auto; border-top: 0px; margin-right: auto; border-right: 0px; padding-top: 0px\" title=\"Justo Nieves - Domingo de Artesanos\" border=\"0\" alt=\"Justo Nieves - Domingo de Artesanos\" src=\"https:\/\/bobvarela.com\/wp-content\/uploads\/2011\/09\/Justo-Nieves-Domingo-de-Artesanos_thumb.jpg\" width=\"398\" height=\"243\" \/><\/a><\/p>\n<p align=\"justify\"><font size=\"3\">Con el fin de promover las artes populares puertorrique\u00f1as, y a nuestros artesanos de hoy, el Museo de Las Am\u00e9ricas estableci\u00f3 los <b>Domingos de Artesanos<\/b>, donde cada primer domingo de mes hay presente un artesano desarrollando y vendiendo sus obras. En octubre contaremos con el artesano Justo Nieves, especialista en la talla de santos e imaginer\u00eda popular. <\/font><\/p>\n<p align=\"justify\"><b><font size=\"3\">Tradici\u00f3n y Controversia, dos artistas, dos tesoros<\/font><\/b><\/p>\n<p align=\"justify\"><font size=\"3\">Martes, 11 de octubre, 6:00pm<\/font><\/p>\n<table border=\"0\" cellspacing=\"0\" cellpadding=\"2\" width=\"662\">\n<tbody>\n<tr>\n<td valign=\"top\" width=\"178\"><a href=\"https:\/\/bobvarela.com\/wp-content\/uploads\/2011\/09\/Cristo-del-Arbol-Tradicion-y-Controversias.jpg\"><img loading=\"lazy\" decoding=\"async\" style=\"background-image: none; border-bottom: 0px; border-left: 0px; padding-left: 0px; padding-right: 0px; display: inline; border-top: 0px; border-right: 0px; padding-top: 0px\" title=\"Cristo del Arbol - Tradicion y Controversias\" border=\"0\" alt=\"Cristo del Arbol - Tradicion y Controversias\" src=\"https:\/\/bobvarela.com\/wp-content\/uploads\/2011\/09\/Cristo-del-Arbol-Tradicion-y-Controversias_thumb.jpg\" width=\"158\" height=\"345\" \/><\/a><\/td>\n<td valign=\"top\" width=\"482\">\n<p align=\"justify\"><font size=\"3\">La exhibici\u00f3n <b>Tradici\u00f3n y Controversia, dos artistas, dos tesoros se coordin\u00f3 con motivo de <\/b>los 500 a\u00f1os de presencia de los frailes dominicos en Puerto Rico. La Orden de Predicadores celebra este acontecimiento mostrando el apoyo que han dado al arte hist\u00f3ricamente para representar la visi\u00f3n de Dios, su esp\u00edritu humanista y el llamado a la evangelizaci\u00f3n. <b>Tradici\u00f3n y Controversia<\/b> reconoce la aportaci\u00f3n art\u00edstica que Fray Marcolino Maas, OP realiz\u00f3 para contribuir, como \u00e9l mismo dice a \u201cser un medio en las Manos de Dios para atraer una oveja descarriada\u201d y a la historia del arte en Puerto Rico. Incluye adem\u00e1s, la obra del pintor Eric Tabales, artista residente de la Universidad Central de Bayam\u00f3n, quien presenta una colecci\u00f3n de cinco obras sobre la Orden de Predicadores en la actualidad y su interesante di\u00e1logo con varias obras de Marcolino donde ambos comparten su preferencia por trabajar su arte en medios no tradicionales.<\/font><\/p>\n<\/td>\n<\/tr>\n<\/tbody>\n<\/table>\n<p align=\"justify\">&#160;<\/p>\n<p align=\"justify\"><b><font size=\"3\"><\/font><\/b><\/p>\n<p align=\"justify\"><b><font size=\"3\">Mujeres y Diosas<\/font><\/b><\/p>\n<p align=\"justify\"><font size=\"3\">Domingo, 9 de octubre de 2011, 11:00 am &#8211; 4:00 pm<\/font><\/p>\n<div>\n<table border=\"0\" cellspacing=\"0\" cellpadding=\"2\" width=\"634\">\n<tbody>\n<tr>\n<td valign=\"top\" width=\"156\"><a href=\"https:\/\/bobvarela.com\/wp-content\/uploads\/2011\/09\/Diosa-Elemental-de-la-Vegetacion-Myrna-Arocho.jpg\"><img loading=\"lazy\" decoding=\"async\" style=\"background-image: none; border-bottom: 0px; border-left: 0px; padding-left: 0px; padding-right: 0px; display: inline; border-top: 0px; border-right: 0px; padding-top: 0px\" title=\"Diosa Elemental de la Vegetacion - Myrna Arocho\" border=\"0\" alt=\"Diosa Elemental de la Vegetacion - Myrna Arocho\" src=\"https:\/\/bobvarela.com\/wp-content\/uploads\/2011\/09\/Diosa-Elemental-de-la-Vegetacion-Myrna-Arocho_thumb.jpg\" width=\"134\" height=\"152\" \/><\/a><\/td>\n<td valign=\"top\" width=\"476\">\n<p align=\"justify\"><font size=\"3\">La exhibici\u00f3n <b>Mujeres y Diosas<\/b> de la artista Myrna Arocho, se compone de esculturas, pinturas, dibujos y medios mixtos a trav\u00e9s de los cuales desarrolla el tema de las mujeres y las diosas como mujeres creadoras, espirituales, m\u00edticas y diosas del universo. <\/font><\/p>\n<\/td>\n<\/tr>\n<\/tbody>\n<\/table><\/div>\n<p align=\"justify\"><b><\/b><font size=\"3\"><\/font><\/p>\n<p align=\"justify\"><b><font size=\"3\">Ruta de los Museos<\/font><\/b><\/p>\n<p align=\"justify\"><font size=\"3\">Mi\u00e9rcoles, 12 de octubre, 9:00 am \u2013 4:00 pm<\/font><\/p>\n<p align=\"center\"><a href=\"https:\/\/bobvarela.com\/wp-content\/uploads\/2011\/09\/Museo-de-las-Americas.jpg\"><img loading=\"lazy\" decoding=\"async\" style=\"background-image: none; border-bottom: 0px; border-left: 0px; padding-left: 0px; padding-right: 0px; display: inline; border-top: 0px; border-right: 0px; padding-top: 0px\" title=\"Museo de las Americas\" border=\"0\" alt=\"Museo de las Americas\" src=\"https:\/\/bobvarela.com\/wp-content\/uploads\/2011\/09\/Museo-de-las-Americas_thumb.jpg\" width=\"398\" height=\"243\" \/><\/a><\/p>\n<p align=\"justify\"><font size=\"3\">En conmemoraci\u00f3n del Descubrimiento de Am\u00e9rica los siguientes museos ubicados en el Viejo San Juan, han decidido unir esfuerzos para ofrecerle al visitante un conjunto de actividades que permitan dar a conocer su instituci\u00f3n y programaci\u00f3n: Museo de Las Am\u00e9ricas, Museo de San Juan, Teatro Tapia, Casa Alcald\u00eda, Galer\u00eda Nacional del Instituto de Cultura Puertorrique\u00f1a, Casa Museo Felisa Rinc\u00f3n de Gautier, Liga de Arte, Iglesia San Jos\u00e9, Museo Pablo Casals y la Galer\u00eda de Banco Popular. Esta actividad es libre de costo. El Museo de Las Am\u00e9ricas ofrecer\u00e1 Talleres de Penachos a la entrada de la Sala del Indio. Para informaci\u00f3n sobre los recorridos favor de comunicarse al (787) 721-6363.<\/font><\/p>\n<p align=\"justify\"><b><font size=\"3\"><\/font><\/b><\/p>\n<p align=\"justify\"><b><font size=\"3\">Nocturnos de Museo<\/font><\/b><\/p>\n<p align=\"justify\"><font size=\"3\">Jueves, 20 de octubre, 6:00pm a 9:00pm<\/font><\/p>\n<p align=\"justify\"><font size=\"3\"><\/font><\/p>\n<table border=\"0\" cellspacing=\"0\" cellpadding=\"2\" width=\"651\">\n<tbody>\n<tr>\n<td valign=\"top\" width=\"120\"><a href=\"https:\/\/bobvarela.com\/wp-content\/uploads\/2011\/09\/clip_image002.jpg\"><img loading=\"lazy\" decoding=\"async\" style=\"background-image: none; border-bottom: 0px; border-left: 0px; padding-left: 0px; padding-right: 0px; display: inline; border-top: 0px; border-right: 0px; padding-top: 0px\" title=\"clip_image002\" border=\"0\" hspace=\"12\" alt=\"clip_image002\" src=\"https:\/\/bobvarela.com\/wp-content\/uploads\/2011\/09\/clip_image002_thumb.jpg\" width=\"176\" height=\"310\" \/><\/a><\/td>\n<td valign=\"top\" width=\"529\">\n<p align=\"justify\"><font size=\"3\"><b>Nocturnos de Museo <\/b>es una nueva iniciativa donde se abrir\u00e1n las salas libre de costo, el tercer jueves de cada mes, de 6:00pm a 9:00pm, para que una mayor cantidad de p\u00fablico tenga la oportunidad de conocer el acervo del Museo de Las Am\u00e9ricas. Adem\u00e1s, podr\u00e1n disfrutar de la participaci\u00f3n de destacados j\u00f3venes m\u00fasicos quienes ofrecer\u00e1n su talento a los asistentes y otra variedad de actividades culturales como presentaciones de libros, conferencias y visitas guiadas. El jueves, 20 de octubre, la ni\u00f1a violonchelista Hazel Thais Rivera Rosario presentar\u00e1 su trabajo musical de m\u00fasica puertorrique\u00f1a \u201cSe Siente en el Coraz\u00f3n\u201d. Para m\u00e1s detalles sobre la trayectoria de Hazel Thais puede visitar la p\u00e1gina: <\/font><a href=\"https:\/\/www.hazelthais.com\"><font size=\"3\">https:\/\/www.hazelthais.com<\/font><\/a><font size=\"3\">.<\/font><\/p>\n<\/td>\n<\/tr>\n<\/tbody>\n<\/table>\n<p align=\"justify\"><font size=\"3\">El Museo de las Am\u00e9ricas est\u00e1 abierto al p\u00fablico en general de martes a s\u00e1bado de 9:00 a 12:00pm y 1:00 a 4:00pm y los domingos de 11:00am a 4:00pm. Para m\u00e1s informaci\u00f3n puede llamar al (787) 724-5052 \u00f3 visitar la p\u00e1gina <\/font><a href=\"https:\/\/www.museolasamericas.org\"><font size=\"3\">www.museolasamericas.org<\/font><\/a><font size=\"3\">.<\/font><\/p>\n","protected":false},"excerpt":{"rendered":"<p>27 de septiembre de 2011, San Juan, Puerto Rico \u2013 La directora ejecutiva del Museo de Las Am\u00e9ricas, Mar\u00eda A. L\u00f3pez Vilella, anuncia los siguientes eventos que celebraran durante el mes de octubre. Domingos de Artesanos Domingo, 2 de octubre,&hellip;<\/p>\n<p class=\"more-link-p\"><a class=\"more-link\" href=\"https:\/\/bobvarela.com\/?p=19546\">Read more &rarr;<\/a><\/p>\n","protected":false},"author":1,"featured_media":0,"comment_status":"open","ping_status":"open","sticky":false,"template":"","format":"standard","meta":{"ngg_post_thumbnail":0,"footnotes":""},"categories":[3],"tags":[],"class_list":["post-19546","post","type-post","status-publish","format-standard","hentry","category-actividades"],"_links":{"self":[{"href":"https:\/\/bobvarela.com\/index.php?rest_route=\/wp\/v2\/posts\/19546","targetHints":{"allow":["GET"]}}],"collection":[{"href":"https:\/\/bobvarela.com\/index.php?rest_route=\/wp\/v2\/posts"}],"about":[{"href":"https:\/\/bobvarela.com\/index.php?rest_route=\/wp\/v2\/types\/post"}],"author":[{"embeddable":true,"href":"https:\/\/bobvarela.com\/index.php?rest_route=\/wp\/v2\/users\/1"}],"replies":[{"embeddable":true,"href":"https:\/\/bobvarela.com\/index.php?rest_route=%2Fwp%2Fv2%2Fcomments&post=19546"}],"version-history":[{"count":4,"href":"https:\/\/bobvarela.com\/index.php?rest_route=\/wp\/v2\/posts\/19546\/revisions"}],"predecessor-version":[{"id":19549,"href":"https:\/\/bobvarela.com\/index.php?rest_route=\/wp\/v2\/posts\/19546\/revisions\/19549"}],"wp:attachment":[{"href":"https:\/\/bobvarela.com\/index.php?rest_route=%2Fwp%2Fv2%2Fmedia&parent=19546"}],"wp:term":[{"taxonomy":"category","embeddable":true,"href":"https:\/\/bobvarela.com\/index.php?rest_route=%2Fwp%2Fv2%2Fcategories&post=19546"},{"taxonomy":"post_tag","embeddable":true,"href":"https:\/\/bobvarela.com\/index.php?rest_route=%2Fwp%2Fv2%2Ftags&post=19546"}],"curies":[{"name":"wp","href":"https:\/\/api.w.org\/{rel}","templated":true}]}}