{"id":1975,"date":"2010-05-19T19:28:00","date_gmt":"2010-05-19T23:28:00","guid":{"rendered":"https:\/\/bobvarela.com\/?p=1975"},"modified":"2010-05-20T18:21:57","modified_gmt":"2010-05-20T22:21:57","slug":"marcha-por-los-bebes-de-march-of-dimes","status":"publish","type":"post","link":"https:\/\/bobvarela.com\/?p=1975","title":{"rendered":"MARCHA POR LOS BEBES, de March of Dimes"},"content":{"rendered":"<p><font size=\"3\" face=\"Bookman Old Style\"><\/font><\/p>\n<p><font size=\"3\" face=\"Bookman Old Style\">Con el objetivo de crear conciencia, y recaudar fondos para continuar esfuerzos de investigaci\u00f3n y educaci\u00f3n para reducir la tasa de nacimientos prematuros que hoy alcanza el 19.9% de incidencia en Puerto Rico, March of Dimes celebro su decimo cuarta Marcha por los Bebes, el 16 de mayo desde el Pabell\u00f3n de la Paz del Parque Luis Munoz Rivera en San Juan.<\/font><\/p>\n<p><font size=\"3\" face=\"Bookman Old Style\"><a href=\"https:\/\/bobvarela.com\/wp-content\/uploads\/2010\/05\/MarchofDimes2010PR104.jpg\"><img loading=\"lazy\" decoding=\"async\" style=\"border-right-width: 0px; display: inline; border-top-width: 0px; border-bottom-width: 0px; border-left-width: 0px\" title=\"March of Dimes 2010  PR  104\" border=\"0\" alt=\"March of Dimes 2010  PR  104\" src=\"https:\/\/bobvarela.com\/wp-content\/uploads\/2010\/05\/MarchofDimes2010PR104_thumb.jpg\" width=\"175\" height=\"124\" \/><\/a><a href=\"https:\/\/bobvarela.com\/wp-content\/uploads\/2010\/05\/MarchofDimes2010PR020.jpg\"><img loading=\"lazy\" decoding=\"async\" style=\"border-right-width: 0px; display: inline; border-top-width: 0px; border-bottom-width: 0px; border-left-width: 0px\" title=\"March of Dimes 2010  PR  020\" border=\"0\" alt=\"March of Dimes 2010  PR  020\" src=\"https:\/\/bobvarela.com\/wp-content\/uploads\/2010\/05\/MarchofDimes2010PR020_thumb.jpg\" width=\"175\" height=\"124\" \/><\/a><a href=\"https:\/\/bobvarela.com\/wp-content\/uploads\/2010\/05\/MarchofDimes2010PR178.jpg\"><img loading=\"lazy\" decoding=\"async\" style=\"border-right-width: 0px; display: inline; border-top-width: 0px; border-bottom-width: 0px; border-left-width: 0px\" title=\"March of Dimes 2010  PR  178\" border=\"0\" alt=\"March of Dimes 2010  PR  178\" src=\"https:\/\/bobvarela.com\/wp-content\/uploads\/2010\/05\/MarchofDimes2010PR178_thumb.jpg\" width=\"175\" height=\"124\" \/><\/a> <\/font><\/p>\n<p><font size=\"3\" face=\"Bookman Old Style\">Con una nutrida participaci\u00f3n de miles de personas, representando diversas empresas y grupos de Familias, March of Dimes celebro exitosamente su decimo cuarta Marcha por los Bebes <b>q<\/b>ue<b> <\/b>no tan solo logro su meta de recaudaci\u00f3n de fondos, sino que la supero logrando una cifra sin precedentes de m\u00e1s de $530,000.00.<\/font><\/p>\n<p><a href=\"https:\/\/bobvarela.com\/wp-content\/uploads\/2010\/05\/MarchofDimes2010PR136.jpg\"><img loading=\"lazy\" decoding=\"async\" style=\"border-right-width: 0px; display: inline; border-top-width: 0px; border-bottom-width: 0px; border-left-width: 0px\" title=\"March of Dimes 2010  PR  136\" border=\"0\" alt=\"March of Dimes 2010  PR  136\" src=\"https:\/\/bobvarela.com\/wp-content\/uploads\/2010\/05\/MarchofDimes2010PR136_thumb.jpg\" width=\"175\" height=\"124\" \/><\/a><a href=\"https:\/\/bobvarela.com\/wp-content\/uploads\/2010\/05\/MarchofDimes2010PR146.jpg\"><img loading=\"lazy\" decoding=\"async\" style=\"border-right-width: 0px; display: inline; border-top-width: 0px; border-bottom-width: 0px; border-left-width: 0px\" title=\"March of Dimes 2010  PR  146\" border=\"0\" alt=\"March of Dimes 2010  PR  146\" src=\"https:\/\/bobvarela.com\/wp-content\/uploads\/2010\/05\/MarchofDimes2010PR146_thumb.jpg\" width=\"175\" height=\"124\" \/><\/a><a href=\"https:\/\/bobvarela.com\/wp-content\/uploads\/2010\/05\/MarchofDimes2010PR155.jpg\"><img loading=\"lazy\" decoding=\"async\" style=\"border-right-width: 0px; display: inline; border-top-width: 0px; border-bottom-width: 0px; border-left-width: 0px\" title=\"March of Dimes 2010  PR  155\" border=\"0\" alt=\"March of Dimes 2010  PR  155\" src=\"https:\/\/bobvarela.com\/wp-content\/uploads\/2010\/05\/MarchofDimes2010PR155_thumb.jpg\" width=\"175\" height=\"124\" \/><\/a> <\/p>\n<p><font size=\"3\" face=\"Bookman Old Style\">\u201cMarcharmos porque necesitamos encontrar las respuestas. Uno de cada cinco beb\u00e9s nace prematuramente en Puerto Rico y en el 90% de los casos, no sabemos la raz\u00f3n. La visi\u00f3n de March of Dimes es que todo beb\u00e9 nazca a t\u00e9rmino y sano, pero tenemos que caminar para llegar all\u00ed\u201d indic\u00f3 Alma Seda, Directora Ejecutiva de March of Dimes.<\/font><\/p>\n<p><a href=\"https:\/\/bobvarela.com\/wp-content\/uploads\/2010\/05\/MarchofDimes2010PR223.jpg\"><img loading=\"lazy\" decoding=\"async\" style=\"border-right-width: 0px; display: inline; border-top-width: 0px; border-bottom-width: 0px; border-left-width: 0px\" title=\"March of Dimes 2010  PR  223\" border=\"0\" alt=\"March of Dimes 2010  PR  223\" src=\"https:\/\/bobvarela.com\/wp-content\/uploads\/2010\/05\/MarchofDimes2010PR223_thumb.jpg\" width=\"175\" height=\"124\" \/><\/a><a href=\"https:\/\/bobvarela.com\/wp-content\/uploads\/2010\/05\/MarchofDimes2010PR084.jpg\"><img loading=\"lazy\" decoding=\"async\" style=\"border-right-width: 0px; display: inline; border-top-width: 0px; border-bottom-width: 0px; border-left-width: 0px\" title=\"March of Dimes 2010  PR  084\" border=\"0\" alt=\"March of Dimes 2010  PR  084\" src=\"https:\/\/bobvarela.com\/wp-content\/uploads\/2010\/05\/MarchofDimes2010PR084_thumb.jpg\" width=\"175\" height=\"124\" \/><\/a><a href=\"https:\/\/bobvarela.com\/wp-content\/uploads\/2010\/05\/MarchofDimes2010PR181.jpg\"><img loading=\"lazy\" decoding=\"async\" style=\"border-right-width: 0px; display: inline; border-top-width: 0px; border-bottom-width: 0px; border-left-width: 0px\" title=\"March of Dimes 2010  PR  181\" border=\"0\" alt=\"March of Dimes 2010  PR  181\" src=\"https:\/\/bobvarela.com\/wp-content\/uploads\/2010\/05\/MarchofDimes2010PR181_thumb.jpg\" width=\"175\" height=\"124\" \/><\/a> <\/p>\n<p><font size=\"3\" face=\"Bookman Old Style\">Este a\u00f1o, los padrinos de la marcha fueron los reporteros ancla de WAPA, Keyla Hern\u00e1ndez y Normando Valent\u00edn, mientras, la animaci\u00f3n en tarima estuvo a cargo de la presentadora del programa En el lente del Ojo Publico de Univisi\u00f3n, Zugey Lamela, y el locutor y productor Anibal Ribot.<\/font><\/p>\n<p><font size=\"3\" face=\"Bookman Old Style\"><a href=\"https:\/\/bobvarela.com\/wp-content\/uploads\/2010\/05\/MarchofDimes2010PR028.jpg\"><img loading=\"lazy\" decoding=\"async\" style=\"border-right-width: 0px; display: inline; border-top-width: 0px; border-bottom-width: 0px; border-left-width: 0px\" title=\"March of Dimes 2010  PR  028\" border=\"0\" alt=\"March of Dimes 2010  PR  028\" src=\"https:\/\/bobvarela.com\/wp-content\/uploads\/2010\/05\/MarchofDimes2010PR028_thumb.jpg\" width=\"175\" height=\"124\" \/><\/a><a href=\"https:\/\/bobvarela.com\/wp-content\/uploads\/2010\/05\/MarchofDimes2010PR151.jpg\"><img loading=\"lazy\" decoding=\"async\" style=\"border-right-width: 0px; display: inline; border-top-width: 0px; border-bottom-width: 0px; border-left-width: 0px\" title=\"March of Dimes 2010  PR  151\" border=\"0\" alt=\"March of Dimes 2010  PR  151\" src=\"https:\/\/bobvarela.com\/wp-content\/uploads\/2010\/05\/MarchofDimes2010PR151_thumb.jpg\" width=\"175\" height=\"124\" \/><\/a><a href=\"https:\/\/bobvarela.com\/wp-content\/uploads\/2010\/05\/MarchofDimes2010PR022.jpg\"><img loading=\"lazy\" decoding=\"async\" style=\"border-right-width: 0px; display: inline; border-top-width: 0px; border-bottom-width: 0px; border-left-width: 0px\" title=\"March of Dimes 2010  PR  022\" border=\"0\" alt=\"March of Dimes 2010  PR  022\" src=\"https:\/\/bobvarela.com\/wp-content\/uploads\/2010\/05\/MarchofDimes2010PR022_thumb.jpg\" width=\"175\" height=\"124\" \/><\/a> <\/font><\/p>\n<p><font size=\"3\" face=\"Bookman Old Style\">Entre los artistas que estuvieron presente furon Kany Garc\u00eda, Sheila Romero, Spirit One, Siglo XX1, Stereo Gris, Las Bandoleras, El Trotamundos, Los del Camino y Carlos Pina. <\/font><\/p>\n<p><a href=\"https:\/\/bobvarela.com\/wp-content\/uploads\/2010\/05\/MarchofDimes2010PR170.jpg\"><img loading=\"lazy\" decoding=\"async\" style=\"border-right-width: 0px; display: inline; border-top-width: 0px; border-bottom-width: 0px; border-left-width: 0px\" title=\"March of Dimes 2010  PR  170\" border=\"0\" alt=\"March of Dimes 2010  PR  170\" src=\"https:\/\/bobvarela.com\/wp-content\/uploads\/2010\/05\/MarchofDimes2010PR170_thumb.jpg\" width=\"175\" height=\"124\" \/><\/a><a href=\"https:\/\/bobvarela.com\/wp-content\/uploads\/2010\/05\/MarchofDimes2010PR174.jpg\"><img loading=\"lazy\" decoding=\"async\" style=\"border-right-width: 0px; display: inline; border-top-width: 0px; border-bottom-width: 0px; border-left-width: 0px\" title=\"March of Dimes 2010  PR  174\" border=\"0\" alt=\"March of Dimes 2010  PR  174\" src=\"https:\/\/bobvarela.com\/wp-content\/uploads\/2010\/05\/MarchofDimes2010PR174_thumb.jpg\" width=\"175\" height=\"124\" \/><\/a><a href=\"https:\/\/bobvarela.com\/wp-content\/uploads\/2010\/05\/MarchofDimes2010PR201.jpg\"><img loading=\"lazy\" decoding=\"async\" style=\"border-right-width: 0px; display: inline; border-top-width: 0px; border-bottom-width: 0px; border-left-width: 0px\" title=\"March of Dimes 2010  PR  201\" border=\"0\" alt=\"March of Dimes 2010  PR  201\" src=\"https:\/\/bobvarela.com\/wp-content\/uploads\/2010\/05\/MarchofDimes2010PR201_thumb.jpg\" width=\"175\" height=\"124\" \/><\/a><\/p>\n<p><a href=\"https:\/\/bobvarela.com\/wp-content\/uploads\/2010\/05\/MarchofDimes2010PR232.jpg\"><img loading=\"lazy\" decoding=\"async\" style=\"border-right-width: 0px; display: inline; border-top-width: 0px; border-bottom-width: 0px; border-left-width: 0px\" title=\"March of Dimes 2010  PR  232\" border=\"0\" alt=\"March of Dimes 2010  PR  232\" src=\"https:\/\/bobvarela.com\/wp-content\/uploads\/2010\/05\/MarchofDimes2010PR232_thumb.jpg\" width=\"174\" height=\"124\" \/><\/a><a href=\"https:\/\/bobvarela.com\/wp-content\/uploads\/2010\/05\/MarchofDimes2010PR243.jpg\"><img loading=\"lazy\" decoding=\"async\" style=\"border-right-width: 0px; display: inline; border-top-width: 0px; border-bottom-width: 0px; border-left-width: 0px\" title=\"March of Dimes 2010  PR  243\" border=\"0\" alt=\"March of Dimes 2010  PR  243\" src=\"https:\/\/bobvarela.com\/wp-content\/uploads\/2010\/05\/MarchofDimes2010PR243_thumb.jpg\" width=\"175\" height=\"124\" \/><\/a><a href=\"https:\/\/bobvarela.com\/wp-content\/uploads\/2010\/05\/MarchofDimes2010PR099.jpg\"><img loading=\"lazy\" decoding=\"async\" style=\"border-right-width: 0px; display: inline; border-top-width: 0px; border-bottom-width: 0px; border-left-width: 0px\" title=\"March of Dimes 2010  PR  099\" border=\"0\" alt=\"March of Dimes 2010  PR  099\" src=\"https:\/\/bobvarela.com\/wp-content\/uploads\/2010\/05\/MarchofDimes2010PR099_thumb.jpg\" width=\"175\" height=\"124\" \/><\/a> <\/p>\n<p><font size=\"3\" face=\"Bookman Old Style\">El Presidente de la Marcha por los Beb\u00e9s Dave Rodney, Vice-Presidente Regional de Kmart del Caribe empresa que ha apoyado a March of Dimes por m\u00e1s de 25 a\u00f1os, y que este ano aport\u00f3 $430,000.00, expreso su agradecimiento a todos los auspiciadores y Equipos de Caminantes, que se unieron a este esfuerzo. El dinero recaudado<b> <\/b>ser\u00e1 destinado a la investigaci\u00f3n cient\u00edfica y a la educaci\u00f3n para la prevenci\u00f3n de nacimientos prematuros.<\/font><\/p>\n<p><a href=\"https:\/\/bobvarela.com\/wp-content\/uploads\/2010\/05\/MarchofDimes2010PR219.jpg\"><img loading=\"lazy\" decoding=\"async\" style=\"border-right-width: 0px; display: inline; border-top-width: 0px; border-bottom-width: 0px; border-left-width: 0px\" title=\"March of Dimes 2010  PR  219\" border=\"0\" alt=\"March of Dimes 2010  PR  219\" src=\"https:\/\/bobvarela.com\/wp-content\/uploads\/2010\/05\/MarchofDimes2010PR219_thumb.jpg\" width=\"175\" height=\"124\" \/><\/a><a href=\"https:\/\/bobvarela.com\/wp-content\/uploads\/2010\/05\/MarchofDimes2010PR221.jpg\"><img loading=\"lazy\" decoding=\"async\" style=\"border-right-width: 0px; display: inline; border-top-width: 0px; border-bottom-width: 0px; border-left-width: 0px\" title=\"March of Dimes 2010  PR  221\" border=\"0\" alt=\"March of Dimes 2010  PR  221\" src=\"https:\/\/bobvarela.com\/wp-content\/uploads\/2010\/05\/MarchofDimes2010PR221_thumb.jpg\" width=\"175\" height=\"124\" \/><\/a><a href=\"https:\/\/bobvarela.com\/wp-content\/uploads\/2010\/05\/MarchofDimes2010PR210.jpg\"><img loading=\"lazy\" decoding=\"async\" style=\"border-right-width: 0px; display: inline; border-top-width: 0px; border-bottom-width: 0px; border-left-width: 0px\" title=\"March of Dimes 2010  PR  210\" border=\"0\" alt=\"March of Dimes 2010  PR  210\" src=\"https:\/\/bobvarela.com\/wp-content\/uploads\/2010\/05\/MarchofDimes2010PR210_thumb.jpg\" width=\"175\" height=\"124\" \/><\/a><\/p>\n<p><font size=\"3\" face=\"Bookman Old Style\">La ni\u00f1a s\u00edmbolo de March of Dimes, Alexa Valedon Rodriguez, naci\u00f3 prematuramente a las 29 semanas de gestaci\u00f3n, pesando 2 libras con 8 onzas. Estuvo casi dos meses en la Unidad de Intensivo Neonatal (NICU). Sus padres Yamila y Alex, agradecen a March of Dimes porque gracias a sus investigaciones y desarrollos tecnol\u00f3gicos, Alexa logr\u00f3 sobrevivir.<\/font><\/p>\n<p><a href=\"https:\/\/bobvarela.com\/wp-content\/uploads\/2010\/05\/MarchofDimes2010PR101.jpg\"><img loading=\"lazy\" decoding=\"async\" style=\"border-right-width: 0px; display: inline; border-top-width: 0px; border-bottom-width: 0px; border-left-width: 0px\" title=\"March of Dimes 2010  PR  101\" border=\"0\" alt=\"March of Dimes 2010  PR  101\" src=\"https:\/\/bobvarela.com\/wp-content\/uploads\/2010\/05\/MarchofDimes2010PR101_thumb.jpg\" width=\"124\" height=\"175\" \/><\/a><a href=\"https:\/\/bobvarela.com\/wp-content\/uploads\/2010\/05\/MarchofDimes2010PR001.jpg\"><img loading=\"lazy\" decoding=\"async\" style=\"border-right-width: 0px; display: inline; border-top-width: 0px; border-bottom-width: 0px; border-left-width: 0px\" title=\"March of Dimes 2010  PR  001\" border=\"0\" alt=\"March of Dimes 2010  PR  001\" src=\"https:\/\/bobvarela.com\/wp-content\/uploads\/2010\/05\/MarchofDimes2010PR001_thumb.jpg\" width=\"124\" height=\"175\" \/><\/a><a href=\"https:\/\/bobvarela.com\/wp-content\/uploads\/2010\/05\/MarchofDimes2010PR126.jpg\"><img loading=\"lazy\" decoding=\"async\" style=\"border-right-width: 0px; display: inline; border-top-width: 0px; border-bottom-width: 0px; border-left-width: 0px\" title=\"March of Dimes 2010  PR  126\" border=\"0\" alt=\"March of Dimes 2010  PR  126\" src=\"https:\/\/bobvarela.com\/wp-content\/uploads\/2010\/05\/MarchofDimes2010PR126_thumb.jpg\" width=\"124\" height=\"175\" \/><\/a><a href=\"https:\/\/bobvarela.com\/wp-content\/uploads\/2010\/05\/MarchofDimes2010PR127.jpg\"><img loading=\"lazy\" decoding=\"async\" style=\"border-right-width: 0px; display: inline; border-top-width: 0px; border-bottom-width: 0px; border-left-width: 0px\" title=\"March of Dimes 2010  PR  127\" border=\"0\" alt=\"March of Dimes 2010  PR  127\" src=\"https:\/\/bobvarela.com\/wp-content\/uploads\/2010\/05\/MarchofDimes2010PR127_thumb.jpg\" width=\"124\" height=\"175\" \/><\/a><a href=\"https:\/\/bobvarela.com\/wp-content\/uploads\/2010\/05\/MarchofDimes2010PR114.jpg\"><img loading=\"lazy\" decoding=\"async\" style=\"border-right-width: 0px; display: inline; border-top-width: 0px; border-bottom-width: 0px; border-left-width: 0px\" title=\"March of Dimes 2010  PR  114\" border=\"0\" alt=\"March of Dimes 2010  PR  114\" src=\"https:\/\/bobvarela.com\/wp-content\/uploads\/2010\/05\/MarchofDimes2010PR114_thumb.jpg\" width=\"124\" height=\"175\" \/><\/a><\/p>\n<p><font size=\"3\" face=\"Bookman Old Style\"><\/font><\/p>\n<p><font size=\"3\" face=\"Bookman Old Style\">Para mas fotos de la actvidad entra aqui:&#160; <\/font><a href=\"https:\/\/bobvarela.com\/fotos\/main.php?g2_itemId=19478\"><u><font color=\"#ff0000\" size=\"3\" face=\"Bookman Old Style\">March of Dimes 2010 Fotos<\/font><\/u><\/a><font size=\"3\" face=\"Bookman Old Style\">&#160;<\/font>&#160;<\/p>\n<p>&#160;<\/p>\n<p><b><font size=\"3\" face=\"Bookman Old Style\"><\/font><font face=\"Verdana\">I<\/font>nformaci\u00f3n sobre March of Dimes<\/b><\/p>\n<p><font size=\"3\" face=\"Bookman Old Style\">March of Dimes es una organizaci\u00f3n sin fines de lucro dedicada a la salud de las embarazadas y los beb\u00e9s. Esta organizaci\u00f3n tiene como finalidad mejorar la salud de los beb\u00e9s previniendo defectos de nacimientos, nacimientos prematuros y mortalidad infantil.<\/font><\/p>\n<p><font size=\"3\" face=\"Bookman Old Style\">El Cap\u00edtulo de Puerto Rico se establece en el 1996. Su Junta de Directores est\u00e1 compuesta por un grupo de voluntarios de diversos sectores empresariales y profesionales comprometidos con la misi\u00f3n de March of Dimes. Para m\u00e1s informaci\u00f3n sobre March of Dimes y la Marcha por los Beb\u00e9s, puede comunicarse al tel\u00e9fono: (787) 765-6052 o visite <a href=\"https:\/\/www.marchofdimes.com\/\">marchofdimes.com<\/a><b><\/b> o <a href=\"https:\/\/www.nacersano.org\/\">nacersano.org<\/a><b> <\/b>Las oficinas de March of Dimes est\u00e1n ubicadas en los predios del Hospital Auxilio Mutuo, en la Calle Ponce # 40 de la Urbanizaci\u00f3n Perez Morris en Hato Rey, y en el Hospital San Lucas de Ponce. Ambas Instituciones hospitalarias, auspician estas oficinas.<\/font><\/p>\n","protected":false},"excerpt":{"rendered":"<p>Con el objetivo de crear conciencia, y recaudar fondos para continuar esfuerzos de investigaci\u00f3n y educaci\u00f3n para reducir la tasa de nacimientos prematuros que hoy alcanza el 19.9% de incidencia en Puerto Rico, March of Dimes celebro su decimo cuarta&hellip;<\/p>\n<p class=\"more-link-p\"><a class=\"more-link\" href=\"https:\/\/bobvarela.com\/?p=1975\">Read more &rarr;<\/a><\/p>\n","protected":false},"author":1,"featured_media":0,"comment_status":"open","ping_status":"open","sticky":false,"template":"","format":"standard","meta":{"ngg_post_thumbnail":0,"footnotes":""},"categories":[3],"tags":[141,137,135,129,138,134,136,139,130,132,131,133,140],"class_list":["post-1975","post","type-post","status-publish","format-standard","hentry","category-actividades","tag-anibal-ribot","tag-carlos-pina","tag-el-trotamundos","tag-kany-garcia","tag-keyla-hernandez","tag-las-bandoleras","tag-los-del-camino","tag-normando-valentin","tag-sheila-romero","tag-siglo-xx1","tag-spirit-one","tag-stereo-gris","tag-zugey-lamela"],"_links":{"self":[{"href":"https:\/\/bobvarela.com\/index.php?rest_route=\/wp\/v2\/posts\/1975","targetHints":{"allow":["GET"]}}],"collection":[{"href":"https:\/\/bobvarela.com\/index.php?rest_route=\/wp\/v2\/posts"}],"about":[{"href":"https:\/\/bobvarela.com\/index.php?rest_route=\/wp\/v2\/types\/post"}],"author":[{"embeddable":true,"href":"https:\/\/bobvarela.com\/index.php?rest_route=\/wp\/v2\/users\/1"}],"replies":[{"embeddable":true,"href":"https:\/\/bobvarela.com\/index.php?rest_route=%2Fwp%2Fv2%2Fcomments&post=1975"}],"version-history":[{"count":2,"href":"https:\/\/bobvarela.com\/index.php?rest_route=\/wp\/v2\/posts\/1975\/revisions"}],"predecessor-version":[{"id":1977,"href":"https:\/\/bobvarela.com\/index.php?rest_route=\/wp\/v2\/posts\/1975\/revisions\/1977"}],"wp:attachment":[{"href":"https:\/\/bobvarela.com\/index.php?rest_route=%2Fwp%2Fv2%2Fmedia&parent=1975"}],"wp:term":[{"taxonomy":"category","embeddable":true,"href":"https:\/\/bobvarela.com\/index.php?rest_route=%2Fwp%2Fv2%2Fcategories&post=1975"},{"taxonomy":"post_tag","embeddable":true,"href":"https:\/\/bobvarela.com\/index.php?rest_route=%2Fwp%2Fv2%2Ftags&post=1975"}],"curies":[{"name":"wp","href":"https:\/\/api.w.org\/{rel}","templated":true}]}}