{"id":22298,"date":"2011-10-19T07:09:00","date_gmt":"2011-10-19T11:09:00","guid":{"rendered":"https:\/\/bobvarela.com\/?p=22298"},"modified":"2011-10-19T07:19:53","modified_gmt":"2011-10-19T11:19:53","slug":"leonardo-ros-empleado-galardonado-en-prtha-tourism-awards","status":"publish","type":"post","link":"https:\/\/bobvarela.com\/?p=22298","title":{"rendered":"LEONARDO ROS EMPLEADO GALARDONADO EN PRTHA TOURISM AWARDS"},"content":{"rendered":"<table border=\"0\" cellspacing=\"0\" cellpadding=\"2\" width=\"664\">\n<tbody>\n<tr>\n<td valign=\"top\" width=\"204\"><a href=\"https:\/\/bobvarela.com\/wp-content\/uploads\/2011\/10\/Leonardo-Ros-Concepcin.jpg\"><img loading=\"lazy\" decoding=\"async\" style=\"background-image: none; border-bottom: 0px; border-left: 0px; padding-left: 0px; padding-right: 0px; display: inline; border-top: 0px; border-right: 0px; padding-top: 0px\" title=\"Leonardo Ros Concepci&oacute;n\" border=\"0\" alt=\"Leonardo Ros Concepci&oacute;n\" src=\"https:\/\/bobvarela.com\/wp-content\/uploads\/2011\/10\/Leonardo-Ros-Concepcin_thumb.jpg\" width=\"177\" height=\"255\"\/><\/a><\/td>\n<td valign=\"top\" width=\"458\">\n<p align=\"justify\"><font size=\"3\">17 de octubre de 2011, San Juan, Puerto Rico \u2013 Leonardo Ros Concepci\u00f3n, empleado del Courtyard By Marriott Isla Verde, recibi\u00f3 un reconocimiento especial por de la Asociaci\u00f3n de Hoteles y Turismo de Puerto Rico por su extraordinaria labor como parte de nuestro equipo de trabajo, anunci\u00f3 Jos\u00e9 Pad\u00edn, gerente general de la hospeder\u00eda.<\/font>  <\/p>\n<p align=\"justify\"><font size=\"3\">Este joven de 26 a\u00f1os que padece de S\u00edndrome Down, recibi\u00f3 el reconocimiento de \u201cMeet the Challenge\u201d en la ceremonia de Tourism Industry Super Stars Awards por su dedicaci\u00f3n y excelente calidad de trabajo. Ros lleva m\u00e1s de un a\u00f1o trabajando en el Restaurante Salsa de la hospeder\u00eda. <\/font><\/p>\n<\/td>\n<\/tr>\n<\/tbody>\n<\/table>\n<p align=\"justify\"><font size=\"3\">Leonardo siempre se ha distinguido por ser muy trabajador e inteligente desde peque\u00f1o en la escuela elemental y en la pre-vocacional Casiano Cepeda de R\u00edo Grande, donde estuvo en el cuadro de honor y recibi\u00f3 varios reconocimientos en competencia de talentos, adem\u00e1s de pertenecer a la tropa 296 de los ni\u00f1os escuchas. Gracias al programa de rehabilitaci\u00f3n vocacional de Carolina, comenz\u00f3 a integrarse a la industria laboral, donde primero trabaj\u00f3 en una ferreter\u00eda y luego en el Hospital de Veteranos, hasta que lleg\u00f3 al Courtyard by Mariott Isla Verde Beach Resort en el 2010. <\/font> <\/p>\n<p align=\"justify\"><font size=\"3\">\u201cNos sentimos sumamente orgullosos de tener a Leonardo como parte de nuestro equipo de trabajo en el hotel. \u00c9l siempre ha demostrado mucho empe\u00f1o y una verdadera disposici\u00f3n para trabajar. Su compa\u00f1erismo y compromiso son ejemplares y estamos muy agradecidos de su colaboraci\u00f3n\u201d, expres\u00f3 Pad\u00edn con respecto al joven ganador.<\/font><\/p>\n<p align=\"justify\"><font size=\"3\"><a href=\"https:\/\/bobvarela.com\/wp-content\/uploads\/2011\/10\/Equipo-de-trabajo-del-Courtyard-en-la-ceremonia-de-premiacin-del-PRHTA.jpg\"><img loading=\"lazy\" decoding=\"async\" style=\"background-image: none; border-bottom: 0px; border-left: 0px; padding-left: 0px; padding-right: 0px; display: inline; border-top: 0px; border-right: 0px; padding-top: 0px\" title=\"Equipo de trabajo del Courtyard en la ceremonia de premiaci&oacute;n del PRHTA\" border=\"0\" alt=\"Equipo de trabajo del Courtyard en la ceremonia de premiaci&oacute;n del PRHTA\" src=\"https:\/\/bobvarela.com\/wp-content\/uploads\/2011\/10\/Equipo-de-trabajo-del-Courtyard-en-la-ceremonia-de-premiacin-del-PRHTA_thumb.jpg\" width=\"286\" height=\"179\"\/><\/a><a href=\"https:\/\/bobvarela.com\/wp-content\/uploads\/2011\/10\/Mario-Gonzlez-Leonardo-Ros-e-Ismael-Vega.jpg\"><img loading=\"lazy\" decoding=\"async\" style=\"background-image: none; border-bottom: 0px; border-left: 0px; padding-left: 0px; padding-right: 0px; display: inline; border-top: 0px; border-right: 0px; padding-top: 0px\" title=\"Mario Gonz&aacute;lez, Leonardo Ros e Ismael Vega\" border=\"0\" alt=\"Mario Gonz&aacute;lez, Leonardo Ros e Ismael Vega\" src=\"https:\/\/bobvarela.com\/wp-content\/uploads\/2011\/10\/Mario-Gonzlez-Leonardo-Ros-e-Ismael-Vega_thumb.jpg\" width=\"297\" height=\"175\"\/><\/a><\/font><\/p>\n","protected":false},"excerpt":{"rendered":"<p>17 de octubre de 2011, San Juan, Puerto Rico \u2013 Leonardo Ros Concepci\u00f3n, empleado del Courtyard By Marriott Isla Verde, recibi\u00f3 un reconocimiento especial por de la Asociaci\u00f3n de Hoteles y Turismo de Puerto Rico por su extraordinaria labor como&hellip;<\/p>\n<p class=\"more-link-p\"><a class=\"more-link\" href=\"https:\/\/bobvarela.com\/?p=22298\">Read more &rarr;<\/a><\/p>\n","protected":false},"author":1,"featured_media":0,"comment_status":"open","ping_status":"open","sticky":false,"template":"","format":"standard","meta":{"ngg_post_thumbnail":0,"footnotes":""},"categories":[3],"tags":[],"class_list":["post-22298","post","type-post","status-publish","format-standard","hentry","category-actividades"],"_links":{"self":[{"href":"https:\/\/bobvarela.com\/index.php?rest_route=\/wp\/v2\/posts\/22298","targetHints":{"allow":["GET"]}}],"collection":[{"href":"https:\/\/bobvarela.com\/index.php?rest_route=\/wp\/v2\/posts"}],"about":[{"href":"https:\/\/bobvarela.com\/index.php?rest_route=\/wp\/v2\/types\/post"}],"author":[{"embeddable":true,"href":"https:\/\/bobvarela.com\/index.php?rest_route=\/wp\/v2\/users\/1"}],"replies":[{"embeddable":true,"href":"https:\/\/bobvarela.com\/index.php?rest_route=%2Fwp%2Fv2%2Fcomments&post=22298"}],"version-history":[{"count":3,"href":"https:\/\/bobvarela.com\/index.php?rest_route=\/wp\/v2\/posts\/22298\/revisions"}],"predecessor-version":[{"id":22301,"href":"https:\/\/bobvarela.com\/index.php?rest_route=\/wp\/v2\/posts\/22298\/revisions\/22301"}],"wp:attachment":[{"href":"https:\/\/bobvarela.com\/index.php?rest_route=%2Fwp%2Fv2%2Fmedia&parent=22298"}],"wp:term":[{"taxonomy":"category","embeddable":true,"href":"https:\/\/bobvarela.com\/index.php?rest_route=%2Fwp%2Fv2%2Fcategories&post=22298"},{"taxonomy":"post_tag","embeddable":true,"href":"https:\/\/bobvarela.com\/index.php?rest_route=%2Fwp%2Fv2%2Ftags&post=22298"}],"curies":[{"name":"wp","href":"https:\/\/api.w.org\/{rel}","templated":true}]}}