{"id":24130,"date":"2011-11-15T07:11:26","date_gmt":"2011-11-15T11:11:26","guid":{"rendered":"https:\/\/bobvarela.com\/?p=24130"},"modified":"2011-11-15T07:13:08","modified_gmt":"2011-11-15T11:13:08","slug":"juan-colon-moda-y-sacha-garca-en-el-latino-fashion-week","status":"publish","type":"post","link":"https:\/\/bobvarela.com\/?p=24130","title":{"rendered":"Juan Colon Moda y Sacha Garc&iacute;a en el Latino Fashion Week"},"content":{"rendered":"<p align=\"justify\"><a href=\"https:\/\/bobvarela.com\/wp-content\/uploads\/2011\/11\/clip_image0021.jpg\"><img loading=\"lazy\" decoding=\"async\" style=\"background-image: none; border-bottom: 0px; border-left: 0px; padding-left: 0px; padding-right: 0px; display: inline; border-top: 0px; border-right: 0px; padding-top: 0px\" title=\"clip_image002\" border=\"0\" alt=\"clip_image002\" src=\"https:\/\/bobvarela.com\/wp-content\/uploads\/2011\/11\/clip_image002_thumb1.jpg\" width=\"192\" height=\"71\"\/><\/a>&nbsp;&nbsp;&nbsp;&nbsp;&nbsp;&nbsp;&nbsp;&nbsp;&nbsp;&nbsp;&nbsp;&nbsp;&nbsp;&nbsp;&nbsp;&nbsp;&nbsp;&nbsp;&nbsp;&nbsp;&nbsp;&nbsp;&nbsp;&nbsp;&nbsp;&nbsp;&nbsp;&nbsp;&nbsp;&nbsp;&nbsp;&nbsp;&nbsp;&nbsp;&nbsp;&nbsp;&nbsp;&nbsp;&nbsp;&nbsp;&nbsp;&nbsp;&nbsp;&nbsp; <b><i><a href=\"https:\/\/bobvarela.com\/wp-content\/uploads\/2011\/11\/clip_image0021.gif\"><img loading=\"lazy\" decoding=\"async\" style=\"background-image: none; border-bottom: 0px; border-left: 0px; padding-left: 0px; padding-right: 0px; display: inline; border-top: 0px; border-right: 0px; padding-top: 0px\" title=\"clip_image002\" border=\"0\" alt=\"clip_image002\" src=\"https:\/\/bobvarela.com\/wp-content\/uploads\/2011\/11\/clip_image002_thumb1.gif\" width=\"197\" height=\"76\"\/><\/a><\/i><\/b><font size=\"3\"><\/font> <\/p>\n<p align=\"justify\"><font size=\"3\">De 1 a 6 de noviembre en la cuidad de los vientos Chicago se celebro el Quinto Aniversario de Latino Fashion Week. Como dato curioso sabemos de la participaron de dos puertorrique\u00f1os en este evento de moda. Juan Colon Moda como dise\u00f1ador y Sacha Garc\u00eda como modelo.<\/font> <\/p>\n<p align=\"justify\"><font size=\"3\">Juan Colon Moda presento un surtido de sus obras en este desfile. Cabe destacar que fue el primer puertorrique\u00f1o en participar en el Project Runway Latin America en su segunda temporada.<\/font> <\/p>\n<p align=\"justify\"><font size=\"3\">&nbsp;<a href=\"https:\/\/bobvarela.com\/wp-content\/uploads\/2011\/11\/3.jpg\"><img loading=\"lazy\" decoding=\"async\" style=\"background-image: none; border-bottom: 0px; border-left: 0px; margin: 0px; padding-left: 0px; padding-right: 0px; display: inline; border-top: 0px; border-right: 0px; padding-top: 0px\" title=\"3\" border=\"0\" alt=\"3\" src=\"https:\/\/bobvarela.com\/wp-content\/uploads\/2011\/11\/3_thumb.jpg\" width=\"120\" height=\"184\"\/><\/a><a href=\"https:\/\/bobvarela.com\/wp-content\/uploads\/2011\/11\/4.jpg\"><img loading=\"lazy\" decoding=\"async\" style=\"background-image: none; border-bottom: 0px; border-left: 0px; margin: 0px; padding-left: 0px; padding-right: 0px; display: inline; border-top: 0px; border-right: 0px; padding-top: 0px\" title=\"4\" border=\"0\" alt=\"4\" src=\"https:\/\/bobvarela.com\/wp-content\/uploads\/2011\/11\/4_thumb.jpg\" width=\"124\" height=\"184\"\/><\/a><a href=\"https:\/\/bobvarela.com\/wp-content\/uploads\/2011\/11\/1.jpg\"><img loading=\"lazy\" decoding=\"async\" style=\"background-image: none; border-bottom: 0px; border-left: 0px; margin: 0px; padding-left: 0px; padding-right: 0px; display: inline; border-top: 0px; border-right: 0px; padding-top: 0px\" title=\"1\" border=\"0\" alt=\"1\" src=\"https:\/\/bobvarela.com\/wp-content\/uploads\/2011\/11\/1_thumb.jpg\" width=\"124\" height=\"184\"\/><\/a><a href=\"https:\/\/bobvarela.com\/wp-content\/uploads\/2011\/11\/2.jpg\"><img loading=\"lazy\" decoding=\"async\" style=\"background-image: none; border-bottom: 0px; border-left: 0px; margin: 0px; padding-left: 0px; padding-right: 0px; display: inline; border-top: 0px; border-right: 0px; padding-top: 0px\" title=\"2\" border=\"0\" alt=\"2\" src=\"https:\/\/bobvarela.com\/wp-content\/uploads\/2011\/11\/2_thumb.jpg\" width=\"94\" height=\"184\"\/><\/a><a href=\"https:\/\/bobvarela.com\/wp-content\/uploads\/2011\/11\/5.jpg\"><img loading=\"lazy\" decoding=\"async\" style=\"background-image: none; border-bottom: 0px; border-left: 0px; padding-left: 0px; padding-right: 0px; display: inline; border-top: 0px; border-right: 0px; padding-top: 0px\" title=\"5\" border=\"0\" alt=\"5\" src=\"https:\/\/bobvarela.com\/wp-content\/uploads\/2011\/11\/5_thumb.jpg\" width=\"124\" height=\"184\"\/><\/a><\/font> <\/p>\n<p align=\"justify\"><font size=\"3\">El primero de diciembre presentara en <\/font><a href=\"https:\/\/www.facebook.com\/pages\/Sheraton-Hotel-Puerto-Rico-Convention-Center-San-Juan-PR\/115988895121368\"><font size=\"3\">Sheraton Hotel, Puerto Rico Convention Center, San Juan, PR<\/font><\/a><font size=\"3\"> su colecci\u00f3n resort SEDUCTION. Esta colecci\u00f3n presentara todo lo que atrae al ser humano a la tentaci\u00f3n, no importa de la manera que sea. Es una presentaci\u00f3n de moda en telas fluidas y de mucha comodidad. El evento es libre de costo con motivo del d\u00eda internacional de la prueba del SIDA <\/font> <\/p>\n<p align=\"justify\"><font size=\"3\">Sacha Garc\u00eda recientemente fue concursante de la cuarta temporada de <i>\u201cModelo Latina: Las Vegas\u201d. <\/i>Ha engalanado la pasarela de la Semana de la Moda de Rep\u00fablica Dominicana as\u00ed como de la Semana de la Moda de Puerto Rico, donde model\u00f3 para dise\u00f1adores internacionales como Isabel Toledo, Giovanni Scutaro y Jorge Duque, ganador del Proyecto Pasarela de Moda en Am\u00e9rica Latina.<\/font>    <\/p>\n<p><a href=\"https:\/\/bobvarela.com\/wp-content\/uploads\/2011\/11\/untitled-37-of-261.jpg\"><img loading=\"lazy\" decoding=\"async\" style=\"background-image: none; border-bottom: 0px; border-left: 0px; margin: 0px; padding-left: 0px; padding-right: 0px; display: inline; border-top: 0px; border-right: 0px; padding-top: 0px\" title=\"untitled-(37-of-261)\" border=\"0\" alt=\"untitled-(37-of-261)\" src=\"https:\/\/bobvarela.com\/wp-content\/uploads\/2011\/11\/untitled-37-of-261_thumb.jpg\" width=\"124\" height=\"184\"\/><\/a><a href=\"https:\/\/bobvarela.com\/wp-content\/uploads\/2011\/11\/untitled-107-of-261.jpg\"><img loading=\"lazy\" decoding=\"async\" style=\"background-image: none; border-bottom: 0px; border-left: 0px; margin: 0px; padding-left: 0px; padding-right: 0px; display: inline; border-top: 0px; border-right: 0px; padding-top: 0px\" title=\"untitled-(107-of-261)\" border=\"0\" alt=\"untitled-(107-of-261)\" src=\"https:\/\/bobvarela.com\/wp-content\/uploads\/2011\/11\/untitled-107-of-261_thumb.jpg\" width=\"124\" height=\"184\"\/><\/a><a href=\"https:\/\/bobvarela.com\/wp-content\/uploads\/2011\/11\/sa-7.jpg\"><img loading=\"lazy\" decoding=\"async\" style=\"background-image: none; border-bottom: 0px; border-left: 0px; margin: 0px; padding-left: 0px; padding-right: 0px; display: inline; border-top: 0px; border-right: 0px; padding-top: 0px\" title=\"sa-7\" border=\"0\" alt=\"sa-7\" src=\"https:\/\/bobvarela.com\/wp-content\/uploads\/2011\/11\/sa-7_thumb.jpg\" width=\"124\" height=\"184\"\/><\/a><a href=\"https:\/\/bobvarela.com\/wp-content\/uploads\/2011\/11\/sa-2.jpg\"><img loading=\"lazy\" decoding=\"async\" style=\"background-image: none; border-bottom: 0px; border-left: 0px; padding-left: 0px; padding-right: 0px; display: inline; border-top: 0px; border-right: 0px; padding-top: 0px\" title=\"sa-2\" border=\"0\" alt=\"sa-2\" src=\"https:\/\/bobvarela.com\/wp-content\/uploads\/2011\/11\/sa-2_thumb.jpg\" width=\"124\" height=\"174\"\/><\/a><a href=\"https:\/\/bobvarela.com\/wp-content\/uploads\/2011\/11\/sa-5.jpg\"><img loading=\"lazy\" decoding=\"async\" style=\"background-image: none; border-bottom: 0px; border-left: 0px; padding-left: 0px; padding-right: 0px; display: inline; border-top: 0px; border-right: 0px; padding-top: 0px\" title=\"sa-5\" border=\"0\" alt=\"sa-5\" src=\"https:\/\/bobvarela.com\/wp-content\/uploads\/2011\/11\/sa-5_thumb.jpg\" width=\"124\" height=\"177\"\/><\/a><a href=\"https:\/\/bobvarela.com\/wp-content\/uploads\/2011\/11\/sa-4.jpg\"><img loading=\"lazy\" decoding=\"async\" style=\"background-image: none; border-bottom: 0px; border-left: 0px; padding-left: 0px; padding-right: 0px; display: inline; border-top: 0px; border-right: 0px; padding-top: 0px\" title=\"sa-4\" border=\"0\" alt=\"sa-4\" src=\"https:\/\/bobvarela.com\/wp-content\/uploads\/2011\/11\/sa-4_thumb.jpg\" width=\"190\" height=\"125\"\/><\/a><a href=\"https:\/\/bobvarela.com\/wp-content\/uploads\/2011\/11\/untitled-18-of-261.jpg\"><img loading=\"lazy\" decoding=\"async\" style=\"background-image: none; border-bottom: 0px; border-left: 0px; padding-left: 0px; padding-right: 0px; display: inline; border-top: 0px; border-right: 0px; padding-top: 0px\" title=\"untitled-(18-of-261)\" border=\"0\" alt=\"untitled-(18-of-261)\" src=\"https:\/\/bobvarela.com\/wp-content\/uploads\/2011\/11\/untitled-18-of-261_thumb.jpg\" width=\"184\" height=\"124\"\/><\/a><a href=\"https:\/\/bobvarela.com\/wp-content\/uploads\/2011\/11\/sa-8.jpg\"><img loading=\"lazy\" decoding=\"async\" style=\"background-image: none; border-bottom: 0px; border-left: 0px; padding-left: 0px; padding-right: 0px; display: inline; border-top: 0px; border-right: 0px; padding-top: 0px\" title=\"sa-8\" border=\"0\" alt=\"sa-8\" src=\"https:\/\/bobvarela.com\/wp-content\/uploads\/2011\/11\/sa-8_thumb.jpg\" width=\"186\" height=\"124\"\/><\/a><a href=\"https:\/\/bobvarela.com\/wp-content\/uploads\/2011\/11\/sa-6.jpg\"><img loading=\"lazy\" decoding=\"async\" style=\"background-image: none; border-bottom: 0px; border-left: 0px; padding-left: 0px; padding-right: 0px; display: inline; border-top: 0px; border-right: 0px; padding-top: 0px\" title=\"sa-6\" border=\"0\" alt=\"sa-6\" src=\"https:\/\/bobvarela.com\/wp-content\/uploads\/2011\/11\/sa-6_thumb.jpg\" width=\"184\" height=\"124\"\/><\/a><a href=\"https:\/\/bobvarela.com\/wp-content\/uploads\/2011\/11\/sa-3.jpg\"><img loading=\"lazy\" decoding=\"async\" style=\"background-image: none; border-bottom: 0px; border-left: 0px; padding-left: 0px; padding-right: 0px; display: inline; border-top: 0px; border-right: 0px; padding-top: 0px\" title=\"sa-3\" border=\"0\" alt=\"sa-3\" src=\"https:\/\/bobvarela.com\/wp-content\/uploads\/2011\/11\/sa-3_thumb.jpg\" width=\"185\" height=\"124\"\/><\/a><a href=\"https:\/\/bobvarela.com\/wp-content\/uploads\/2011\/11\/sa-1.jpg\"><img loading=\"lazy\" decoding=\"async\" style=\"background-image: none; border-bottom: 0px; border-left: 0px; padding-left: 0px; padding-right: 0px; display: inline; border-top: 0px; border-right: 0px; padding-top: 0px\" title=\"sa-1\" border=\"0\" alt=\"sa-1\" src=\"https:\/\/bobvarela.com\/wp-content\/uploads\/2011\/11\/sa-1_thumb.jpg\" width=\"160\" height=\"124\"\/><\/a><\/p>\n","protected":false},"excerpt":{"rendered":"<p>&nbsp;&nbsp;&nbsp;&nbsp;&nbsp;&nbsp;&nbsp;&nbsp;&nbsp;&nbsp;&nbsp;&nbsp;&nbsp;&nbsp;&nbsp;&nbsp;&nbsp;&nbsp;&nbsp;&nbsp;&nbsp;&nbsp;&nbsp;&nbsp;&nbsp;&nbsp;&nbsp;&nbsp;&nbsp;&nbsp;&nbsp;&nbsp;&nbsp;&nbsp;&nbsp;&nbsp;&nbsp;&nbsp;&nbsp;&nbsp;&nbsp;&nbsp;&nbsp;&nbsp; De 1 a 6 de noviembre en la cuidad de los vientos Chicago se celebro el Quinto Aniversario de Latino Fashion Week. Como dato curioso sabemos de la participaron de dos puertorrique\u00f1os en este evento de moda. Juan Colon&hellip;<\/p>\n<p class=\"more-link-p\"><a class=\"more-link\" href=\"https:\/\/bobvarela.com\/?p=24130\">Read more &rarr;<\/a><\/p>\n","protected":false},"author":1,"featured_media":0,"comment_status":"open","ping_status":"open","sticky":false,"template":"","format":"standard","meta":{"ngg_post_thumbnail":0,"footnotes":""},"categories":[4],"tags":[],"class_list":["post-24130","post","type-post","status-publish","format-standard","hentry","category-moda"],"_links":{"self":[{"href":"https:\/\/bobvarela.com\/index.php?rest_route=\/wp\/v2\/posts\/24130","targetHints":{"allow":["GET"]}}],"collection":[{"href":"https:\/\/bobvarela.com\/index.php?rest_route=\/wp\/v2\/posts"}],"about":[{"href":"https:\/\/bobvarela.com\/index.php?rest_route=\/wp\/v2\/types\/post"}],"author":[{"embeddable":true,"href":"https:\/\/bobvarela.com\/index.php?rest_route=\/wp\/v2\/users\/1"}],"replies":[{"embeddable":true,"href":"https:\/\/bobvarela.com\/index.php?rest_route=%2Fwp%2Fv2%2Fcomments&post=24130"}],"version-history":[{"count":1,"href":"https:\/\/bobvarela.com\/index.php?rest_route=\/wp\/v2\/posts\/24130\/revisions"}],"predecessor-version":[{"id":24131,"href":"https:\/\/bobvarela.com\/index.php?rest_route=\/wp\/v2\/posts\/24130\/revisions\/24131"}],"wp:attachment":[{"href":"https:\/\/bobvarela.com\/index.php?rest_route=%2Fwp%2Fv2%2Fmedia&parent=24130"}],"wp:term":[{"taxonomy":"category","embeddable":true,"href":"https:\/\/bobvarela.com\/index.php?rest_route=%2Fwp%2Fv2%2Fcategories&post=24130"},{"taxonomy":"post_tag","embeddable":true,"href":"https:\/\/bobvarela.com\/index.php?rest_route=%2Fwp%2Fv2%2Ftags&post=24130"}],"curies":[{"name":"wp","href":"https:\/\/api.w.org\/{rel}","templated":true}]}}