{"id":25994,"date":"2012-01-03T17:00:09","date_gmt":"2012-01-03T21:00:09","guid":{"rendered":"https:\/\/bobvarela.com\/?p=25994"},"modified":"2012-01-03T17:01:50","modified_gmt":"2012-01-03T21:01:50","slug":"renew-despedida-de-ao-en-hotel-la-concha","status":"publish","type":"post","link":"https:\/\/bobvarela.com\/?p=25994","title":{"rendered":"Renew: Despedida de A&ntilde;o en Hotel La Concha"},"content":{"rendered":"<p><font size=\"3\">El 31 de diciembre celebraron en el hotel La Concha la despedida de a\u00f1o titulado \u201cRenew\u201d. Aqu\u00ed recibimos el a\u00f1o con la m\u00fasica de Cuenta Regresiva y con DJ X-Man y Jorge Salgado entre otros. Presentamos algunas de las fotos que se tomaron esa noche<\/font>  <\/p>\n<p><font size=\"3\"><\/font>&nbsp;<a href=\"https:\/\/www.youtube.com\/watch?v=fwkCLDv6Xeg&amp;feature=youtube_gdata\"> <\/p>\n<div style=\"padding-bottom: 0px; margin: 0px; padding-left: 0px; padding-right: 0px; display: inline; float: none; padding-top: 0px\" id=\"scid:5737277B-5D6D-4f48-ABFC-DD9C333F4C5D:0ab862bd-962c-4e16-94d7-4e69faaac74e\" class=\"wlWriterEditableSmartContent\">\n<div><object width=\"524\" height=\"293\"><param name=\"movie\" value=\"https:\/\/www.youtube.com\/v\/fwkCLDv6Xeg?hl=en&amp;hd=1\"><\/param><embed src=\"https:\/\/www.youtube.com\/v\/fwkCLDv6Xeg?hl=en&amp;hd=1\" type=\"application\/x-shockwave-flash\" width=\"524\" height=\"293\"><\/embed><\/object><\/div>\n<\/div>\n<p><\/a><\/p>\n<p><a href=\"https:\/\/bobvarela.com\/wp-content\/uploads\/2012\/01\/Renew-2011-12-3.jpg\"><img loading=\"lazy\" decoding=\"async\" style=\"background-image: none; border-right-width: 0px; padding-left: 0px; padding-right: 0px; display: inline; border-top-width: 0px; border-bottom-width: 0px; border-left-width: 0px; padding-top: 0px\" title=\"Despedida de a&ntilde;o 2011 llevado a cabo en el Hotel La Concha\" border=\"0\" alt=\"Despedida de a&ntilde;o 2011 llevado a cabo en el Hotel La Concha\" src=\"https:\/\/bobvarela.com\/wp-content\/uploads\/2012\/01\/Renew-2011-12-3_thumb.jpg\" width=\"184\" height=\"124\"\/><\/a><a href=\"https:\/\/bobvarela.com\/wp-content\/uploads\/2012\/01\/Renew-2011-12-9.jpg\"><img loading=\"lazy\" decoding=\"async\" style=\"background-image: none; border-right-width: 0px; padding-left: 0px; padding-right: 0px; display: inline; border-top-width: 0px; border-bottom-width: 0px; border-left-width: 0px; padding-top: 0px\" title=\"Despedida de a&ntilde;o 2011 llevado a cabo en el Hotel La Concha\" border=\"0\" alt=\"Despedida de a&ntilde;o 2011 llevado a cabo en el Hotel La Concha\" src=\"https:\/\/bobvarela.com\/wp-content\/uploads\/2012\/01\/Renew-2011-12-9_thumb.jpg\" width=\"184\" height=\"124\"\/><\/a><a href=\"https:\/\/bobvarela.com\/wp-content\/uploads\/2012\/01\/Renew-2011-12-19.jpg\"><img loading=\"lazy\" decoding=\"async\" style=\"background-image: none; border-right-width: 0px; padding-left: 0px; padding-right: 0px; display: inline; border-top-width: 0px; border-bottom-width: 0px; border-left-width: 0px; padding-top: 0px\" title=\"Despedida de a&ntilde;o 2011 llevado a cabo en el Hotel La Concha\" border=\"0\" alt=\"Despedida de a&ntilde;o 2011 llevado a cabo en el Hotel La Concha\" src=\"https:\/\/bobvarela.com\/wp-content\/uploads\/2012\/01\/Renew-2011-12-19_thumb.jpg\" width=\"184\" height=\"124\"\/><\/a><a href=\"https:\/\/bobvarela.com\/wp-content\/uploads\/2012\/01\/Renew-2011-12-33.jpg\"><img loading=\"lazy\" decoding=\"async\" style=\"background-image: none; border-right-width: 0px; padding-left: 0px; padding-right: 0px; display: inline; border-top-width: 0px; border-bottom-width: 0px; border-left-width: 0px; padding-top: 0px\" title=\"Despedida de a&ntilde;o 2011 llevado a cabo en el Hotel La Concha\" border=\"0\" alt=\"Despedida de a&ntilde;o 2011 llevado a cabo en el Hotel La Concha\" src=\"https:\/\/bobvarela.com\/wp-content\/uploads\/2012\/01\/Renew-2011-12-33_thumb.jpg\" width=\"184\" height=\"124\"\/><\/a><a href=\"https:\/\/bobvarela.com\/wp-content\/uploads\/2012\/01\/Renew-2011-12-35.jpg\"><img loading=\"lazy\" decoding=\"async\" style=\"background-image: none; border-right-width: 0px; padding-left: 0px; padding-right: 0px; display: inline; border-top-width: 0px; border-bottom-width: 0px; border-left-width: 0px; padding-top: 0px\" title=\"Despedida de a&ntilde;o 2011 llevado a cabo en el Hotel La Concha\" border=\"0\" alt=\"Despedida de a&ntilde;o 2011 llevado a cabo en el Hotel La Concha\" src=\"https:\/\/bobvarela.com\/wp-content\/uploads\/2012\/01\/Renew-2011-12-35_thumb.jpg\" width=\"184\" height=\"124\"\/><\/a><a href=\"https:\/\/bobvarela.com\/wp-content\/uploads\/2012\/01\/Renew-2011-12-38.jpg\"><img loading=\"lazy\" decoding=\"async\" style=\"background-image: none; border-right-width: 0px; padding-left: 0px; padding-right: 0px; display: inline; border-top-width: 0px; border-bottom-width: 0px; border-left-width: 0px; padding-top: 0px\" title=\"Despedida de a&ntilde;o 2011 llevado a cabo en el Hotel La Concha\" border=\"0\" alt=\"Despedida de a&ntilde;o 2011 llevado a cabo en el Hotel La Concha\" src=\"https:\/\/bobvarela.com\/wp-content\/uploads\/2012\/01\/Renew-2011-12-38_thumb.jpg\" width=\"184\" height=\"124\"\/><\/a><a href=\"https:\/\/bobvarela.com\/wp-content\/uploads\/2012\/01\/Renew-2011-12-40.jpg\"><img loading=\"lazy\" decoding=\"async\" style=\"background-image: none; border-right-width: 0px; padding-left: 0px; padding-right: 0px; display: inline; border-top-width: 0px; border-bottom-width: 0px; border-left-width: 0px; padding-top: 0px\" title=\"Despedida de a&ntilde;o 2011 llevado a cabo en el Hotel La Concha\" border=\"0\" alt=\"Despedida de a&ntilde;o 2011 llevado a cabo en el Hotel La Concha\" src=\"https:\/\/bobvarela.com\/wp-content\/uploads\/2012\/01\/Renew-2011-12-40_thumb.jpg\" width=\"184\" height=\"124\"\/><\/a><a href=\"https:\/\/bobvarela.com\/wp-content\/uploads\/2012\/01\/Renew-2011-12-44.jpg\"><img loading=\"lazy\" decoding=\"async\" style=\"background-image: none; border-right-width: 0px; padding-left: 0px; padding-right: 0px; display: inline; border-top-width: 0px; border-bottom-width: 0px; border-left-width: 0px; padding-top: 0px\" title=\"Despedida de a&ntilde;o 2011 llevado a cabo en el Hotel La Concha\" border=\"0\" alt=\"Despedida de a&ntilde;o 2011 llevado a cabo en el Hotel La Concha\" src=\"https:\/\/bobvarela.com\/wp-content\/uploads\/2012\/01\/Renew-2011-12-44_thumb.jpg\" width=\"184\" height=\"124\"\/><\/a><a href=\"https:\/\/bobvarela.com\/wp-content\/uploads\/2012\/01\/Renew-2011-12-49.jpg\"><img loading=\"lazy\" decoding=\"async\" style=\"background-image: none; border-right-width: 0px; padding-left: 0px; padding-right: 0px; display: inline; border-top-width: 0px; border-bottom-width: 0px; border-left-width: 0px; padding-top: 0px\" title=\"Despedida de a&ntilde;o 2011 llevado a cabo en el Hotel La Concha\" border=\"0\" alt=\"Despedida de a&ntilde;o 2011 llevado a cabo en el Hotel La Concha\" src=\"https:\/\/bobvarela.com\/wp-content\/uploads\/2012\/01\/Renew-2011-12-49_thumb.jpg\" width=\"184\" height=\"124\"\/><\/a><a href=\"https:\/\/bobvarela.com\/wp-content\/uploads\/2012\/01\/Renew-2011-12-51.jpg\"><img loading=\"lazy\" decoding=\"async\" style=\"background-image: none; border-right-width: 0px; padding-left: 0px; padding-right: 0px; display: inline; border-top-width: 0px; border-bottom-width: 0px; border-left-width: 0px; padding-top: 0px\" title=\"Despedida de a&ntilde;o 2011 llevado a cabo en el Hotel La Concha\" border=\"0\" alt=\"Despedida de a&ntilde;o 2011 llevado a cabo en el Hotel La Concha\" src=\"https:\/\/bobvarela.com\/wp-content\/uploads\/2012\/01\/Renew-2011-12-51_thumb.jpg\" width=\"184\" height=\"124\"\/><\/a><a href=\"https:\/\/bobvarela.com\/wp-content\/uploads\/2012\/01\/Renew-2011-12-57.jpg\"><img loading=\"lazy\" decoding=\"async\" style=\"background-image: none; border-right-width: 0px; padding-left: 0px; padding-right: 0px; display: inline; border-top-width: 0px; border-bottom-width: 0px; border-left-width: 0px; padding-top: 0px\" title=\"Despedida de a&ntilde;o 2011 llevado a cabo en el Hotel La Concha\" border=\"0\" alt=\"Despedida de a&ntilde;o 2011 llevado a cabo en el Hotel La Concha\" src=\"https:\/\/bobvarela.com\/wp-content\/uploads\/2012\/01\/Renew-2011-12-57_thumb.jpg\" width=\"184\" height=\"124\"\/><\/a><a href=\"https:\/\/bobvarela.com\/wp-content\/uploads\/2012\/01\/Renew-2011-12-58.jpg\"><img loading=\"lazy\" decoding=\"async\" style=\"background-image: none; border-right-width: 0px; padding-left: 0px; padding-right: 0px; display: inline; border-top-width: 0px; border-bottom-width: 0px; border-left-width: 0px; padding-top: 0px\" title=\"Despedida de a&ntilde;o 2011 llevado a cabo en el Hotel La Concha\" border=\"0\" alt=\"Despedida de a&ntilde;o 2011 llevado a cabo en el Hotel La Concha\" src=\"https:\/\/bobvarela.com\/wp-content\/uploads\/2012\/01\/Renew-2011-12-58_thumb.jpg\" width=\"184\" height=\"124\"\/><\/a><a href=\"https:\/\/bobvarela.com\/wp-content\/uploads\/2012\/01\/Renew-2011-12-59.jpg\"><img loading=\"lazy\" decoding=\"async\" style=\"background-image: none; border-right-width: 0px; padding-left: 0px; padding-right: 0px; display: inline; border-top-width: 0px; border-bottom-width: 0px; border-left-width: 0px; padding-top: 0px\" title=\"Despedida de a&ntilde;o 2011 llevado a cabo en el Hotel La Concha\" border=\"0\" alt=\"Despedida de a&ntilde;o 2011 llevado a cabo en el Hotel La Concha\" src=\"https:\/\/bobvarela.com\/wp-content\/uploads\/2012\/01\/Renew-2011-12-59_thumb.jpg\" width=\"184\" height=\"124\"\/><\/a><a href=\"https:\/\/bobvarela.com\/wp-content\/uploads\/2012\/01\/Renew-2011-12-62.jpg\"><img loading=\"lazy\" decoding=\"async\" style=\"background-image: none; border-right-width: 0px; padding-left: 0px; padding-right: 0px; display: inline; border-top-width: 0px; border-bottom-width: 0px; border-left-width: 0px; padding-top: 0px\" title=\"Despedida de a&ntilde;o 2011 llevado a cabo en el Hotel La Concha\" border=\"0\" alt=\"Despedida de a&ntilde;o 2011 llevado a cabo en el Hotel La Concha\" src=\"https:\/\/bobvarela.com\/wp-content\/uploads\/2012\/01\/Renew-2011-12-62_thumb.jpg\" width=\"184\" height=\"124\"\/><\/a><a href=\"https:\/\/bobvarela.com\/wp-content\/uploads\/2012\/01\/Renew-2011-12-66.jpg\"><img loading=\"lazy\" decoding=\"async\" style=\"background-image: none; border-right-width: 0px; padding-left: 0px; padding-right: 0px; display: inline; border-top-width: 0px; border-bottom-width: 0px; border-left-width: 0px; padding-top: 0px\" title=\"Despedida de a&ntilde;o 2011 llevado a cabo en el Hotel La Concha\" border=\"0\" alt=\"Despedida de a&ntilde;o 2011 llevado a cabo en el Hotel La Concha\" src=\"https:\/\/bobvarela.com\/wp-content\/uploads\/2012\/01\/Renew-2011-12-66_thumb.jpg\" width=\"184\" height=\"124\"\/><\/a><a href=\"https:\/\/bobvarela.com\/wp-content\/uploads\/2012\/01\/Renew-2011-12-67.jpg\"><img loading=\"lazy\" decoding=\"async\" style=\"background-image: none; border-right-width: 0px; padding-left: 0px; padding-right: 0px; display: inline; border-top-width: 0px; border-bottom-width: 0px; border-left-width: 0px; padding-top: 0px\" title=\"Despedida de a&ntilde;o 2011 llevado a cabo en el Hotel La Concha\" border=\"0\" alt=\"Despedida de a&ntilde;o 2011 llevado a cabo en el Hotel La Concha\" src=\"https:\/\/bobvarela.com\/wp-content\/uploads\/2012\/01\/Renew-2011-12-67_thumb.jpg\" width=\"184\" height=\"124\"\/><\/a><a href=\"https:\/\/bobvarela.com\/wp-content\/uploads\/2012\/01\/Renew-2011-12-70.jpg\"><img loading=\"lazy\" decoding=\"async\" style=\"background-image: none; border-right-width: 0px; padding-left: 0px; padding-right: 0px; display: inline; border-top-width: 0px; border-bottom-width: 0px; border-left-width: 0px; padding-top: 0px\" title=\"Despedida de a&ntilde;o 2011 llevado a cabo en el Hotel La Concha\" border=\"0\" alt=\"Despedida de a&ntilde;o 2011 llevado a cabo en el Hotel La Concha\" src=\"https:\/\/bobvarela.com\/wp-content\/uploads\/2012\/01\/Renew-2011-12-70_thumb.jpg\" width=\"184\" height=\"124\"\/><\/a><a href=\"https:\/\/bobvarela.com\/wp-content\/uploads\/2012\/01\/Renew-2011-12-76.jpg\"><img loading=\"lazy\" decoding=\"async\" style=\"background-image: none; border-right-width: 0px; padding-left: 0px; padding-right: 0px; display: inline; border-top-width: 0px; border-bottom-width: 0px; border-left-width: 0px; padding-top: 0px\" title=\"Despedida de a&ntilde;o 2011 llevado a cabo en el Hotel La Concha\" border=\"0\" alt=\"Despedida de a&ntilde;o 2011 llevado a cabo en el Hotel La Concha\" src=\"https:\/\/bobvarela.com\/wp-content\/uploads\/2012\/01\/Renew-2011-12-76_thumb.jpg\" width=\"184\" height=\"124\"\/><\/a><a href=\"https:\/\/bobvarela.com\/wp-content\/uploads\/2012\/01\/Renew-2011-12-79.jpg\"><img loading=\"lazy\" decoding=\"async\" style=\"background-image: none; border-right-width: 0px; padding-left: 0px; padding-right: 0px; display: inline; border-top-width: 0px; border-bottom-width: 0px; border-left-width: 0px; padding-top: 0px\" title=\"Despedida de a&ntilde;o 2011 llevado a cabo en el Hotel La Concha\" border=\"0\" alt=\"Despedida de a&ntilde;o 2011 llevado a cabo en el Hotel La Concha\" src=\"https:\/\/bobvarela.com\/wp-content\/uploads\/2012\/01\/Renew-2011-12-79_thumb.jpg\" width=\"184\" height=\"124\"\/><\/a><a href=\"https:\/\/bobvarela.com\/wp-content\/uploads\/2012\/01\/Renew-2011-12-82.jpg\"><img loading=\"lazy\" decoding=\"async\" style=\"background-image: none; border-right-width: 0px; padding-left: 0px; padding-right: 0px; display: inline; border-top-width: 0px; border-bottom-width: 0px; border-left-width: 0px; padding-top: 0px\" title=\"Despedida de a&ntilde;o 2011 llevado a cabo en el Hotel La Concha\" border=\"0\" alt=\"Despedida de a&ntilde;o 2011 llevado a cabo en el Hotel La Concha\" src=\"https:\/\/bobvarela.com\/wp-content\/uploads\/2012\/01\/Renew-2011-12-82_thumb.jpg\" width=\"184\" height=\"124\"\/><\/a><a href=\"https:\/\/bobvarela.com\/wp-content\/uploads\/2012\/01\/Renew-2011-12-83.jpg\"><img loading=\"lazy\" decoding=\"async\" style=\"background-image: none; border-right-width: 0px; padding-left: 0px; padding-right: 0px; display: inline; border-top-width: 0px; border-bottom-width: 0px; border-left-width: 0px; padding-top: 0px\" title=\"Despedida de a&ntilde;o 2011 llevado a cabo en el Hotel La Concha\" border=\"0\" alt=\"Despedida de a&ntilde;o 2011 llevado a cabo en el Hotel La Concha\" src=\"https:\/\/bobvarela.com\/wp-content\/uploads\/2012\/01\/Renew-2011-12-83_thumb.jpg\" width=\"184\" height=\"124\"\/><\/a><a href=\"https:\/\/bobvarela.com\/wp-content\/uploads\/2012\/01\/Renew-2011-12-85.jpg\"><img loading=\"lazy\" decoding=\"async\" style=\"background-image: none; border-right-width: 0px; padding-left: 0px; padding-right: 0px; display: inline; border-top-width: 0px; border-bottom-width: 0px; border-left-width: 0px; padding-top: 0px\" title=\"Despedida de a&ntilde;o 2011 llevado a cabo en el Hotel La Concha\" border=\"0\" alt=\"Despedida de a&ntilde;o 2011 llevado a cabo en el Hotel La Concha\" src=\"https:\/\/bobvarela.com\/wp-content\/uploads\/2012\/01\/Renew-2011-12-85_thumb.jpg\" width=\"184\" height=\"124\"\/><\/a><a href=\"https:\/\/bobvarela.com\/wp-content\/uploads\/2012\/01\/Renew-2011-12-86.jpg\"><img loading=\"lazy\" decoding=\"async\" style=\"background-image: none; border-right-width: 0px; padding-left: 0px; padding-right: 0px; display: inline; border-top-width: 0px; border-bottom-width: 0px; border-left-width: 0px; padding-top: 0px\" title=\"Despedida de a&ntilde;o 2011 llevado a cabo en el Hotel La Concha\" border=\"0\" alt=\"Despedida de a&ntilde;o 2011 llevado a cabo en el Hotel La Concha\" src=\"https:\/\/bobvarela.com\/wp-content\/uploads\/2012\/01\/Renew-2011-12-86_thumb.jpg\" width=\"184\" height=\"124\"\/><\/a><a href=\"https:\/\/bobvarela.com\/wp-content\/uploads\/2012\/01\/Renew-2011-12-87.jpg\"><img loading=\"lazy\" decoding=\"async\" style=\"background-image: none; border-right-width: 0px; padding-left: 0px; padding-right: 0px; display: inline; border-top-width: 0px; border-bottom-width: 0px; border-left-width: 0px; padding-top: 0px\" title=\"Despedida de a&ntilde;o 2011 llevado a cabo en el Hotel La Concha\" border=\"0\" alt=\"Despedida de a&ntilde;o 2011 llevado a cabo en el Hotel La Concha\" src=\"https:\/\/bobvarela.com\/wp-content\/uploads\/2012\/01\/Renew-2011-12-87_thumb.jpg\" width=\"184\" height=\"124\"\/><\/a><a href=\"https:\/\/bobvarela.com\/wp-content\/uploads\/2012\/01\/Renew-2011-12-88.jpg\"><img loading=\"lazy\" decoding=\"async\" style=\"background-image: none; border-right-width: 0px; padding-left: 0px; padding-right: 0px; display: inline; border-top-width: 0px; border-bottom-width: 0px; border-left-width: 0px; padding-top: 0px\" title=\"Despedida de a&ntilde;o 2011 llevado a cabo en el Hotel La Concha\" border=\"0\" alt=\"Despedida de a&ntilde;o 2011 llevado a cabo en el Hotel La Concha\" src=\"https:\/\/bobvarela.com\/wp-content\/uploads\/2012\/01\/Renew-2011-12-88_thumb.jpg\" width=\"184\" height=\"124\"\/><\/a><a href=\"https:\/\/bobvarela.com\/wp-content\/uploads\/2012\/01\/Renew-2011-12-91.jpg\"><img loading=\"lazy\" decoding=\"async\" style=\"background-image: none; border-right-width: 0px; padding-left: 0px; padding-right: 0px; display: inline; border-top-width: 0px; border-bottom-width: 0px; border-left-width: 0px; padding-top: 0px\" title=\"Despedida de a&ntilde;o 2011 llevado a cabo en el Hotel La Concha\" border=\"0\" alt=\"Despedida de a&ntilde;o 2011 llevado a cabo en el Hotel La Concha\" src=\"https:\/\/bobvarela.com\/wp-content\/uploads\/2012\/01\/Renew-2011-12-91_thumb.jpg\" width=\"184\" height=\"124\"\/><\/a><a href=\"https:\/\/bobvarela.com\/wp-content\/uploads\/2012\/01\/Renew-2011-12-95.jpg\"><img loading=\"lazy\" decoding=\"async\" style=\"background-image: none; border-right-width: 0px; padding-left: 0px; padding-right: 0px; display: inline; border-top-width: 0px; border-bottom-width: 0px; border-left-width: 0px; padding-top: 0px\" title=\"Despedida de a&ntilde;o 2011 llevado a cabo en el Hotel La Concha\" border=\"0\" alt=\"Despedida de a&ntilde;o 2011 llevado a cabo en el Hotel La Concha\" src=\"https:\/\/bobvarela.com\/wp-content\/uploads\/2012\/01\/Renew-2011-12-95_thumb.jpg\" width=\"184\" height=\"124\"\/><\/a><\/p>\n<p><font size=\"3\">Para mas fotos entra aqui: <a href=\"https:\/\/www.facebook.com\/Bobvarela.Inc#!\/media\/set\/?set=a.10150468876843668.367781.170458963667&amp;type=1\"><strong><u>Despedida de A\u00f1o&nbsp; 2011<\/u><\/strong><\/a><\/font><\/p>\n<p><font size=\"3\"><\/font><\/p>\n","protected":false},"excerpt":{"rendered":"<p>El 31 de diciembre celebraron en el hotel La Concha la despedida de a\u00f1o titulado \u201cRenew\u201d. Aqu\u00ed recibimos el a\u00f1o con la m\u00fasica de Cuenta Regresiva y con DJ X-Man y Jorge Salgado entre otros. Presentamos algunas de las fotos&hellip;<\/p>\n<p class=\"more-link-p\"><a class=\"more-link\" href=\"https:\/\/bobvarela.com\/?p=25994\">Read more &rarr;<\/a><\/p>\n","protected":false},"author":1,"featured_media":0,"comment_status":"open","ping_status":"open","sticky":false,"template":"","format":"standard","meta":{"ngg_post_thumbnail":0,"footnotes":""},"categories":[3,127],"tags":[405],"class_list":["post-25994","post","type-post","status-publish","format-standard","hentry","category-actividades","category-musica","tag-hotel-la-concha"],"_links":{"self":[{"href":"https:\/\/bobvarela.com\/index.php?rest_route=\/wp\/v2\/posts\/25994","targetHints":{"allow":["GET"]}}],"collection":[{"href":"https:\/\/bobvarela.com\/index.php?rest_route=\/wp\/v2\/posts"}],"about":[{"href":"https:\/\/bobvarela.com\/index.php?rest_route=\/wp\/v2\/types\/post"}],"author":[{"embeddable":true,"href":"https:\/\/bobvarela.com\/index.php?rest_route=\/wp\/v2\/users\/1"}],"replies":[{"embeddable":true,"href":"https:\/\/bobvarela.com\/index.php?rest_route=%2Fwp%2Fv2%2Fcomments&post=25994"}],"version-history":[{"count":3,"href":"https:\/\/bobvarela.com\/index.php?rest_route=\/wp\/v2\/posts\/25994\/revisions"}],"predecessor-version":[{"id":25997,"href":"https:\/\/bobvarela.com\/index.php?rest_route=\/wp\/v2\/posts\/25994\/revisions\/25997"}],"wp:attachment":[{"href":"https:\/\/bobvarela.com\/index.php?rest_route=%2Fwp%2Fv2%2Fmedia&parent=25994"}],"wp:term":[{"taxonomy":"category","embeddable":true,"href":"https:\/\/bobvarela.com\/index.php?rest_route=%2Fwp%2Fv2%2Fcategories&post=25994"},{"taxonomy":"post_tag","embeddable":true,"href":"https:\/\/bobvarela.com\/index.php?rest_route=%2Fwp%2Fv2%2Ftags&post=25994"}],"curies":[{"name":"wp","href":"https:\/\/api.w.org\/{rel}","templated":true}]}}