{"id":26001,"date":"2012-01-09T10:34:30","date_gmt":"2012-01-09T14:34:30","guid":{"rendered":"https:\/\/bobvarela.com\/?p=26001"},"modified":"2012-01-09T10:34:31","modified_gmt":"2012-01-09T14:34:31","slug":"feliciano-recibir-el-premio-nacional-san-sebastin-de-puerto-rico-por-su-contribucin-a-la-cultura-del-pas","status":"publish","type":"post","link":"https:\/\/bobvarela.com\/?p=26001","title":{"rendered":"Feliciano recibir&aacute; el Premio Nacional San Sebasti&aacute;n de Puerto Rico por su contribuci&oacute;n a la cultura del pa&iacute;s"},"content":{"rendered":"<p><strong><a href=\"https:\/\/bobvarela.com\/wp-content\/uploads\/2012\/01\/Jose-Feliciano-Oficial-LR.jpg\"><img loading=\"lazy\" decoding=\"async\" style=\"background-image: none; border-bottom: 0px; border-left: 0px; padding-left: 0px; padding-right: 0px; display: block; float: none; margin-left: auto; border-top: 0px; margin-right: auto; border-right: 0px; padding-top: 0px\" title=\"Jose Feliciano Oficial LR\" border=\"0\" alt=\"Jose Feliciano Oficial LR\" src=\"https:\/\/bobvarela.com\/wp-content\/uploads\/2012\/01\/Jose-Feliciano-Oficial-LR_thumb.jpg\" width=\"412\" height=\"248\" \/><\/a><\/strong><\/p>\n<p align=\"justify\"><font size=\"3\"><strong>Miami, Florida | 9 de enero del 2012 | Media Force Communications<\/strong> \u2013 El cantante, compositor y guitarrista boricua Jos\u00e9 Feliciano viajar\u00e1 a Puerto Rico del 11 al 13 de enero para recoger el Premio Nacional San Sebasti\u00e1n, otorgado &quot;por su trayectoria musical a nivel mundial por m\u00e1s de cinco d\u00e9cadas, por su conducta intachable, por reconocer que es de Puerto Rico, por participar en causas ben\u00e9ficas, y por probarle al mundo que no hay impedimento para triunfar en la vida\u201d, seg\u00fan anunci\u00f3 el presidente del evento Luis Arroyo.<\/font><\/p>\n<p align=\"justify\"><font size=\"3\">Las fiestas nacionales de San Sebasti\u00e1n del Viejo San Juan se han convertido en el evento cultural m\u00e1s importante de Puerto Rico, consisten en procesiones de Los Cabezudos, el Baile de Epoca, la Feria del Libro, la Feria de Artesan\u00eda, un festival infantil, misas, concursos y la actuaci\u00f3n de 50 grupos musicales, es una fiesta donde se mezcla la tradici\u00f3n santoral con las artes populares y cultas.<\/font><\/p>\n<p align=\"justify\"><font size=\"3\">El a\u00f1o pasado se homenaje\u00f3 a Ricky Martin y el anterior a Tito Nieves, este a\u00f1o se honrar\u00e1 a Jos\u00e9 Feliciano el d\u00eda 12 de enero a las 6 de la tarde en la Plaza del Quinto Centenario, junto al maestro gr\u00e1fico Luis Alonso y al \u00eddolo deportista subcampe\u00f3n mundial de atletismo Javier Culson.<\/font><\/p>\n<p align=\"justify\"><font size=\"3\">Jos\u00e9 Montserrate Feliciano Garc\u00eda, nombre completo del artista, ofrecer\u00e1 entrevistas a los medios de comunicaci\u00f3n nacionales e internacionales durante los d\u00edas 11 al 13 de enero en San Juan, Puerto Rico. El se\u00f1or Feliciano estar\u00e1 viniendo de Memphis, donde ha sido invitado a cantar durante el cumplea\u00f1os de Elvis Presley en Graceland, Memphis, durante el 7 de enero.<\/font><\/p>\n<p align=\"justify\"><font size=\"3\">El nuevo \u00e1lbum de Jos\u00e9, Elvis Presley by Jos\u00e9 Feliciano, que saldr\u00e1 al mercado en abril de este a\u00f1o, ya cuenta con todo el apoyo de los fans de Elvis. El primer sencillo a promocionar ser\u00e1 &quot;All Shook Up\u201d, una de las m\u00edticas canciones de Elvis en la que cuenta como se siente un hombre enamorado con un toque de humor.<\/font><\/p>\n<p align=\"justify\"><font size=\"3\">Feliciano se encuentra trabajando mucho alrededor de todo el mundo, ofreciendo conciertos y recibiendo grandes premios y reconocimientos como el Lifetime Achievment Award de la Academia de los Grammys\u00ae Latinos en Las Vegas, o el recientemente Caf\u00e9 Don Jos\u00e9 Feliciano inaugurado en Viena. Adem\u00e1s est\u00e1 terminando tambi\u00e9n un \u00e1lbum en espa\u00f1ol llamado Alma Rebelde, en el que sorprender\u00e1 a sus seguidores con un trabajo nacido de lo m\u00e1s profundo de su ser.<\/font><\/p>\n<p>###<\/p>\n<p><strong>Ahora puede seguir a Jos\u00e9 Feliciano en Twitter <a href=\"https:\/\/mediaforceus.activehosted.com\/lt.php?c=15&amp;m=18&amp;nl=1&amp;s=e402561a19c855a1f86e7da3ac92e661&amp;lid=78&amp;l=-https--twitter.com\/--PND-!\/01josefeliciano\">@01Josefeliciano<\/a> para espa\u00f1ol y <a href=\"https:\/\/mediaforceus.activehosted.com\/lt.php?c=15&amp;m=18&amp;nl=1&amp;s=e402561a19c855a1f86e7da3ac92e661&amp;lid=77&amp;l=-https--twitter.com\/--PND-!\/a1josefeliciano\">@a1Josefeliciano<\/a> para el mercado anglosaj\u00f3n.<\/strong><\/p>\n","protected":false},"excerpt":{"rendered":"<p>Miami, Florida | 9 de enero del 2012 | Media Force Communications \u2013 El cantante, compositor y guitarrista boricua Jos\u00e9 Feliciano viajar\u00e1 a Puerto Rico del 11 al 13 de enero para recoger el Premio Nacional San Sebasti\u00e1n, otorgado &quot;por&hellip;<\/p>\n<p class=\"more-link-p\"><a class=\"more-link\" href=\"https:\/\/bobvarela.com\/?p=26001\">Read more &rarr;<\/a><\/p>\n","protected":false},"author":1,"featured_media":0,"comment_status":"open","ping_status":"open","sticky":false,"template":"","format":"standard","meta":{"ngg_post_thumbnail":0,"footnotes":""},"categories":[3,127],"tags":[406],"class_list":["post-26001","post","type-post","status-publish","format-standard","hentry","category-actividades","category-musica","tag-jose-feliciano"],"_links":{"self":[{"href":"https:\/\/bobvarela.com\/index.php?rest_route=\/wp\/v2\/posts\/26001","targetHints":{"allow":["GET"]}}],"collection":[{"href":"https:\/\/bobvarela.com\/index.php?rest_route=\/wp\/v2\/posts"}],"about":[{"href":"https:\/\/bobvarela.com\/index.php?rest_route=\/wp\/v2\/types\/post"}],"author":[{"embeddable":true,"href":"https:\/\/bobvarela.com\/index.php?rest_route=\/wp\/v2\/users\/1"}],"replies":[{"embeddable":true,"href":"https:\/\/bobvarela.com\/index.php?rest_route=%2Fwp%2Fv2%2Fcomments&post=26001"}],"version-history":[{"count":1,"href":"https:\/\/bobvarela.com\/index.php?rest_route=\/wp\/v2\/posts\/26001\/revisions"}],"predecessor-version":[{"id":26002,"href":"https:\/\/bobvarela.com\/index.php?rest_route=\/wp\/v2\/posts\/26001\/revisions\/26002"}],"wp:attachment":[{"href":"https:\/\/bobvarela.com\/index.php?rest_route=%2Fwp%2Fv2%2Fmedia&parent=26001"}],"wp:term":[{"taxonomy":"category","embeddable":true,"href":"https:\/\/bobvarela.com\/index.php?rest_route=%2Fwp%2Fv2%2Fcategories&post=26001"},{"taxonomy":"post_tag","embeddable":true,"href":"https:\/\/bobvarela.com\/index.php?rest_route=%2Fwp%2Fv2%2Ftags&post=26001"}],"curies":[{"name":"wp","href":"https:\/\/api.w.org\/{rel}","templated":true}]}}