{"id":26102,"date":"2012-01-13T06:52:20","date_gmt":"2012-01-13T10:52:20","guid":{"rendered":"https:\/\/bobvarela.com\/?p=26102"},"modified":"2012-01-13T06:52:21","modified_gmt":"2012-01-13T10:52:21","slug":"nuvo-tv-esta-en-la-busqueda-de-la-proxima-model-latina-con-su-audicion-en-san-juan-puerto-rico","status":"publish","type":"post","link":"https:\/\/bobvarela.com\/?p=26102","title":{"rendered":"nuvo TV ESTA EN LA BUSQUEDA DE LA PROXIMA &ldquo;MODEL LATINA&rdquo; CON SU AUDICION EN SAN JUAN, PUERTO RICO"},"content":{"rendered":"<p align=\"justify\">&nbsp; <\/p>\n<p align=\"justify\"><b><a href=\"https:\/\/bobvarela.com\/wp-content\/uploads\/2012\/01\/clip_image002.gif\"><img loading=\"lazy\" decoding=\"async\" style=\"background-image: none; border-right-width: 0px; padding-left: 0px; padding-right: 0px; display: inline; border-top-width: 0px; border-bottom-width: 0px; border-left-width: 0px; padding-top: 0px\" title=\"clip_image002\" border=\"0\" alt=\"clip_image002\" src=\"https:\/\/bobvarela.com\/wp-content\/uploads\/2012\/01\/clip_image002_thumb.gif\" width=\"208\" height=\"74\"\/><\/a><\/b>&nbsp;&nbsp;&nbsp;&nbsp;&nbsp;&nbsp;&nbsp;&nbsp;&nbsp;&nbsp;&nbsp;&nbsp;&nbsp;&nbsp;&nbsp;&nbsp;&nbsp;&nbsp;&nbsp;&nbsp;&nbsp;&nbsp;&nbsp;&nbsp;&nbsp;&nbsp;&nbsp;&nbsp;&nbsp;&nbsp;&nbsp;&nbsp;&nbsp;&nbsp;&nbsp;&nbsp;&nbsp;&nbsp;&nbsp;&nbsp;&nbsp;&nbsp;&nbsp;&nbsp; <b><a href=\"https:\/\/bobvarela.com\/wp-content\/uploads\/2012\/01\/clip_image002.jpg\"><img loading=\"lazy\" decoding=\"async\" style=\"background-image: none; border-right-width: 0px; padding-left: 0px; padding-right: 0px; display: inline; border-top-width: 0px; border-bottom-width: 0px; border-left-width: 0px; padding-top: 0px\" title=\"clip_image002\" border=\"0\" alt=\"clip_image002\" src=\"https:\/\/bobvarela.com\/wp-content\/uploads\/2012\/01\/clip_image002_thumb.jpg\" width=\"230\" height=\"73\"\/><\/a><\/b><\/p>\n<p align=\"justify\"><strong><\/strong>&nbsp;<\/p>\n<table border=\"0\" cellspacing=\"0\" cellpadding=\"2\" width=\"650\">\n<tbody>\n<tr>\n<td valign=\"top\" width=\"197\"><a href=\"https:\/\/bobvarela.com\/wp-content\/uploads\/2012\/01\/PR_MLS5Casting_Eblast.jpg\"><img loading=\"lazy\" decoding=\"async\" style=\"background-image: none; border-right-width: 0px; padding-left: 0px; padding-right: 0px; display: inline; border-top-width: 0px; border-bottom-width: 0px; border-left-width: 0px; padding-top: 0px\" title=\"PR_MLS5Casting_Eblast\" border=\"0\" alt=\"PR_MLS5Casting_Eblast\" src=\"https:\/\/bobvarela.com\/wp-content\/uploads\/2012\/01\/PR_MLS5Casting_Eblast_thumb.jpg\" width=\"300\" height=\"526\"\/><\/a><\/td>\n<td valign=\"top\" width=\"451\">\n<p align=\"justify\"><font size=\"3\">Por SEGUNDA vez en Puerto Rico llega el \u201creality show\u201d MODEL LATINA en busca de talento local para participar en dicho programa que celebra su quinta temporada<b>. Model Latina <\/b>buscar\u00e1 en suelo boricua a las modelos m\u00e1s distintivas de nuestra cultura, motivados luego de la destacada participaci\u00f3n en la pasada 4ta edici\u00f3n y coloc\u00e1ndose como primera finalista la modelo y reina de belleza Stephanie Pag\u00e1n y la conocida modelo Sacha Marie Garc\u00eda. Tras su exitoso desempe\u00f1o en el programa ellas han acaparado la atenci\u00f3n de varias firmas comerciales y pasarelas en los Estados Unidos y Puerto Rico. Tambi\u00e9n en esta temporada nos acompa\u00f1\u00f3 la puertorrique\u00f1a Madeline Suhey Delgado otra boricua con una impactante historia.<\/font> <\/p>\n<\/td>\n<\/tr>\n<\/tbody>\n<\/table>\n<p align=\"justify\"><font size=\"3\"><\/font>&nbsp; <font size=\"3\">Adem\u00e1s tras una exitosa tercera edici\u00f3n en el a\u00f1o 2010, donde contamos con la participaci\u00f3n de la modelo puertorrique\u00f1a Jessica Joan Santiago siendo esta la segunda finalista de esta edici\u00f3n y la cual se destaca como una cotizada modelo en los Estados Unidos, este pr\u00f3ximo domingo, 29 de enero del 2012 desde las 4:00 p.m a 7:00p.m , se realizar\u00e1 el esperado casting <b><i><u>Model Latina<\/u> <\/i><\/b>en Puerto Rico<b><i>, <\/i><\/b>a<b><i> <\/i><\/b>celebrarse en el Sheraton Puerto Rico by Convention Center en Miramar. Todas las aspirantes a modelos debe de venir vestidas adecuadamente y lo m\u00e1s importante no necesitan tener experiencia en la industria del modelaje, no hay restricci\u00f3n de estatura ni de peso , solo se necesita tener buena proyecci\u00f3n, disposici\u00f3n a viajar, ser completamente biling\u00fces ya que el programa es transmitido en los Estados Unidos por la cadena S\u00ed TV, y estar entre las edades de 18 a 26 a\u00f1os de edad.<\/font> <\/p>\n<p align=\"justify\"><font size=\"3\"><\/font>&nbsp;<a href=\"https:\/\/bobvarela.com\/wp-content\/uploads\/2012\/01\/SACHA-MARIE-4TA-TEMPORADA.jpg\"><img loading=\"lazy\" decoding=\"async\" style=\"background-image: none; border-right-width: 0px; padding-left: 0px; padding-right: 0px; display: inline; border-top-width: 0px; border-bottom-width: 0px; border-left-width: 0px; padding-top: 0px\" title=\"SACHA MARIE 4TA TEMPORADA\" border=\"0\" alt=\"SACHA MARIE 4TA TEMPORADA\" src=\"https:\/\/bobvarela.com\/wp-content\/uploads\/2012\/01\/SACHA-MARIE-4TA-TEMPORADA_thumb.jpg\" width=\"208\" height=\"158\"\/><\/a><a href=\"https:\/\/bobvarela.com\/wp-content\/uploads\/2012\/01\/STEPHANIE-PAGAN-1ra-finalista-4-temporada.jpg\"><img loading=\"lazy\" decoding=\"async\" style=\"background-image: none; border-right-width: 0px; padding-left: 0px; padding-right: 0px; display: inline; border-top-width: 0px; border-bottom-width: 0px; border-left-width: 0px; padding-top: 0px\" title=\"STEPHANIE PAGAN 1ra finalista 4 temporada\" border=\"0\" alt=\"STEPHANIE PAGAN 1ra finalista 4 temporada\" src=\"https:\/\/bobvarela.com\/wp-content\/uploads\/2012\/01\/STEPHANIE-PAGAN-1ra-finalista-4-temporada_thumb.jpg\" width=\"210\" height=\"156\"\/><\/a><a href=\"https:\/\/bobvarela.com\/wp-content\/uploads\/2012\/01\/MADELINE-4TA-TEMPORADA.jpg\"><img loading=\"lazy\" decoding=\"async\" style=\"background-image: none; border-right-width: 0px; padding-left: 0px; padding-right: 0px; display: inline; border-top-width: 0px; border-bottom-width: 0px; border-left-width: 0px; padding-top: 0px\" title=\"MADELINE 4TA TEMPORADA\" border=\"0\" alt=\"MADELINE 4TA TEMPORADA\" src=\"https:\/\/bobvarela.com\/wp-content\/uploads\/2012\/01\/MADELINE-4TA-TEMPORADA_thumb.jpg\" width=\"206\" height=\"154\"\/><\/a><\/p>\n<table border=\"0\" cellspacing=\"0\" cellpadding=\"2\" width=\"679\">\n<tbody>\n<tr>\n<td valign=\"top\" width=\"200\"><a href=\"https:\/\/bobvarela.com\/wp-content\/uploads\/2012\/01\/Model-Latina-NYC-Jessica-Joan-Santiago-2da-finalista-3-RA-temporada.jpg\"><img loading=\"lazy\" decoding=\"async\" style=\"background-image: none; border-right-width: 0px; padding-left: 0px; padding-right: 0px; display: inline; border-top-width: 0px; border-bottom-width: 0px; border-left-width: 0px; padding-top: 0px\" title=\"Model Latina NYC Jessica Joan Santiago 2da finalista 3 RA temporada\" border=\"0\" alt=\"Model Latina NYC Jessica Joan Santiago 2da finalista 3 RA temporada\" src=\"https:\/\/bobvarela.com\/wp-content\/uploads\/2012\/01\/Model-Latina-NYC-Jessica-Joan-Santiago-2da-finalista-3-RA-temporada_thumb.jpg\" width=\"180\" height=\"221\"\/><\/a><\/td>\n<td valign=\"top\" width=\"477\">\n<p align=\"justify\"><font size=\"3\">Para m\u00e1s informaci\u00f3n del casting <b><i>MODEL LATINA EN PR <\/i><\/b>visitar la p\u00e1gina del grupo en Facebook bajo el nombre: <b>MODEL LATINA, MODELS KREW AGENCY <\/b>o enviar su informaci\u00f3n a modelskrew@gmail.com<\/font><\/p>\n<\/td>\n<\/tr>\n<\/tbody>\n<\/table>\n<p align=\"justify\"><font size=\"3\"><\/font><\/p>\n<div style=\"padding-bottom: 0px; padding-left: 0px; width: 605px; padding-right: 0px; display: block; float: none; margin-left: auto; margin-right: auto; padding-top: 0px\" id=\"scid:5737277B-5D6D-4f48-ABFC-DD9C333F4C5D:0bc72109-7bf0-42a5-a97b-f9909171a6c1\" class=\"wlWriterEditableSmartContent\">\n<div><object width=\"605\" height=\"339\"><param name=\"movie\" value=\"https:\/\/www.youtube.com\/v\/5Uj0Nhbxd6c?hl=en&amp;hd=1\"><\/param><embed src=\"https:\/\/www.youtube.com\/v\/5Uj0Nhbxd6c?hl=en&amp;hd=1\" type=\"application\/x-shockwave-flash\" width=\"605\" height=\"339\"><\/embed><\/object><\/div>\n<\/div>\n","protected":false},"excerpt":{"rendered":"<p>&nbsp; &nbsp;&nbsp;&nbsp;&nbsp;&nbsp;&nbsp;&nbsp;&nbsp;&nbsp;&nbsp;&nbsp;&nbsp;&nbsp;&nbsp;&nbsp;&nbsp;&nbsp;&nbsp;&nbsp;&nbsp;&nbsp;&nbsp;&nbsp;&nbsp;&nbsp;&nbsp;&nbsp;&nbsp;&nbsp;&nbsp;&nbsp;&nbsp;&nbsp;&nbsp;&nbsp;&nbsp;&nbsp;&nbsp;&nbsp;&nbsp;&nbsp;&nbsp;&nbsp;&nbsp; &nbsp; Por SEGUNDA vez en Puerto Rico llega el \u201creality show\u201d MODEL LATINA en busca de talento local para participar en dicho programa que celebra su quinta temporada. Model Latina buscar\u00e1 en suelo boricua a las modelos m\u00e1s&hellip;<\/p>\n<p class=\"more-link-p\"><a class=\"more-link\" href=\"https:\/\/bobvarela.com\/?p=26102\">Read more &rarr;<\/a><\/p>\n","protected":false},"author":1,"featured_media":0,"comment_status":"open","ping_status":"open","sticky":false,"template":"","format":"standard","meta":{"ngg_post_thumbnail":0,"footnotes":""},"categories":[1],"tags":[],"class_list":["post-26102","post","type-post","status-publish","format-standard","hentry","category-uncategorized"],"_links":{"self":[{"href":"https:\/\/bobvarela.com\/index.php?rest_route=\/wp\/v2\/posts\/26102","targetHints":{"allow":["GET"]}}],"collection":[{"href":"https:\/\/bobvarela.com\/index.php?rest_route=\/wp\/v2\/posts"}],"about":[{"href":"https:\/\/bobvarela.com\/index.php?rest_route=\/wp\/v2\/types\/post"}],"author":[{"embeddable":true,"href":"https:\/\/bobvarela.com\/index.php?rest_route=\/wp\/v2\/users\/1"}],"replies":[{"embeddable":true,"href":"https:\/\/bobvarela.com\/index.php?rest_route=%2Fwp%2Fv2%2Fcomments&post=26102"}],"version-history":[{"count":1,"href":"https:\/\/bobvarela.com\/index.php?rest_route=\/wp\/v2\/posts\/26102\/revisions"}],"predecessor-version":[{"id":26103,"href":"https:\/\/bobvarela.com\/index.php?rest_route=\/wp\/v2\/posts\/26102\/revisions\/26103"}],"wp:attachment":[{"href":"https:\/\/bobvarela.com\/index.php?rest_route=%2Fwp%2Fv2%2Fmedia&parent=26102"}],"wp:term":[{"taxonomy":"category","embeddable":true,"href":"https:\/\/bobvarela.com\/index.php?rest_route=%2Fwp%2Fv2%2Fcategories&post=26102"},{"taxonomy":"post_tag","embeddable":true,"href":"https:\/\/bobvarela.com\/index.php?rest_route=%2Fwp%2Fv2%2Ftags&post=26102"}],"curies":[{"name":"wp","href":"https:\/\/api.w.org\/{rel}","templated":true}]}}