{"id":2694,"date":"2010-08-12T22:25:00","date_gmt":"2010-08-13T02:25:00","guid":{"rendered":"https:\/\/bobvarela.com\/?p=2694"},"modified":"2010-08-12T22:35:33","modified_gmt":"2010-08-13T02:35:33","slug":"presentacin-miss-puerto-rico-international-2010","status":"publish","type":"post","link":"https:\/\/bobvarela.com\/?p=2694","title":{"rendered":"Presentaci&oacute;n Miss Puerto Rico International 2010"},"content":{"rendered":"<p><font size=\"3\" face=\"Bookman Old Style\">El 10 de agosto en las facilidades de Ben\u00edtez Aluminum en San Juan se hizo la presentaci\u00f3n oficial de nuestra Miss Puerto Rico International 2010. Aideliz Hidalgo fue elegida para representarnos en el concurso a celebrarse la noche final el 7 de noviembre en Shangh\u00e1i China. Ella es una joven de 24 a\u00f1os y posee un bachillerato en el \u00e1rea de comunicaci\u00f3n y mercadeo de la Universidad de Sagrado Coraz\u00f3n.<\/font><\/p>\n<p><a href=\"https:\/\/bobvarela.com\/wp-content\/uploads\/2010\/08\/IMG_0686.jpg\"><img loading=\"lazy\" decoding=\"async\" style=\"border-bottom: 0px; border-left: 0px; display: inline; border-top: 0px; border-right: 0px\" title=\"IMG_0686\" border=\"0\" alt=\"IMG_0686\" src=\"https:\/\/bobvarela.com\/wp-content\/uploads\/2010\/08\/IMG_0686_thumb.jpg\" width=\"124\" height=\"184\" \/><\/a><a href=\"https:\/\/bobvarela.com\/wp-content\/uploads\/2010\/08\/IMG_0723.jpg\"><img loading=\"lazy\" decoding=\"async\" style=\"border-bottom: 0px; border-left: 0px; display: inline; border-top: 0px; border-right: 0px\" title=\"IMG_0723\" border=\"0\" alt=\"IMG_0723\" src=\"https:\/\/bobvarela.com\/wp-content\/uploads\/2010\/08\/IMG_0723_thumb.jpg\" width=\"124\" height=\"184\" \/><\/a><a href=\"https:\/\/bobvarela.com\/wp-content\/uploads\/2010\/08\/IMG_0563.jpg\"><img loading=\"lazy\" decoding=\"async\" style=\"border-bottom: 0px; border-left: 0px; display: inline; border-top: 0px; border-right: 0px\" title=\"IMG_0563\" border=\"0\" alt=\"IMG_0563\" src=\"https:\/\/bobvarela.com\/wp-content\/uploads\/2010\/08\/IMG_0563_thumb.jpg\" width=\"124\" height=\"184\" \/><\/a><a href=\"https:\/\/bobvarela.com\/wp-content\/uploads\/2010\/08\/IMG_0760.jpg\"><img loading=\"lazy\" decoding=\"async\" style=\"border-bottom: 0px; border-left: 0px; display: inline; border-top: 0px; border-right: 0px\" title=\"IMG_0760\" border=\"0\" alt=\"IMG_0760\" src=\"https:\/\/bobvarela.com\/wp-content\/uploads\/2010\/08\/IMG_0760_thumb.jpg\" width=\"124\" height=\"186\" \/><\/a><a href=\"https:\/\/bobvarela.com\/wp-content\/uploads\/2010\/08\/IMG_0770.jpg\"><img loading=\"lazy\" decoding=\"async\" style=\"border-bottom: 0px; border-left: 0px; display: inline; border-top: 0px; border-right: 0px\" title=\"IMG_0770\" border=\"0\" alt=\"IMG_0770\" src=\"https:\/\/bobvarela.com\/wp-content\/uploads\/2010\/08\/IMG_0770_thumb.jpg\" width=\"124\" height=\"184\" \/><\/a> <\/p>\n<p><font size=\"3\" face=\"Bookman Old Style\">La anfitriona de la actividad lo fue Haidel Rivera, Miss Puerto Rico International 2009. El dise\u00f1ador Juan Colon presento su mas reciente colecci\u00f3n de verano &quot;Destiny&quot; . M\u00f3nica Pastrana, Miss Puerto Rico International 200 y animadora de Locas de Atar fue la colocadora de la banda a nuestra actual reina<\/font><\/p>\n<p><a href=\"https:\/\/bobvarela.com\/wp-content\/uploads\/2010\/08\/IMG_0604.jpg\"><img loading=\"lazy\" decoding=\"async\" style=\"border-bottom: 0px; border-left: 0px; display: inline; border-top: 0px; border-right: 0px\" title=\"IMG_0604\" border=\"0\" alt=\"IMG_0604\" src=\"https:\/\/bobvarela.com\/wp-content\/uploads\/2010\/08\/IMG_0604_thumb.jpg\" width=\"124\" height=\"184\" \/><\/a><a href=\"https:\/\/bobvarela.com\/wp-content\/uploads\/2010\/08\/IMG_0623.jpg\"><img loading=\"lazy\" decoding=\"async\" style=\"border-bottom: 0px; border-left: 0px; display: inline; border-top: 0px; border-right: 0px\" title=\"IMG_0623\" border=\"0\" alt=\"IMG_0623\" src=\"https:\/\/bobvarela.com\/wp-content\/uploads\/2010\/08\/IMG_0623_thumb.jpg\" width=\"124\" height=\"184\" \/><\/a><a href=\"https:\/\/bobvarela.com\/wp-content\/uploads\/2010\/08\/IMG_0647.jpg\"><img loading=\"lazy\" decoding=\"async\" style=\"border-bottom: 0px; border-left: 0px; display: inline; border-top: 0px; border-right: 0px\" title=\"IMG_0647\" border=\"0\" alt=\"IMG_0647\" src=\"https:\/\/bobvarela.com\/wp-content\/uploads\/2010\/08\/IMG_0647_thumb.jpg\" width=\"124\" height=\"184\" \/><\/a><a href=\"https:\/\/bobvarela.com\/wp-content\/uploads\/2010\/08\/IMG_0641.jpg\"><img loading=\"lazy\" decoding=\"async\" style=\"border-bottom: 0px; border-left: 0px; display: inline; border-top: 0px; border-right: 0px\" title=\"IMG_0641\" border=\"0\" alt=\"IMG_0641\" src=\"https:\/\/bobvarela.com\/wp-content\/uploads\/2010\/08\/IMG_0641_thumb.jpg\" width=\"124\" height=\"184\" \/><\/a><a href=\"https:\/\/bobvarela.com\/wp-content\/uploads\/2010\/08\/IMG_0599.jpg\"><img loading=\"lazy\" decoding=\"async\" style=\"border-bottom: 0px; border-left: 0px; display: inline; border-top: 0px; border-right: 0px\" title=\"IMG_0599\" border=\"0\" alt=\"IMG_0599\" src=\"https:\/\/bobvarela.com\/wp-content\/uploads\/2010\/08\/IMG_0599_thumb.jpg\" width=\"124\" height=\"186\" \/><\/a> <\/p>\n<p><font size=\"3\" face=\"Bookman Old Style\">Miss International se dedica especialmente a promover la unidad entre los seres humanos y a actividades caritativas especialmente aquellas que tiene una sede mundial como lo es UNICEF (Fondo Unido International Para la Ni\u00f1ez, de las Naciones Unidas).<\/font><\/p>\n<p><a href=\"https:\/\/bobvarela.com\/wp-content\/uploads\/2010\/08\/IMG_0742.jpg\"><img loading=\"lazy\" decoding=\"async\" style=\"border-bottom: 0px; border-left: 0px; display: inline; border-top: 0px; border-right: 0px\" title=\"IMG_0742\" border=\"0\" alt=\"IMG_0742\" src=\"https:\/\/bobvarela.com\/wp-content\/uploads\/2010\/08\/IMG_0742_thumb.jpg\" width=\"184\" height=\"124\" \/><\/a><a href=\"https:\/\/bobvarela.com\/wp-content\/uploads\/2010\/08\/IMG_0544.jpg\"><img loading=\"lazy\" decoding=\"async\" style=\"border-bottom: 0px; border-left: 0px; display: inline; border-top: 0px; border-right: 0px\" title=\"IMG_0544\" border=\"0\" alt=\"IMG_0544\" src=\"https:\/\/bobvarela.com\/wp-content\/uploads\/2010\/08\/IMG_0544_thumb.jpg\" width=\"184\" height=\"124\" \/><\/a><a href=\"https:\/\/bobvarela.com\/wp-content\/uploads\/2010\/08\/IMG_0753.jpg\"><img loading=\"lazy\" decoding=\"async\" style=\"border-bottom: 0px; border-left: 0px; display: inline; border-top: 0px; border-right: 0px\" title=\"IMG_0753\" border=\"0\" alt=\"IMG_0753\" src=\"https:\/\/bobvarela.com\/wp-content\/uploads\/2010\/08\/IMG_0753_thumb.jpg\" width=\"183\" height=\"124\" \/><\/a><a href=\"https:\/\/bobvarela.com\/wp-content\/uploads\/2010\/08\/IMG_0546.jpg\"><img loading=\"lazy\" decoding=\"async\" style=\"border-bottom: 0px; border-left: 0px; display: inline; border-top: 0px; border-right: 0px\" title=\"IMG_0546\" border=\"0\" alt=\"IMG_0546\" src=\"https:\/\/bobvarela.com\/wp-content\/uploads\/2010\/08\/IMG_0546_thumb.jpg\" width=\"184\" height=\"124\" \/><\/a><a href=\"https:\/\/bobvarela.com\/wp-content\/uploads\/2010\/08\/IMG_0831.jpg\"><img loading=\"lazy\" decoding=\"async\" style=\"border-bottom: 0px; border-left: 0px; display: inline; border-top: 0px; border-right: 0px\" title=\"IMG_0831\" border=\"0\" alt=\"IMG_0831\" src=\"https:\/\/bobvarela.com\/wp-content\/uploads\/2010\/08\/IMG_0831_thumb.jpg\" width=\"184\" height=\"124\" \/><\/a><a href=\"https:\/\/bobvarela.com\/wp-content\/uploads\/2010\/08\/IMG_0779.jpg\"><img loading=\"lazy\" decoding=\"async\" style=\"border-bottom: 0px; border-left: 0px; display: inline; border-top: 0px; border-right: 0px\" title=\"IMG_0779\" border=\"0\" alt=\"IMG_0779\" src=\"https:\/\/bobvarela.com\/wp-content\/uploads\/2010\/08\/IMG_0779_thumb.jpg\" width=\"184\" height=\"124\" \/><\/a><\/p>\n<p><font size=\"3\" face=\"Bookman Old Style\">Para ver mas foto de esta actividad entra aqui: <\/font><a href=\"https:\/\/bobvarela.com\/fotos\/main.php?g2_itemId=28298\"><u><font color=\"#ff0000\" size=\"3\" face=\"Bookman Old Style\">Presentacion Miss Puerto Rico International 2010 Fotos<\/font><\/u><\/a><\/p>\n","protected":false},"excerpt":{"rendered":"<p>El 10 de agosto en las facilidades de Ben\u00edtez Aluminum en San Juan se hizo la presentaci\u00f3n oficial de nuestra Miss Puerto Rico International 2010. Aideliz Hidalgo fue elegida para representarnos en el concurso a celebrarse la noche final el&hellip;<\/p>\n<p class=\"more-link-p\"><a class=\"more-link\" href=\"https:\/\/bobvarela.com\/?p=2694\">Read more &rarr;<\/a><\/p>\n","protected":false},"author":1,"featured_media":0,"comment_status":"open","ping_status":"open","sticky":false,"template":"","format":"standard","meta":{"ngg_post_thumbnail":0,"footnotes":""},"categories":[5],"tags":[180,22,179],"class_list":["post-2694","post","type-post","status-publish","format-standard","hentry","category-concursos","tag-aideliz-hidalgo","tag-juan-colon","tag-miss-puerto-rico-international"],"_links":{"self":[{"href":"https:\/\/bobvarela.com\/index.php?rest_route=\/wp\/v2\/posts\/2694","targetHints":{"allow":["GET"]}}],"collection":[{"href":"https:\/\/bobvarela.com\/index.php?rest_route=\/wp\/v2\/posts"}],"about":[{"href":"https:\/\/bobvarela.com\/index.php?rest_route=\/wp\/v2\/types\/post"}],"author":[{"embeddable":true,"href":"https:\/\/bobvarela.com\/index.php?rest_route=\/wp\/v2\/users\/1"}],"replies":[{"embeddable":true,"href":"https:\/\/bobvarela.com\/index.php?rest_route=%2Fwp%2Fv2%2Fcomments&post=2694"}],"version-history":[{"count":1,"href":"https:\/\/bobvarela.com\/index.php?rest_route=\/wp\/v2\/posts\/2694\/revisions"}],"predecessor-version":[{"id":2695,"href":"https:\/\/bobvarela.com\/index.php?rest_route=\/wp\/v2\/posts\/2694\/revisions\/2695"}],"wp:attachment":[{"href":"https:\/\/bobvarela.com\/index.php?rest_route=%2Fwp%2Fv2%2Fmedia&parent=2694"}],"wp:term":[{"taxonomy":"category","embeddable":true,"href":"https:\/\/bobvarela.com\/index.php?rest_route=%2Fwp%2Fv2%2Fcategories&post=2694"},{"taxonomy":"post_tag","embeddable":true,"href":"https:\/\/bobvarela.com\/index.php?rest_route=%2Fwp%2Fv2%2Ftags&post=2694"}],"curies":[{"name":"wp","href":"https:\/\/api.w.org\/{rel}","templated":true}]}}