{"id":2698,"date":"2010-08-18T18:31:00","date_gmt":"2010-08-18T22:31:00","guid":{"rendered":"https:\/\/bobvarela.com\/?p=2698"},"modified":"2010-08-18T19:00:16","modified_gmt":"2010-08-18T23:00:16","slug":"a-toda-marcha-puerto-rico-high-fashion-week-2010","status":"publish","type":"post","link":"https:\/\/bobvarela.com\/?p=2698","title":{"rendered":"A TODA MARCHA PUERTO RICO HIGH FASHION WEEK 2010"},"content":{"rendered":"<table border=\"0\" cellspacing=\"0\" cellpadding=\"2\" width=\"619\">\n<tbody>\n<tr>\n<td valign=\"top\" width=\"119\"><a href=\"https:\/\/bobvarela.com\/wp-content\/uploads\/2010\/08\/clip_image002.gif\"><font size=\"3\" face=\"Bookman Old Style\"><img loading=\"lazy\" decoding=\"async\" style=\"border-right-width: 0px; display: inline; border-top-width: 0px; border-bottom-width: 0px; border-left-width: 0px\" title=\"clip_image002\" border=\"0\" alt=\"clip_image002\" src=\"https:\/\/bobvarela.com\/wp-content\/uploads\/2010\/08\/clip_image002_thumb.gif\" width=\"121\" height=\"98\" \/><\/font><\/a><font size=\"3\" face=\"Bookman Old Style\"> <\/font>          <\/p>\n<\/td>\n<td valign=\"top\" width=\"498\">\n<p><font size=\"3\" face=\"Bookman Old Style\">El Puerto Rico High Fashion Week, evento cumbre de la moda de Puerto Rico y el Caribe, presenta lo mejor de la moda local e internacional del 23 al 25 de septiembre de 2010 en el Centro de Convenciones de Puerto Rico, anunci\u00f3 su presidenta Caridad Fern\u00e1ndez.<\/font><\/p>\n<\/td>\n<\/tr>\n<\/tbody>\n<\/table>\n<p><font size=\"3\" face=\"Bookman Old Style\">\u201cEn este quinto aniversario, el Puerto Rico High Fashion Week presenta lo mejor de la moda local e internacional y continuamos innovando, creciendo y aportando a la econom\u00eda y a la imagen de Puerto Rico\u201d, se\u00f1al\u00f3 Fern\u00e1ndez.<\/font><\/p>\n<p><font size=\"3\" face=\"Bookman Old Style\">La edici\u00f3n 2010 del PRHFW cuenta con los siguientes distinguidos dise\u00f1adores quienes presentaran sus colecciones primavera\/verano 2011: desde Par\u00eds el puertorrique\u00f1o Reinaldo \u00c1lvarez, Jack Abugattas desde Per\u00fa, de Venezuela Giovanni Scutaro y del patio: Lisa Capalli, Eddie Guerrero, Nono Maldonado, John Dunn, Miriam Budet, y los nuevos talentos a quienes reconocemos como <b>The New Generation 2010<\/b>: Diana V\u00e1squez, Edzel Giovanni, H\u00e9ctor Omar, Jaer Cab\u00e1n, Jos\u00e9 Karlo, Jos\u00e9 Ra\u00fal, Nicole de Jes\u00fas, Paola Iturrino, Reynaldo Jos\u00e9 y Yanira Maldonado.<\/font><\/p>\n<p><font size=\"4\" face=\"Bookman Old Style\">Los dise\u00f1adores estar\u00e1n presentando las siguientes colecciones: <\/font><\/p>\n<ul>\n<li><b><font size=\"3\">Jack Abugattas, \u201cPOP\u201d<\/font><\/b><\/li>\n<li><font size=\"3\"><b>Reinaldo \u00c1lvarez<\/b>, \u201cGeometrie et Transparence\u201d <\/font><\/li>\n<li><font size=\"3\"><b>Miriam Budet<\/b>, \u201cNormandia\u201d <\/font><\/li>\n<li><font size=\"3\"><b>Lisa Capalli<\/b>, \u201cNight and Day\u201d <\/font><\/li>\n<li><font size=\"3\"><b>Eddie Guerrero<\/b>, \u201cBohemian Rhapsody\u201d <\/font><\/li>\n<li><font size=\"3\"><b>Nono Maldonado<\/b>, \u201cNono by Nono Maldonado\u201d <\/font><\/li>\n<li><font size=\"3\"><b>John Dunn<\/b>, \u201cPrivate Collection\u201d <\/font><\/li>\n<li><font size=\"3\"><b>Giovanni Scutaro<\/b>, \u201cMagia Blanca\u201d <\/font><\/li>\n<\/ul>\n<p><font size=\"3\" face=\"Bookman Old Style\">En este quinto aniversario, y con mucho entusiasmo regresa como patrocinador del evento la Compa\u00f1\u00eda de Turismo de Puerto Rico. \u201cEste evento representa una excelente oportunidad para dar a conocer otra de las grandes virtudes de Puerto Rico como destino, a la vez que respaldamos a nuestros dise\u00f1adores. Para nosotros es un gran orgullo contar con talento de esta envergadura, que nos permite proyectar una imagen sofisticada en l\u00ednea con el enfoque estrat\u00e9gico que hemos implementado\u201d expres\u00f3 su director ejecutivo, Mario Gonz\u00e1lez Lafuente. <\/font><\/p>\n<p><font size=\"3\" face=\"Bookman Old Style\">Como parte del PRHFW, se presentar\u00e1 la final de la 13ra edici\u00f3n del <b>Elite Model Look Puerto Rico<\/b>, evento que se celebra anualmente en colaboraci\u00f3n con Elite Model Managment con el fin de descubrir modelos en el mercado de la moda. Modelos de la talla de Heidi Klum, Gisele Bundchen, Isabeli Fontana, Fr\u00e9d\u00e9rique van der Wal, entre otras, fueron descubiertas gracias a este evento internacional. <\/font><\/p>\n<p><font size=\"3\" face=\"Bookman Old Style\">Otro dato significativo, es que esta edici\u00f3n del PRHFW contar\u00e1 con la participaci\u00f3n de dos famosas modelos internacionales. La modelo puertorrique\u00f1a <b>Jaslene Gonz\u00e1lez<\/b> ganadora de la octava temporada de America\u2019s Next Top Model, desfilar\u00e1 en el certamen de Elite Model Look Puerto Rico y la Top Model argentina, <b>Ingrid Grudker<\/b>, quien llega como la modelo invitada del dise\u00f1ador Giovanni Scutaro para desfilar sus creaciones.<\/font><\/p>\n<p><font size=\"3\" face=\"Bookman Old Style\">Y como recientemente fue anunciado, el ganador del primer <b>Project Runway Latin America<\/b> tendr\u00e1 la oportunidad de presentar su colecci\u00f3n en la siguiente edici\u00f3n de Puerto Rico High Fashion Week. Este programa tendr\u00e1 a 15 participantes, los cuales se enfrentaran a retos que ponen a prueba su creatividad y habilidades como dise\u00f1ador para al final escoger la pr\u00f3xima estrella de este \u00e1mbito latinoamericano.<\/font><\/p>\n<p><font size=\"3\"><b>The Shop<\/b>, es un nuevo elemento en esta edici\u00f3n del PRHFW. Los asistentes al evento podr\u00e1n adquirir de forma exclusiva los dise\u00f1os de alta costura, accesorios, y bisuter\u00eda fina, as\u00ed como otros productos relacionados al mundo de la moda utilizando de forma exclusiva la tarjeta MasterCard, patrocinador presentador del evento. <b>The Shop<\/b> tendr\u00e1 el siguiente horario diario, 11:00am hasta que el cierre de cada una de las tres noches.<\/font><\/p>\n<p><font size=\"3\" face=\"Bookman Old Style\">Los amantes del champ\u00e1n que asistan al PRHFW podr\u00e1n disfrutar del <b>Moet The Kissing Room VIP Lounge<\/b>. Adem\u00e1s los asistentes, podr\u00e1n adquirir de forma gratuita la edici\u00f3n de septiembre 2010, <b>The Collection Puerto Rico High Fashion Week<\/b>, la revista de modas m\u00e1s lujosa creada para coleccionistas y amantes de la moda de nuestros dise\u00f1adores.<\/font><\/p>\n<p><font size=\"3\" face=\"Bookman Old Style\">Cabe destacar que luego de cada noche del PRHFW, los invitados pueden continuar la fiesta en los exclusivos <i>After Parties<\/i> en el Lobby Bar de La Concha A Renaissance Resort. La Concha ofrece adem\u00e1s ofertas de estad\u00eda comenzando en $179.00 por habitaci\u00f3n por noche. Para m\u00e1s informaci\u00f3n puede llamar al (787) 721-7500 o visitar la p\u00e1gina <\/font><a href=\"https:\/\/www.laconcharesort.com\"><font size=\"3\" face=\"Bookman Old Style\">www.laconcharesort.com<\/font><\/a><font size=\"3\" face=\"Bookman Old Style\">. <\/font><\/p>\n<p><font size=\"3\" face=\"Bookman Old Style\">El precio de los boletos de entrada general al Puerto Rico High Fashion Week es de $20 y $50 para los boletos VIP. MasterCard, tarjeta patrocinadora del evento, ofrece adem\u00e1s las siguientes ofertas de boletos al comprar tus boletos con su tarjeta de debito o cr\u00e9dito: <\/font><\/p>\n<ul>\n<li><font size=\"3\" face=\"Bookman Old Style\">2 x 1. Al comprar un boleto a precio regular, recibes otro de igual valor para el mismo desfile. Incluye 2 boletos para <b>The Shop<\/b>. <\/font><\/li>\n<\/ul>\n<ul>\n<li><font size=\"3\" face=\"Bookman Old Style\">VIP $100.00 por d\u00eda. Recibes un boleto en la secci\u00f3n VIP para todos los desfiles que se realicen un mismo d\u00eda. Incluye boleto para <b>The Shop<\/b>. <\/font><\/li>\n<\/ul>\n<ul>\n<li><font size=\"3\" face=\"Bookman Old Style\">&quot;Day Pass&quot; $45.00. Incluye un boleto de entrada general para cada desfile del d\u00eda y un boleto para <b>The Shop<\/b>.<\/font> <\/li>\n<\/ul>\n<p><font size=\"3\" face=\"Bookman Old Style\">Para m\u00e1s detalles y compra de boletos puede llamar a: (787) 723-8866 \u00f3 en las p\u00e1gina <\/font><a href=\"https:\/\/www.prhighfashionweek.com\"><font size=\"3\" face=\"Bookman Old Style\">www.prhighfashionweek.com<\/font><\/a><font size=\"3\" face=\"Bookman Old Style\">, <\/font><a href=\"https:\/\/twitter.com\/PRHFW\"><font size=\"3\" face=\"Bookman Old Style\">https:\/\/twitter.com\/PRHFW<\/font><\/a><font size=\"3\" face=\"Bookman Old Style\">, <\/font><a href=\"https:\/\/prhfw.blogspot.com\"><font size=\"3\" face=\"Bookman Old Style\">https:\/\/prhfw.blogspot.com<\/font><\/a><font size=\"3\" face=\"Bookman Old Style\"> y <\/font><a href=\"https:\/\/www.facebook.com\/home.php?#!\/PRHFW?ref=ts\"><font size=\"3\" face=\"Bookman Old Style\">https:\/\/www.facebook.com\/home.php?#!\/PRHFW?ref=ts<\/font><\/a><font size=\"3\" face=\"Bookman Old Style\">.<\/font><\/p>\n","protected":false},"excerpt":{"rendered":"<p>El Puerto Rico High Fashion Week, evento cumbre de la moda de Puerto Rico y el Caribe, presenta lo mejor de la moda local e internacional del 23 al 25 de septiembre de 2010 en el Centro de Convenciones de&hellip;<\/p>\n<p class=\"more-link-p\"><a class=\"more-link\" href=\"https:\/\/bobvarela.com\/?p=2698\">Read more &rarr;<\/a><\/p>\n","protected":false},"author":1,"featured_media":0,"comment_status":"open","ping_status":"open","sticky":false,"template":"","format":"standard","meta":{"ngg_post_thumbnail":0,"footnotes":""},"categories":[4],"tags":[142,187,189,181,188,186,184,183,185,190,182],"class_list":["post-2698","post","type-post","status-publish","format-standard","hentry","category-moda","tag-eddie-guerrero","tag-giovanni-scutaro","tag-ingrid-grudker","tag-jack-abugattas","tag-jaslene-gonzalez","tag-john-dunn","tag-lisa-capalli","tag-miriam-budet","tag-nono-maldonado","tag-project-runway-latin-america","tag-reinaldo-alvarez"],"_links":{"self":[{"href":"https:\/\/bobvarela.com\/index.php?rest_route=\/wp\/v2\/posts\/2698","targetHints":{"allow":["GET"]}}],"collection":[{"href":"https:\/\/bobvarela.com\/index.php?rest_route=\/wp\/v2\/posts"}],"about":[{"href":"https:\/\/bobvarela.com\/index.php?rest_route=\/wp\/v2\/types\/post"}],"author":[{"embeddable":true,"href":"https:\/\/bobvarela.com\/index.php?rest_route=\/wp\/v2\/users\/1"}],"replies":[{"embeddable":true,"href":"https:\/\/bobvarela.com\/index.php?rest_route=%2Fwp%2Fv2%2Fcomments&post=2698"}],"version-history":[{"count":12,"href":"https:\/\/bobvarela.com\/index.php?rest_route=\/wp\/v2\/posts\/2698\/revisions"}],"predecessor-version":[{"id":2710,"href":"https:\/\/bobvarela.com\/index.php?rest_route=\/wp\/v2\/posts\/2698\/revisions\/2710"}],"wp:attachment":[{"href":"https:\/\/bobvarela.com\/index.php?rest_route=%2Fwp%2Fv2%2Fmedia&parent=2698"}],"wp:term":[{"taxonomy":"category","embeddable":true,"href":"https:\/\/bobvarela.com\/index.php?rest_route=%2Fwp%2Fv2%2Fcategories&post=2698"},{"taxonomy":"post_tag","embeddable":true,"href":"https:\/\/bobvarela.com\/index.php?rest_route=%2Fwp%2Fv2%2Ftags&post=2698"}],"curies":[{"name":"wp","href":"https:\/\/api.w.org\/{rel}","templated":true}]}}