{"id":27645,"date":"2012-01-23T20:04:39","date_gmt":"2012-01-24T00:04:39","guid":{"rendered":"https:\/\/bobvarela.com\/?p=27645"},"modified":"2012-01-23T20:04:41","modified_gmt":"2012-01-24T00:04:41","slug":"julio-rosado-del-valle-en-el-museo-de-las-amricas","status":"publish","type":"post","link":"https:\/\/bobvarela.com\/?p=27645","title":{"rendered":"Julio Rosado del Valle en el Museo de Las Am&eacute;ricas"},"content":{"rendered":"<p><font size=\"3\">18 de enero de 2012, San Juan, Puerto Rico \u2013 El Museo de Las Am\u00e9ricas inaugura exposici\u00f3n <b><i>Cuadros del maestro Julio Rosado del Valle en la colecci\u00f3n Dr. Amaury Rosa Silva<\/i><\/b> jueves, 26 de enero de 2012, a las 6:00 anunci\u00f3 su directora ejecutiva, Mar\u00eda A. L\u00f3pez Vilella.<\/font> <\/p>\n<p align=\"justify\"><font size=\"3\">\u201cEl pr\u00f3ximo jueves 26 de enero, en la Sala 3 del Museo de Las Am\u00e9ricas se inaugura la exposici\u00f3n <b><i>Cuadros del maestro Julio Rosado del Valle en la colecci\u00f3n Dr. Amaury Rosa Silva<\/i><\/b>. Esta exposici\u00f3n presenta un grupo de obras que form\u00f3 parte de la colecci\u00f3n del Dr. Heber Amaury Rosa Silva y que fue adquirida por el Sr. Tom\u00e1s Day\u00e1. En un genuino inter\u00e9s de que la colecci\u00f3n se mantenga unida y quede en Puerto Rico, el Sr. Day\u00e1 a trav\u00e9s de Obra Galer\u00eda Alegr\u00eda hace disponible esta colecci\u00f3n para el disfrute de todos los amantes de la obra de Julio Rosado Del Valle\u201d, destac\u00f3 L\u00f3pez Vilella.<\/font><\/p>\n<table border=\"0\" cellspacing=\"0\" cellpadding=\"2\" width=\"433\">\n<tbody>\n<tr>\n<td valign=\"top\" width=\"154\"><a href=\"https:\/\/bobvarela.com\/wp-content\/uploads\/2012\/01\/Julio-Rosado-del-Valle-Tiesto.jpg\"><img loading=\"lazy\" decoding=\"async\" style=\"background-image: none; border-bottom: 0px; border-left: 0px; padding-left: 0px; padding-right: 0px; display: inline; border-top: 0px; border-right: 0px; padding-top: 0px\" title=\"Julio Rosado del Valle-Tiesto\" border=\"0\" alt=\"Julio Rosado del Valle-Tiesto\" src=\"https:\/\/bobvarela.com\/wp-content\/uploads\/2012\/01\/Julio-Rosado-del-Valle-Tiesto_thumb.jpg\" width=\"153\" height=\"163\"\/><\/a><\/td>\n<td valign=\"top\" width=\"152\"><a href=\"https:\/\/bobvarela.com\/wp-content\/uploads\/2012\/01\/Julio-Rosado-del-Valle-Cenicero19x19.5.jpg\"><img loading=\"lazy\" decoding=\"async\" style=\"background-image: none; border-bottom: 0px; border-left: 0px; padding-left: 0px; padding-right: 0px; display: inline; border-top: 0px; border-right: 0px; padding-top: 0px\" title=\"Julio Rosado del Valle-Cenicero,19x19.5\" border=\"0\" alt=\"Julio Rosado del Valle-Cenicero,19x19.5\" src=\"https:\/\/bobvarela.com\/wp-content\/uploads\/2012\/01\/Julio-Rosado-del-Valle-Cenicero19x19.5_thumb.jpg\" width=\"155\" height=\"160\"\/><\/a><\/td>\n<td valign=\"top\" width=\"125\"><a href=\"https:\/\/bobvarela.com\/wp-content\/uploads\/2012\/01\/Julio-Rosado-del-Valle-Composicion-II.jpg\"><img loading=\"lazy\" decoding=\"async\" style=\"background-image: none; border-bottom: 0px; border-left: 0px; padding-left: 0px; padding-right: 0px; display: inline; border-top: 0px; border-right: 0px; padding-top: 0px\" title=\"Julio Rosado del Valle-Composicion II\" border=\"0\" alt=\"Julio Rosado del Valle-Composicion II\" src=\"https:\/\/bobvarela.com\/wp-content\/uploads\/2012\/01\/Julio-Rosado-del-Valle-Composicion-II_thumb.jpg\" width=\"172\" height=\"161\"\/><\/a><\/td>\n<\/tr>\n<tr>\n<td valign=\"top\" width=\"154\">Julio Rosado del Valle-Tiesto<\/td>\n<td valign=\"top\" width=\"152\">Julio Rosado del Valle-Cenicero,19&#215;19.5<\/td>\n<td valign=\"top\" width=\"125\">Julio Rosado del Valle-Composicion II<\/td>\n<\/tr>\n<\/tbody>\n<\/table>\n<p align=\"justify\"><font size=\"3\">La muestra cuenta con un cat\u00e1logo, cuyo escrito fue comisionado al profesor y cr\u00edtico de arte Jos\u00e9 A. P\u00e9rez Ruiz. En el ensayo sobre la colecci\u00f3n P\u00e9rez Ruiz manifiesta \u201cel arte de coleccionar es una tarea sumamente delicada porque trata de llevar a cabo una curadur\u00eda que requiere paciencia. Se necesita guardar el momento en que aparezcan de una u otra forma piezas de envergadura\u201d. Esto queda demostrado en esta colecci\u00f3n compuesta por 28 obras.<\/font> <\/p>\n<p align=\"justify\"><font size=\"3\">P\u00e9rez Ruiz relata como el doctor y coleccionista Rosa Silva desarroll\u00f3 un olfato visionario que le permiti\u00f3 adquirir piezas que en su mayor\u00eda resultan ser hitos antol\u00f3gicos en la trayectoria art\u00edstica de Julio Rosado Del Valle. A su vez, afirma que \u00e9stas se deben reconocer como arquetipos normativos a ser tomados en consideraci\u00f3n por las nuevas generaciones de artistas, estudiosos e investigadores de nuestra historia del arte.<\/font><\/p>\n<table border=\"0\" cellspacing=\"0\" cellpadding=\"2\" width=\"450\">\n<tbody>\n<tr>\n<td valign=\"top\" width=\"152\"><a href=\"https:\/\/bobvarela.com\/wp-content\/uploads\/2012\/01\/Julio-Rosado-del-Valle-Naturaleza-muerta.jpg\"><img loading=\"lazy\" decoding=\"async\" style=\"background-image: none; border-bottom: 0px; border-left: 0px; padding-left: 0px; padding-right: 0px; display: inline; border-top: 0px; border-right: 0px; padding-top: 0px\" title=\"Julio Rosado del Valle-Naturaleza muerta\" border=\"0\" alt=\"Julio Rosado del Valle-Naturaleza muerta\" src=\"https:\/\/bobvarela.com\/wp-content\/uploads\/2012\/01\/Julio-Rosado-del-Valle-Naturaleza-muerta_thumb.jpg\" width=\"197\" height=\"159\"\/><\/a><\/td>\n<td valign=\"top\" width=\"146\"><a href=\"https:\/\/bobvarela.com\/wp-content\/uploads\/2012\/01\/Julio-Rosado-del-Valle-Semilla.jpg\"><img loading=\"lazy\" decoding=\"async\" style=\"background-image: none; border-bottom: 0px; border-left: 0px; padding-left: 0px; padding-right: 0px; display: inline; border-top: 0px; border-right: 0px; padding-top: 0px\" title=\"Julio Rosado del Valle-Semilla\" border=\"0\" alt=\"Julio Rosado del Valle-Semilla\" src=\"https:\/\/bobvarela.com\/wp-content\/uploads\/2012\/01\/Julio-Rosado-del-Valle-Semilla_thumb.jpg\" width=\"150\" height=\"130\"\/><\/a><\/td>\n<td valign=\"top\" width=\"150\"><a href=\"https:\/\/bobvarela.com\/wp-content\/uploads\/2012\/01\/Julio-Rosado-del-Valle-Carmencita195832x40.jpg\"><img loading=\"lazy\" decoding=\"async\" style=\"background-image: none; border-bottom: 0px; border-left: 0px; padding-left: 0px; padding-right: 0px; display: inline; border-top: 0px; border-right: 0px; padding-top: 0px\" title=\"Julio Rosado del Valle, Carmencita,1958,32x40\" border=\"0\" alt=\"Julio Rosado del Valle, Carmencita,1958,32x40\" src=\"https:\/\/bobvarela.com\/wp-content\/uploads\/2012\/01\/Julio-Rosado-del-Valle-Carmencita195832x40_thumb.jpg\" width=\"146\" height=\"169\"\/><\/a><\/td>\n<\/tr>\n<tr>\n<td valign=\"top\" width=\"152\">Julio Rosado del Valle-Naturaleza muerta<\/td>\n<td valign=\"top\" width=\"146\">Julio Rosado del Valle-Semilla<\/td>\n<td valign=\"top\" width=\"150\">Julio Rosado del Valle, Carmencita,1958,32&#215;40<\/td>\n<\/tr>\n<\/tbody>\n<\/table>\n<p align=\"justify\"><font size=\"3\">La exposici\u00f3n estar\u00e1 abierta al p\u00fablico hasta el mi\u00e9rcoles, 29 de febrero de 2012. El Museo de las Am\u00e9ricas est\u00e1 abierto al p\u00fablico en general de martes a s\u00e1bado de 9:00 a 12:00pm y 1:00 a 4:00pm y los domingos de 11:00am a 4:00pm. Para m\u00e1s informaci\u00f3n puede llamar al (787) 724-5052 \u00f3 visitar la p\u00e1gina <\/font><a href=\"https:\/\/www.museolasamericas.org\"><font size=\"3\">www.museolasamericas.org<\/font><\/a><font size=\"3\">.<\/font><\/p>\n","protected":false},"excerpt":{"rendered":"<p>18 de enero de 2012, San Juan, Puerto Rico \u2013 El Museo de Las Am\u00e9ricas inaugura exposici\u00f3n Cuadros del maestro Julio Rosado del Valle en la colecci\u00f3n Dr. Amaury Rosa Silva jueves, 26 de enero de 2012, a las 6:00&hellip;<\/p>\n<p class=\"more-link-p\"><a class=\"more-link\" href=\"https:\/\/bobvarela.com\/?p=27645\">Read more &rarr;<\/a><\/p>\n","protected":false},"author":1,"featured_media":0,"comment_status":"open","ping_status":"open","sticky":false,"template":"","format":"standard","meta":{"ngg_post_thumbnail":0,"footnotes":""},"categories":[3,6],"tags":[],"class_list":["post-27645","post","type-post","status-publish","format-standard","hentry","category-actividades","category-arte"],"_links":{"self":[{"href":"https:\/\/bobvarela.com\/index.php?rest_route=\/wp\/v2\/posts\/27645","targetHints":{"allow":["GET"]}}],"collection":[{"href":"https:\/\/bobvarela.com\/index.php?rest_route=\/wp\/v2\/posts"}],"about":[{"href":"https:\/\/bobvarela.com\/index.php?rest_route=\/wp\/v2\/types\/post"}],"author":[{"embeddable":true,"href":"https:\/\/bobvarela.com\/index.php?rest_route=\/wp\/v2\/users\/1"}],"replies":[{"embeddable":true,"href":"https:\/\/bobvarela.com\/index.php?rest_route=%2Fwp%2Fv2%2Fcomments&post=27645"}],"version-history":[{"count":1,"href":"https:\/\/bobvarela.com\/index.php?rest_route=\/wp\/v2\/posts\/27645\/revisions"}],"predecessor-version":[{"id":27646,"href":"https:\/\/bobvarela.com\/index.php?rest_route=\/wp\/v2\/posts\/27645\/revisions\/27646"}],"wp:attachment":[{"href":"https:\/\/bobvarela.com\/index.php?rest_route=%2Fwp%2Fv2%2Fmedia&parent=27645"}],"wp:term":[{"taxonomy":"category","embeddable":true,"href":"https:\/\/bobvarela.com\/index.php?rest_route=%2Fwp%2Fv2%2Fcategories&post=27645"},{"taxonomy":"post_tag","embeddable":true,"href":"https:\/\/bobvarela.com\/index.php?rest_route=%2Fwp%2Fv2%2Ftags&post=27645"}],"curies":[{"name":"wp","href":"https:\/\/api.w.org\/{rel}","templated":true}]}}