{"id":27867,"date":"2012-01-26T19:51:48","date_gmt":"2012-01-26T23:51:48","guid":{"rendered":"https:\/\/bobvarela.com\/?p=27867"},"modified":"2012-01-26T20:24:09","modified_gmt":"2012-01-27T00:24:09","slug":"concurso-reinas-de-la-belleza-con-yara-lasanta-como-directora-nacionala","status":"publish","type":"post","link":"https:\/\/bobvarela.com\/?p=27867","title":{"rendered":"Concurso Reinas de la Belleza con Yara Lasanta como Directora Nacionala"},"content":{"rendered":"<h6 align=\"justify\"><font size=\"3\">REINAS DE LA BELLEZA es una organizaci\u00f3n que busca promover la Belleza con Personalidad, ya que aparte de la belleza f\u00edsica se promueve ser comunicadora y proyectar a Puerto Rico como destino tur\u00edstico en el extranjero. Dentro de la variada cartera de cert\u00e1menes de belleza <\/font><font size=\"3\">es una nueva opci\u00f3n para chicas de 18-25 a\u00f1os interesadas en representar <\/font><font size=\"3\">a Puerto Rico, promover el turismo interno y nuestra cultura.<\/font><\/h6>\n<p align=\"justify\">&#160;<\/p>\n<p align=\"justify\"><font size=\"3\"><a href=\"https:\/\/bobvarela.com\/wp-content\/uploads\/2012\/01\/Nicole_Colon__Linoshka_Castro.jpg\"><img loading=\"lazy\" decoding=\"async\" style=\"background-image: none; border-right-width: 0px; margin: 0px; padding-left: 0px; padding-right: 0px; display: inline; border-top-width: 0px; border-bottom-width: 0px; border-left-width: 0px; padding-top: 0px\" title=\"Nicole_Colon_&amp;_Linoshka_Castro\" border=\"0\" alt=\"Nicole_Colon_&amp;_Linoshka_Castro\" src=\"https:\/\/bobvarela.com\/wp-content\/uploads\/2012\/01\/Nicole_Colon__Linoshka_Castro_thumb.jpg\" width=\"124\" height=\"184\" \/><\/a><a href=\"https:\/\/bobvarela.com\/wp-content\/uploads\/2012\/01\/YARA_REINAS.jpg\"><img loading=\"lazy\" decoding=\"async\" style=\"background-image: none; border-right-width: 0px; padding-left: 0px; padding-right: 0px; display: inline; border-top-width: 0px; border-bottom-width: 0px; border-left-width: 0px; padding-top: 0px\" title=\"YARA_REINAS\" border=\"0\" alt=\"YARA_REINAS\" src=\"https:\/\/bobvarela.com\/wp-content\/uploads\/2012\/01\/YARA_REINAS_thumb.jpg\" width=\"124\" height=\"186\" \/><\/a><a href=\"https:\/\/bobvarela.com\/wp-content\/uploads\/2012\/01\/REINASCORONADAS.jpg\"><img loading=\"lazy\" decoding=\"async\" style=\"background-image: none; border-right-width: 0px; padding-left: 0px; padding-right: 0px; display: inline; border-top-width: 0px; border-bottom-width: 0px; border-left-width: 0px; padding-top: 0px\" title=\"REINASCORONADAS\" border=\"0\" alt=\"REINASCORONADAS\" src=\"https:\/\/bobvarela.com\/wp-content\/uploads\/2012\/01\/REINASCORONADAS_thumb.jpg\" width=\"138\" height=\"190\" \/><\/a><\/font><\/p>\n<h6 align=\"justify\"><font size=\"3\">Reinas de la Belleza naci\u00f3 en 2009 teniendo la primera oportunidad de enviar representantes a concursos internacionales y logrando destacar y posicionar a Puerto Rico de forma positiva en los eventos:<\/font><\/h6>\n<p align=\"justify\"><font size=\"3\"><\/font><\/p>\n<h6 align=\"justify\"><font size=\"3\">\u2022Miss Bikini International-Darla Pacheco <\/font><\/h6>\n<h6 align=\"justify\"><font size=\"3\">(Segunda Finalista y Primera Finalista de Talento)<\/font><\/h6>\n<h6 align=\"justify\"><font size=\"3\">\u2022Miss Tourism Queen International-Agnes Ben\u00edtez<\/font><\/h6>\n<h6 align=\"justify\"><font size=\"3\">(Semifinalista y Reina de Las Am\u00e9ricas)<\/font><\/h6>\n<h6 align=\"justify\"><font size=\"3\">\u2022Miss Friendship-Carla Harrison <\/font><\/h6>\n<h6 align=\"justify\"><font size=\"3\">(Premio Miss Wisdom)<\/font><\/h6>\n<h6 align=\"justify\"><font size=\"3\">\u2022Miss Global Beauty-Nydia Camacho<\/font><\/h6>\n<h6 align=\"justify\"><font size=\"3\">(Acompa\u00f1o artista invitado con una ejecuci\u00f3n de ballet)<\/font><\/h6>\n<p align=\"justify\"><font size=\"3\"><\/font><\/p>\n<h6 align=\"justify\"><font size=\"3\">El pasado mes de noviembre de 2011 el destino fue Guayaquil, Ecuador; donde<\/font><font size=\"3\">l ogramos nuestra primera corona internacional, MISS TURISMO LATINO 2011 <\/font><font size=\"3\">en la representaci\u00f3n de la joven Linoshka Marlene Castro. Linoshka gan\u00f3 el premio de Mejor Silueta, Chica Bac\u00e1n y Chica Indigo (Patrocinadores de Moda) haciendo sus campa\u00f1as publicitarias.<\/font><\/h6>\n<h6 align=\"justify\"><font size=\"3\"><\/font><\/h6>\n<h6 align=\"justify\"><font size=\"3\"><\/font><\/h6>\n<h6 align=\"justify\"><font size=\"3\">Reinas de la Belleza tendr\u00e1 como Directora Nacional a la Reportera, <\/font><font size=\"3\">Conductora y Ex-Reina de belleza, Yara Lasanta en alianza con la Academia <\/font><\/h6>\n<h6 align=\"justify\"><font size=\"3\">de talento y modelaje FamaMode donde las chicas recibir\u00e1n sus talleres para la preparaci\u00f3n del evento local.<\/font><\/h6>\n<p align=\"justify\"><font size=\"3\"><\/font><\/p>\n<h6 align=\"justify\"><font size=\"3\">La primera edici\u00f3n de Reinas de la Belleza ser\u00e1 celebrado en Verano 2012, <\/font><font size=\"3\">y se estar\u00e1n seleccionando las representantes a Miss Turismo Latino (Agosto 2012)<\/font><font size=\"3\">y Miss Panamerican International (Junio 2013). Ambos eventos buscan promover el turismo de los pa\u00edses representados por medio del intercambio cultural entre las participantes.<\/font><\/h6>\n<h6 align=\"justify\"><a href=\"https:\/\/bobvarela.com\/wp-content\/uploads\/2012\/01\/reinas_duo.jpg\"><img loading=\"lazy\" decoding=\"async\" style=\"background-image: none; border-right-width: 0px; padding-left: 0px; padding-right: 0px; display: block; float: none; border-top-width: 0px; border-bottom-width: 0px; margin-left: auto; border-left-width: 0px; margin-right: auto; padding-top: 0px\" title=\"reinas_duo\" border=\"0\" alt=\"reinas_duo\" src=\"https:\/\/bobvarela.com\/wp-content\/uploads\/2012\/01\/reinas_duo_thumb.jpg\" width=\"232\" height=\"156\" \/><\/a><u><font size=\"3\"><\/font><\/u><\/h6>\n<h6 align=\"justify\"><u><font size=\"3\"><\/font><\/u><\/h6>\n<h6 align=\"justify\"><u><font size=\"3\"><\/font><\/u><\/h6>\n<h6 align=\"justify\"><u><font size=\"3\"><\/font><\/u><\/h6>\n<h6 align=\"justify\"><u><font style=\"font-weight: bold\" size=\"3\"><\/font><\/u><\/h6>\n<h6 align=\"justify\"><u><font style=\"font-weight: bold\" size=\"3\">Miss Panamerican International 2012<\/font><\/u><\/h6>\n<h6 align=\"justify\"><font size=\"3\">Miss Panamerican International estar\u00e1 celebrado su edici\u00f3n n\u00famero 26 en Junio 2012 por lo que hemos seleccionado a la joven Nicole Marie Col\u00f3n Rivera para representarnos en Los \u00c1ngeles, California. Cabe destacar que Puerto Rico obtuvo este t\u00edtulo en 1988-90 en la representaci\u00f3n de Gloria de Nava.<\/font><\/h6>\n<p align=\"justify\"><font size=\"3\"><\/font><\/p>\n<p align=\"justify\"><strong><font size=\"3\">Fotos de Nicole Marie Col\u00f3n Rivera (Miss Puerto Rico Panamerican International)<\/font><\/strong><\/p>\n<h6 align=\"justify\"><u><a href=\"https:\/\/bobvarela.com\/wp-content\/uploads\/2012\/01\/nicoleweb_MG_6989.jpg\"><font size=\"3\"><img loading=\"lazy\" decoding=\"async\" style=\"background-image: none; border-right-width: 0px; padding-left: 0px; padding-right: 0px; display: inline; border-top-width: 0px; border-bottom-width: 0px; border-left-width: 0px; padding-top: 0px\" title=\"nicoleweb_MG_6989\" border=\"0\" alt=\"nicoleweb_MG_6989\" src=\"https:\/\/bobvarela.com\/wp-content\/uploads\/2012\/01\/nicoleweb_MG_6989_thumb.jpg\" width=\"214\" height=\"166\" \/><\/font><\/a><a href=\"https:\/\/bobvarela.com\/wp-content\/uploads\/2012\/01\/nicolew3-4.jpg\"><font size=\"3\"><img loading=\"lazy\" decoding=\"async\" style=\"background-image: none; border-right-width: 0px; padding-left: 0px; padding-right: 0px; display: inline; border-top-width: 0px; border-bottom-width: 0px; border-left-width: 0px; padding-top: 0px\" title=\"nicolew3-4\" border=\"0\" alt=\"nicolew3-4\" src=\"https:\/\/bobvarela.com\/wp-content\/uploads\/2012\/01\/nicolew3-4_thumb.jpg\" width=\"143\" height=\"191\" \/><\/font><\/a><a href=\"https:\/\/bobvarela.com\/wp-content\/uploads\/2012\/01\/Nicole_Colon_Miss_Panam_Int.jpg\"><font size=\"3\"><img loading=\"lazy\" decoding=\"async\" style=\"background-image: none; border-right-width: 0px; padding-left: 0px; padding-right: 0px; display: inline; border-top-width: 0px; border-bottom-width: 0px; border-left-width: 0px; padding-top: 0px\" title=\"Nicole_Colon_Miss_Panam_Int\" border=\"0\" alt=\"Nicole_Colon_Miss_Panam_Int\" src=\"https:\/\/bobvarela.com\/wp-content\/uploads\/2012\/01\/Nicole_Colon_Miss_Panam_Int_thumb.jpg\" width=\"145\" height=\"191\" \/><\/font><\/a><\/u><\/h6>\n<h6 align=\"justify\"><u><font size=\"3\"><\/font><\/u><\/h6>\n<h6 align=\"justify\"><u><font size=\"3\"><\/font><\/u><\/h6>\n<h6 align=\"justify\"><u><font size=\"3\"><\/font><\/u><\/h6>\n<h6 align=\"justify\"><u><font style=\"font-weight: bold\" size=\"3\"><\/font><\/u><\/h6>\n<h6 align=\"justify\"><u><font style=\"font-weight: bold\" size=\"3\">Miss Turismo Latino 2012<\/font><\/u><\/h6>\n<h6 align=\"justify\"><font size=\"3\">Miss Turismo Latino ser\u00e1 celebrado en Agosto de 2012donde nuestra Reina Linoshka Castro entregar\u00e1 su t\u00edtulo y dar\u00e1 un viaje a las Islas Gal\u00e1pagos.<\/font><\/h6>\n<h6 align=\"justify\"><u><font size=\"3\"><\/font><\/u><\/h6>\n<p align=\"justify\"><font size=\"3\"><strong><\/strong><\/font><\/p>\n<p align=\"justify\"><font size=\"3\"><strong>Fotos de Linoska Castro (<font size=\"3\">Miss Turismo Latino 2011)<\/font><\/strong><\/font><\/p>\n<p align=\"justify\"><a href=\"https:\/\/bobvarela.com\/wp-content\/uploads\/2012\/01\/lino_MG_7058.jpg\"><img loading=\"lazy\" decoding=\"async\" style=\"background-image: none; border-right-width: 0px; padding-left: 0px; padding-right: 0px; display: inline; border-top-width: 0px; border-bottom-width: 0px; border-left-width: 0px; padding-top: 0px\" title=\"lino_MG_7058\" border=\"0\" alt=\"lino_MG_7058\" src=\"https:\/\/bobvarela.com\/wp-content\/uploads\/2012\/01\/lino_MG_7058_thumb.jpg\" width=\"129\" height=\"191\" \/><\/a><a href=\"https:\/\/bobvarela.com\/wp-content\/uploads\/2012\/01\/lino_MG_7044b.jpg\"><img loading=\"lazy\" decoding=\"async\" style=\"background-image: none; border-right-width: 0px; padding-left: 0px; padding-right: 0px; display: inline; border-top-width: 0px; border-bottom-width: 0px; border-left-width: 0px; padding-top: 0px\" title=\"lino_MG_7044b\" border=\"0\" alt=\"lino_MG_7044b\" src=\"https:\/\/bobvarela.com\/wp-content\/uploads\/2012\/01\/lino_MG_7044b_thumb.jpg\" width=\"138\" height=\"194\" \/><\/a><a href=\"https:\/\/bobvarela.com\/wp-content\/uploads\/2012\/01\/LINOCROWN.jpg\"><img loading=\"lazy\" decoding=\"async\" style=\"background-image: none; border-right-width: 0px; padding-left: 0px; padding-right: 0px; display: inline; border-top-width: 0px; border-bottom-width: 0px; border-left-width: 0px; padding-top: 0px\" title=\"LINOCROWN\" border=\"0\" alt=\"LINOCROWN\" src=\"https:\/\/bobvarela.com\/wp-content\/uploads\/2012\/01\/LINOCROWN_thumb.jpg\" width=\"260\" height=\"172\" \/><\/a><\/p>\n<p align=\"justify\"><u><font style=\"font-weight: bold\" size=\"3\">Inscripciones Abiertas<\/font><\/u><\/p>\n<h6 align=\"justify\"><font size=\"3\">Las chicas interesadas en participar deben tener buena personalidad,tener entre 18 y 25 a\u00f1os, estatura de 5\u20196\u201d en adelante y ser solteras sin hijos. Cada representante deber\u00e1 exponer su pueblo como destino tur\u00edstico. Se ofrecer\u00e1n talleres intensivos para el mejoramiento de la candidata buscando seguridad para lograr una exposici\u00f3n positiva de la participante.<\/font><\/h6>\n<p align=\"justify\"><font size=\"3\"><\/font><\/p>\n<p> <u><\/u>  <\/p>\n<p align=\"justify\"><u><font style=\"font-weight: bold\" size=\"3\">Turisteando con Reinas de la Belleza<\/font><\/u><\/p>\n<h6 align=\"justify\"><font size=\"3\">Estaremos haciendo convocatorias para que acompa\u00f1en a Linoshka y Nicole a visitar diferentes pueblos para conocer normal m\u00e1s de nuestra gente y promover el turismo interno.Los primeros recorridos ser\u00e1n en Carolina y Aibonito.<\/font><\/h6>\n<p align=\"justify\"><font size=\"3\"><\/font><\/p>\n<p align=\"justify\"><u><font style=\"font-weight: bold\" size=\"3\">Orientaci\u00f3n y Supervisi\u00f3n<\/font><\/u><\/p>\n<h6 align=\"justify\"><font size=\"3\">Reinas de la Belleza se encargar\u00e1 de atender y servir de apoyo para la preparaci\u00f3n de la chicas para obtener un mejor balance en la imagen y exposici\u00f3n de las participantes. El dise\u00f1ador \u00c1ngel Guzm\u00e1n estar\u00e1 a cargo de orientar y velar por la apariencia de las chicas para las presentaciones y\/o actividades.<\/font><\/h6>\n<p align=\"justify\"><font size=\"3\"><\/font><\/p>\n<p> <u><\/u>  <\/p>\n<p align=\"justify\"><u><font style=\"font-weight: bold\" size=\"3\">El Evento<\/font><\/u><\/p>\n<h6 align=\"justify\"><font size=\"3\">Reinas de la Belleza a\u00f1ade al formato b\u00e1sico de los concursos, una plataforma para exponer su pueblo como destino tur\u00edstico ante el jurado. La escenograf\u00eda estar\u00e1 a cargo de Producciones Contraparte mientras el montaje de luces y sonido ser\u00e1 de World Events<\/font><\/h6>\n","protected":false},"excerpt":{"rendered":"<p>REINAS DE LA BELLEZA es una organizaci\u00f3n que busca promover la Belleza con Personalidad, ya que aparte de la belleza f\u00edsica se promueve ser comunicadora y proyectar a Puerto Rico como destino tur\u00edstico en el extranjero. Dentro de la variada&hellip;<\/p>\n<p class=\"more-link-p\"><a class=\"more-link\" href=\"https:\/\/bobvarela.com\/?p=27867\">Read more &rarr;<\/a><\/p>\n","protected":false},"author":1,"featured_media":0,"comment_status":"open","ping_status":"open","sticky":false,"template":"","format":"standard","meta":{"ngg_post_thumbnail":0,"footnotes":""},"categories":[5],"tags":[],"class_list":["post-27867","post","type-post","status-publish","format-standard","hentry","category-concursos"],"_links":{"self":[{"href":"https:\/\/bobvarela.com\/index.php?rest_route=\/wp\/v2\/posts\/27867","targetHints":{"allow":["GET"]}}],"collection":[{"href":"https:\/\/bobvarela.com\/index.php?rest_route=\/wp\/v2\/posts"}],"about":[{"href":"https:\/\/bobvarela.com\/index.php?rest_route=\/wp\/v2\/types\/post"}],"author":[{"embeddable":true,"href":"https:\/\/bobvarela.com\/index.php?rest_route=\/wp\/v2\/users\/1"}],"replies":[{"embeddable":true,"href":"https:\/\/bobvarela.com\/index.php?rest_route=%2Fwp%2Fv2%2Fcomments&post=27867"}],"version-history":[{"count":13,"href":"https:\/\/bobvarela.com\/index.php?rest_route=\/wp\/v2\/posts\/27867\/revisions"}],"predecessor-version":[{"id":27880,"href":"https:\/\/bobvarela.com\/index.php?rest_route=\/wp\/v2\/posts\/27867\/revisions\/27880"}],"wp:attachment":[{"href":"https:\/\/bobvarela.com\/index.php?rest_route=%2Fwp%2Fv2%2Fmedia&parent=27867"}],"wp:term":[{"taxonomy":"category","embeddable":true,"href":"https:\/\/bobvarela.com\/index.php?rest_route=%2Fwp%2Fv2%2Fcategories&post=27867"},{"taxonomy":"post_tag","embeddable":true,"href":"https:\/\/bobvarela.com\/index.php?rest_route=%2Fwp%2Fv2%2Ftags&post=27867"}],"curies":[{"name":"wp","href":"https:\/\/api.w.org\/{rel}","templated":true}]}}