{"id":28395,"date":"2012-02-03T18:41:18","date_gmt":"2012-02-03T22:41:18","guid":{"rendered":"https:\/\/bobvarela.com\/?p=28395"},"modified":"2012-02-03T18:41:20","modified_gmt":"2012-02-03T22:41:20","slug":"las-cosas-pequeas-se-estrena-este-domingo-exclusivamente-en-sal-y-pimienta","status":"publish","type":"post","link":"https:\/\/bobvarela.com\/?p=28395","title":{"rendered":"&quot;LAS COSAS PEQUE&Ntilde;AS&quot; SE ESTRENA ESTE DOMINGO EXCLUSIVAMENTE EN SAL Y PIMIENTA"},"content":{"rendered":"<p align=\"center\"><strong><\/strong><\/p>\n<p><strong><\/strong><strong><img loading=\"lazy\" decoding=\"async\" style=\"display: block; float: none; margin-left: auto; margin-right: auto\" border=\"0\" vspace=\"5\" src=\"https:\/\/i810.photobucket.com\/albums\/zz25\/digitalgirl12\/LCPPHOTOCROP.jpg\" width=\"475\" height=\"351\" \/><\/strong><\/p>\n<p><strong><\/strong><\/p>\n<p align=\"justify\"><font size=\"3\"><strong><\/strong><\/font><\/p>\n<p align=\"justify\"><font size=\"3\"><strong>MIAMI, Florida (2 de febrero de 2012)<\/strong> &#8211; El nuevo videoclip de <strong>Prince Royce<\/strong>, de su mas reciente hit <strong>&quot;Las Cosas Peque\u00f1as&quot;<\/strong> se estrena en la televisi\u00f3n este domingo a las 10PM\/9PM Centro en el programa de Univision &quot;Sal y Pimienta&quot; e inmediatamente despu\u00e9s del programa el video se podr\u00e1 ver exclusivamente por UnivisionMusica.com.<\/font><\/p>\n<p align=\"justify\"><font size=\"3\"><strong>&quot;Las Cosas Peque\u00f1as&quot;<\/strong> es el esperado primer sencillo de la segunda producci\u00f3n discogr\u00e1fica de Prince Royce, la cual saldr\u00e1 al mercado el 10 de abril y se titula <strong>&quot;Phase II&quot;<\/strong>. A solo una semana de haberse estrenado en la radio, la canci\u00f3n ya es todo un hit, debutando en la posici\u00f3n #1 en los listados de canciones tropicales y #4 en los listados de m\u00fasica latina (incluyendo todos los g\u00e9neros) seg\u00fan Mediabase y Billboard. <\/font><\/p>\n<p align=\"justify\"><font size=\"3\">El video, dirigido por Carlos Perez de Elastic People, se film\u00f3 hace unas semanas en el Parque Central de la ciudad de Nueva York, donde naci\u00f3 y se crio el joven cantautor de padres dominicanos. <\/font><\/p>\n<p align=\"justify\"><font size=\"3\"><em>&quot;Quise hacer este video en el Parque Central de Nueva York porque es un lugar m\u00e1gico donde he disfrutado muchos momentos bonitos, desde visitar ah\u00ed con mi familia a escribir canciones junto al lago y hasta filmar mi primer videoclip. Esta canci\u00f3n trata de las cosas o momentos peque\u00f1os que tienen un valor inmenso en nuestras vidas y por eso me pareci\u00f3 el lugar perfecto para al videoclip&quot;,<\/em> expres\u00f3 Royce.<\/font><\/p>\n<p align=\"justify\"><font size=\"3\">Tras cuatro grandes \u00e9xitos en su auto-titulado \u00e1lbum debut (marzo 2010), &quot;Stand By Me&quot;, &quot;Coraz\u00f3n Sin Cara&quot;, &quot;El Amor Que Perdimos&quot; y &quot;Mi Ultima Carta&quot;, y dos exitos\u00edsimas colaboraciones, &quot;El Verdadero Amor Perdona&quot; junto a Man\u00e1 y &quot;Ven Conmigo&quot; junto a Daddy Yankee, este sencillo marca el principio de una nueva fase para el artista que logr\u00f3 alcanzar disco de triple platino en EEUU y Puerto Rico.<\/font><\/p>\n","protected":false},"excerpt":{"rendered":"<p>MIAMI, Florida (2 de febrero de 2012) &#8211; El nuevo videoclip de Prince Royce, de su mas reciente hit &quot;Las Cosas Peque\u00f1as&quot; se estrena en la televisi\u00f3n este domingo a las 10PM\/9PM Centro en el programa de Univision &quot;Sal y&hellip;<\/p>\n<p class=\"more-link-p\"><a class=\"more-link\" href=\"https:\/\/bobvarela.com\/?p=28395\">Read more &rarr;<\/a><\/p>\n","protected":false},"author":1,"featured_media":0,"comment_status":"open","ping_status":"open","sticky":false,"template":"","format":"standard","meta":{"ngg_post_thumbnail":0,"footnotes":""},"categories":[127],"tags":[],"class_list":["post-28395","post","type-post","status-publish","format-standard","hentry","category-musica"],"_links":{"self":[{"href":"https:\/\/bobvarela.com\/index.php?rest_route=\/wp\/v2\/posts\/28395","targetHints":{"allow":["GET"]}}],"collection":[{"href":"https:\/\/bobvarela.com\/index.php?rest_route=\/wp\/v2\/posts"}],"about":[{"href":"https:\/\/bobvarela.com\/index.php?rest_route=\/wp\/v2\/types\/post"}],"author":[{"embeddable":true,"href":"https:\/\/bobvarela.com\/index.php?rest_route=\/wp\/v2\/users\/1"}],"replies":[{"embeddable":true,"href":"https:\/\/bobvarela.com\/index.php?rest_route=%2Fwp%2Fv2%2Fcomments&post=28395"}],"version-history":[{"count":1,"href":"https:\/\/bobvarela.com\/index.php?rest_route=\/wp\/v2\/posts\/28395\/revisions"}],"predecessor-version":[{"id":28396,"href":"https:\/\/bobvarela.com\/index.php?rest_route=\/wp\/v2\/posts\/28395\/revisions\/28396"}],"wp:attachment":[{"href":"https:\/\/bobvarela.com\/index.php?rest_route=%2Fwp%2Fv2%2Fmedia&parent=28395"}],"wp:term":[{"taxonomy":"category","embeddable":true,"href":"https:\/\/bobvarela.com\/index.php?rest_route=%2Fwp%2Fv2%2Fcategories&post=28395"},{"taxonomy":"post_tag","embeddable":true,"href":"https:\/\/bobvarela.com\/index.php?rest_route=%2Fwp%2Fv2%2Ftags&post=28395"}],"curies":[{"name":"wp","href":"https:\/\/api.w.org\/{rel}","templated":true}]}}