{"id":28399,"date":"2012-02-03T18:57:42","date_gmt":"2012-02-03T22:57:42","guid":{"rendered":"https:\/\/bobvarela.com\/?p=28399"},"modified":"2012-02-03T18:57:44","modified_gmt":"2012-02-03T22:57:44","slug":"eventos-en-el-museo-de-las-americas-febrero-2012","status":"publish","type":"post","link":"https:\/\/bobvarela.com\/?p=28399","title":{"rendered":"EVENTOS EN EL MUSEO DE LAS AMERICAS FEBRERO 2012"},"content":{"rendered":"<p align=\"center\"><b><a href=\"https:\/\/bobvarela.com\/wp-content\/uploads\/2012\/02\/clip_image002.jpg\"><img loading=\"lazy\" decoding=\"async\" style=\"background-image: none; border-bottom: 0px; border-left: 0px; padding-left: 0px; padding-right: 0px; display: inline; border-top: 0px; border-right: 0px; padding-top: 0px\" title=\"clip_image002\" border=\"0\" alt=\"clip_image002\" src=\"https:\/\/bobvarela.com\/wp-content\/uploads\/2012\/02\/clip_image002_thumb.jpg\" width=\"117\" height=\"117\" \/><\/a><\/b><\/p>\n<p align=\"justify\"><font size=\"3\">31 de enero de 2012, San Juan, Puerto Rico \u2013 La directora ejecutiva del Museo de Las Am\u00e9ricas, Mar\u00eda A. L\u00f3pez Vilella, anuncia los siguientes eventos que celebraran durante el mes de febrero de 2012.<\/font><\/p>\n<p align=\"justify\"><b><font size=\"3\">Domingos de Artesanos<\/font><\/b><\/p>\n<p align=\"justify\"><font size=\"3\">Domingo, 5 de febrero, 12:00pm \u2013 5:00pm<\/font><\/p>\n<p align=\"justify\"><font size=\"3\">Con el fin de promover las artes populares puertorrique\u00f1as, y a nuestros artesanos de hoy, el Museo de Las Am\u00e9ricas estableci\u00f3 los <b>Domingos de Artesanos<\/b>, donde cada primer domingo de mes hay presente un artesano desarrollando y vendiendo sus obras. En febrero contaremos con el artesano Orlando Galarza, especialista en cristal soplado. <\/font><\/p>\n<p align=\"justify\"><b><font size=\"3\">Talleres para ni\u00f1os<\/font><\/b><\/p>\n<p align=\"justify\"><font size=\"3\">S\u00e1bados y Domingos, 1:00 p.m.<\/font><\/p>\n<p align=\"justify\"><font size=\"3\">Con la entrada al Museo, los ni\u00f1os pueden disfrutar de talleres de arte libre de costo.<\/font><\/p>\n<p align=\"justify\"><b><font size=\"3\">Tradici\u00f3n y Controversia, dos artistas, dos tesoros<\/font><\/b><\/p>\n<p align=\"justify\"><font size=\"3\">Domingo, 5 de febrero, 1:00pm<\/font><\/p>\n<p align=\"justify\"><font size=\"3\"><b>Recorrido con el artista Eric Tabales<\/b><b><\/b><\/font><\/p>\n<p align=\"justify\"><font size=\"3\">La exhibici\u00f3n <b>Tradici\u00f3n y Controversia, dos artistas, dos tesoros se coordin\u00f3 con motivo de <\/b>los 500 a\u00f1os de presencia de los frailes dominicos en Puerto Rico. La Orden de Predicadores celebra este acontecimiento mostrando el apoyo que han dado al arte hist\u00f3ricamente para representar la visi\u00f3n de Dios, su esp\u00edritu humanista y el llamado a la evangelizaci\u00f3n. <b>Tradici\u00f3n y Controversia<\/b> reconoce la aportaci\u00f3n art\u00edstica que Fray Marcolino Maas, OP realiz\u00f3 para contribuir, como \u00e9l mismo dice a \u201cser un medio en las Manos de Dios para atraer una oveja descarriada\u201d y a la historia del arte en Puerto Rico. Incluye adem\u00e1s, la obra del pintor Eric Tabales, artista residente de la Universidad Central de Bayam\u00f3n, quien presenta una colecci\u00f3n de cinco obras sobre la Orden de Predicadores en la actualidad y su interesante di\u00e1logo con varias obras de Marcolino donde ambos comparten su preferencia por trabajar su arte en medios no tradicionales. La exposici\u00f3n se ha extendido hasta el domingo, 1 de abril. <\/font><\/p>\n<p align=\"justify\"><font size=\"3\"><b>Cuadros del maestro Julio Rosado del Valle en la colecci\u00f3n Dr. Amaury Rosa Silva<\/b> Esta exposici\u00f3n presenta un grupo de obras que form\u00f3 parte de la colecci\u00f3n del Dr. Heber Amaury Rosa Silva y que fue adquirida por el Sr. Tom\u00e1s Day\u00e1. En un genuino inter\u00e9s de que la colecci\u00f3n se mantenga unida y quede en Puerto Rico, el Sr. Day\u00e1 a trav\u00e9s de Obra Galer\u00eda Alegr\u00eda hace disponible esta colecci\u00f3n para el disfrute de todos los amantes de la obra de Julio Rosado Del Valle. La exposici\u00f3n estar\u00e1 abierta al p\u00fablico hasta el mi\u00e9rcoles, 29 de febrero de 2012. <b><\/b><\/font><\/p>\n<p align=\"justify\"><b><font size=\"3\"><\/font><\/b><\/p>\n<p align=\"justify\"><b><font size=\"3\">Nocturnos de Museo<\/font><\/b><\/p>\n<p align=\"justify\"><font size=\"3\">Jueves, 16 de febrero, 6:00pm a 9:00pm<\/font><\/p>\n<p align=\"justify\"><font size=\"3\"><b>Nocturnos de Museo <\/b>es una nueva iniciativa donde se abrir\u00e1n las salas libre de costo, el tercer jueves de cada mes, de 6:00pm a 9:00pm, para que una mayor cantidad de p\u00fablico tenga la oportunidad de conocer el acervo del Museo de Las Am\u00e9ricas. Adem\u00e1s, podr\u00e1n disfrutar de la participaci\u00f3n de destacados j\u00f3venes m\u00fasicos quienes ofrecer\u00e1n su talento a los asistentes y otra variedad de actividades culturales como presentaciones de libros, conferencias y visitas guiadas.<\/font><\/p>\n<p align=\"justify\"><b><font size=\"3\">Taller de Exposici\u00f3n en Fotograf\u00eda Digital<\/font><\/b><\/p>\n<p align=\"justify\"><font size=\"3\">S\u00e1bado, 25 de febrero de 2012, 10:00am a 4:00pm<\/font><\/p>\n<p align=\"justify\"><font size=\"3\">El Museo de Las Am\u00e9ricas se une a Fotomission para ofrecer una serie de talleres de fotograf\u00eda dirigidos al aficionado y el profesional emergente. El primero en esta serie ser\u00e1 sobre la exposici\u00f3n, el aspecto m\u00e1s esencial de la captura de la imagen digital. Este taller de un d\u00eda se concentrar\u00e1 en la utilizaci\u00f3n de los controles de la c\u00e1mara, t\u00e9cnicas de medici\u00f3n de luz, exposici\u00f3n, distribuci\u00f3n de tonos y comprensi\u00f3n del histograma. El estudiante aprender\u00e1 exactamente qu\u00e9 hacer y qu\u00e9 esperar como resultado final. Luego de completar este taller el estudiante podr\u00e1 crear fotograf\u00edas con el impacto visual que ha estado deseando lograr. El costo por participante es de $75.00, incluye materiales. Se recomienda el uso de una c\u00e1mara digital. Hay un l\u00edmite de 20 participantes. Para m\u00e1s informaci\u00f3n puede acceder la p\u00e1gina www.fotomission.org.<\/font><\/p>\n<p align=\"justify\"><font size=\"3\">El Museo de las Am\u00e9ricas y su Tienda est\u00e1n abiertos al p\u00fablico en general de martes a s\u00e1bado de 9:00 a 12:00pm y 1:00 a 4:00pm y los domingos de 12:00pm a 5:00pm. Para m\u00e1s informaci\u00f3n puede llamar al (787) 724-5052 \u00f3 visitar la p\u00e1gina <\/font><a href=\"https:\/\/www.museolasamericas.org\"><font size=\"3\">www.museolasamericas.org<\/font><\/a><font size=\"3\">.<\/font><\/p>\n","protected":false},"excerpt":{"rendered":"<p>31 de enero de 2012, San Juan, Puerto Rico \u2013 La directora ejecutiva del Museo de Las Am\u00e9ricas, Mar\u00eda A. L\u00f3pez Vilella, anuncia los siguientes eventos que celebraran durante el mes de febrero de 2012. Domingos de Artesanos Domingo, 5&hellip;<\/p>\n<p class=\"more-link-p\"><a class=\"more-link\" href=\"https:\/\/bobvarela.com\/?p=28399\">Read more &rarr;<\/a><\/p>\n","protected":false},"author":1,"featured_media":0,"comment_status":"open","ping_status":"open","sticky":false,"template":"","format":"standard","meta":{"ngg_post_thumbnail":0,"footnotes":""},"categories":[6],"tags":[],"class_list":["post-28399","post","type-post","status-publish","format-standard","hentry","category-arte"],"_links":{"self":[{"href":"https:\/\/bobvarela.com\/index.php?rest_route=\/wp\/v2\/posts\/28399","targetHints":{"allow":["GET"]}}],"collection":[{"href":"https:\/\/bobvarela.com\/index.php?rest_route=\/wp\/v2\/posts"}],"about":[{"href":"https:\/\/bobvarela.com\/index.php?rest_route=\/wp\/v2\/types\/post"}],"author":[{"embeddable":true,"href":"https:\/\/bobvarela.com\/index.php?rest_route=\/wp\/v2\/users\/1"}],"replies":[{"embeddable":true,"href":"https:\/\/bobvarela.com\/index.php?rest_route=%2Fwp%2Fv2%2Fcomments&post=28399"}],"version-history":[{"count":1,"href":"https:\/\/bobvarela.com\/index.php?rest_route=\/wp\/v2\/posts\/28399\/revisions"}],"predecessor-version":[{"id":28400,"href":"https:\/\/bobvarela.com\/index.php?rest_route=\/wp\/v2\/posts\/28399\/revisions\/28400"}],"wp:attachment":[{"href":"https:\/\/bobvarela.com\/index.php?rest_route=%2Fwp%2Fv2%2Fmedia&parent=28399"}],"wp:term":[{"taxonomy":"category","embeddable":true,"href":"https:\/\/bobvarela.com\/index.php?rest_route=%2Fwp%2Fv2%2Fcategories&post=28399"},{"taxonomy":"post_tag","embeddable":true,"href":"https:\/\/bobvarela.com\/index.php?rest_route=%2Fwp%2Fv2%2Ftags&post=28399"}],"curies":[{"name":"wp","href":"https:\/\/api.w.org\/{rel}","templated":true}]}}