{"id":28564,"date":"2012-02-08T20:55:12","date_gmt":"2012-02-09T00:55:12","guid":{"rendered":"https:\/\/bobvarela.com\/?p=28564"},"modified":"2012-02-08T20:55:14","modified_gmt":"2012-02-09T00:55:14","slug":"roberto-verino-en-el-mercedes-benz-fashion-week-madrid-otoo-invierno-2012-13","status":"publish","type":"post","link":"https:\/\/bobvarela.com\/?p=28564","title":{"rendered":"Roberto Verino en el MERCEDES-BENZ Fashion Week Madrid Oto&ntilde;o-Invierno 2012-13"},"content":{"rendered":"<p align=\"justify\"><font size=\"3\">El Dese\u00f1ador hizo la presentacion el 1 de febrero<\/font><\/p>\n<p align=\"justify\"><font size=\"3\">El mundo art\u00edstico, intelectual y bohemio de Nueva York en los a\u00f1os 70, el crisol de movimientos culturales, raciales, y la efervescencia de la belleza y el arte, son los hilos conductores y la inspiraci\u00f3n para el desfile de la temporada Oto\u00f1o-Invierno 2012-13 de Roberto Verino.<\/font><\/p>\n<p align=\"justify\"><a href=\"https:\/\/bobvarela.com\/wp-content\/uploads\/2012\/02\/PF12_RobertoVerino_008-682x1024.jpg\"><font size=\"3\"><img loading=\"lazy\" decoding=\"async\" style=\"background-image: none; border-right-width: 0px; margin: 0px; padding-left: 0px; padding-right: 0px; display: inline; border-top-width: 0px; border-bottom-width: 0px; border-left-width: 0px; padding-top: 0px\" title=\"PF12_RobertoVerino_008-682x1024\" border=\"0\" alt=\"PF12_RobertoVerino_008-682x1024\" src=\"https:\/\/bobvarela.com\/wp-content\/uploads\/2012\/02\/PF12_RobertoVerino_008-682x1024_thumb.jpg\" width=\"124\" height=\"184\" \/><\/font><\/a><a href=\"https:\/\/bobvarela.com\/wp-content\/uploads\/2012\/02\/PF12_RobertoVerino_001-682x1024.jpg\"><font size=\"3\"><img loading=\"lazy\" decoding=\"async\" style=\"background-image: none; border-right-width: 0px; margin: 0px; padding-left: 0px; padding-right: 0px; display: inline; border-top-width: 0px; border-bottom-width: 0px; border-left-width: 0px; padding-top: 0px\" title=\"PF12_RobertoVerino_001-682x1024\" border=\"0\" alt=\"PF12_RobertoVerino_001-682x1024\" src=\"https:\/\/bobvarela.com\/wp-content\/uploads\/2012\/02\/PF12_RobertoVerino_001-682x1024_thumb.jpg\" width=\"124\" height=\"184\" \/><\/font><\/a><a href=\"https:\/\/bobvarela.com\/wp-content\/uploads\/2012\/02\/PF12_RobertoVerino_002-682x1024.jpg\"><font size=\"3\"><img loading=\"lazy\" decoding=\"async\" style=\"background-image: none; border-right-width: 0px; margin: 0px; padding-left: 0px; padding-right: 0px; display: inline; border-top-width: 0px; border-bottom-width: 0px; border-left-width: 0px; padding-top: 0px\" title=\"PF12_RobertoVerino_002-682x1024\" border=\"0\" alt=\"PF12_RobertoVerino_002-682x1024\" src=\"https:\/\/bobvarela.com\/wp-content\/uploads\/2012\/02\/PF12_RobertoVerino_002-682x1024_thumb.jpg\" width=\"124\" height=\"184\" \/><\/font><\/a><a href=\"https:\/\/bobvarela.com\/wp-content\/uploads\/2012\/02\/PF12_RobertoVerino_003-copia-682x1024.jpg\"><font size=\"3\"><img loading=\"lazy\" decoding=\"async\" style=\"background-image: none; border-right-width: 0px; margin: 0px; padding-left: 0px; padding-right: 0px; display: inline; border-top-width: 0px; border-bottom-width: 0px; border-left-width: 0px; padding-top: 0px\" title=\"PF12_RobertoVerino_003-copia-682x1024\" border=\"0\" alt=\"PF12_RobertoVerino_003-copia-682x1024\" src=\"https:\/\/bobvarela.com\/wp-content\/uploads\/2012\/02\/PF12_RobertoVerino_003-copia-682x1024_thumb.jpg\" width=\"124\" height=\"184\" \/><\/font><\/a><a href=\"https:\/\/bobvarela.com\/wp-content\/uploads\/2012\/02\/PF12_RobertoVerino_005-682x1024.jpg\"><font size=\"3\"><img loading=\"lazy\" decoding=\"async\" style=\"background-image: none; border-right-width: 0px; padding-left: 0px; padding-right: 0px; display: inline; border-top-width: 0px; border-bottom-width: 0px; border-left-width: 0px; padding-top: 0px\" title=\"PF12_RobertoVerino_005-682x1024\" border=\"0\" alt=\"PF12_RobertoVerino_005-682x1024\" src=\"https:\/\/bobvarela.com\/wp-content\/uploads\/2012\/02\/PF12_RobertoVerino_005-682x1024_thumb.jpg\" width=\"124\" height=\"184\" \/><\/font><\/a><\/p>\n<p align=\"justify\"><font size=\"3\">La clave est\u00e1 en la personalidad \u00fanica, brillante y ecl\u00e9ctica de grandes artistas, modelos y musas del momento como Mia Farrow, Verushka, Marisa Berenson, Yoko Ono, Robert Reford o AndyWarhol. Escritores, cineastas, actrices captados por Tannenbaum, reflejan el bullicio de los locales de la Gran Manzana, la inquietud y la efervescencia de una d\u00e9cada en la que el atuendo diferencia a cada persona y la hace brillar. Prendas cuya calidad y detalle est\u00e1n&#160; minuciosamente trabajados, perfectos tailleurs,&#160; funcionales gabardinas, vestidos c\u00f3ctel estilo Gran Gatsby y grandes dosis de glamour y estilo.<\/font><\/p>\n<p align=\"justify\"><font size=\"3\"><a href=\"https:\/\/bobvarela.com\/wp-content\/uploads\/2012\/02\/PF12_RobertoVerino_022-682x1024.jpg\"><img loading=\"lazy\" decoding=\"async\" style=\"background-image: none; border-right-width: 0px; margin: 0px; padding-left: 0px; padding-right: 0px; display: inline; border-top-width: 0px; border-bottom-width: 0px; border-left-width: 0px; padding-top: 0px\" title=\"PF12_RobertoVerino_022-682x1024\" border=\"0\" alt=\"PF12_RobertoVerino_022-682x1024\" src=\"https:\/\/bobvarela.com\/wp-content\/uploads\/2012\/02\/PF12_RobertoVerino_022-682x1024_thumb.jpg\" width=\"124\" height=\"184\" \/><\/a><a href=\"https:\/\/bobvarela.com\/wp-content\/uploads\/2012\/02\/PF12_RobertoVerino_009-copia-682x1024.jpg\"><img loading=\"lazy\" decoding=\"async\" style=\"background-image: none; border-right-width: 0px; margin: 0px; padding-left: 0px; padding-right: 0px; display: inline; border-top-width: 0px; border-bottom-width: 0px; border-left-width: 0px; padding-top: 0px\" title=\"PF12_RobertoVerino_009-copia-682x1024\" border=\"0\" alt=\"PF12_RobertoVerino_009-copia-682x1024\" src=\"https:\/\/bobvarela.com\/wp-content\/uploads\/2012\/02\/PF12_RobertoVerino_009-copia-682x1024_thumb.jpg\" width=\"124\" height=\"184\" \/><\/a><a href=\"https:\/\/bobvarela.com\/wp-content\/uploads\/2012\/02\/PF12_RobertoVerino_010-682x1024.jpg\"><img loading=\"lazy\" decoding=\"async\" style=\"background-image: none; border-right-width: 0px; margin: 0px; padding-left: 0px; padding-right: 0px; display: inline; border-top-width: 0px; border-bottom-width: 0px; border-left-width: 0px; padding-top: 0px\" title=\"PF12_RobertoVerino_010-682x1024\" border=\"0\" alt=\"PF12_RobertoVerino_010-682x1024\" src=\"https:\/\/bobvarela.com\/wp-content\/uploads\/2012\/02\/PF12_RobertoVerino_010-682x1024_thumb.jpg\" width=\"124\" height=\"184\" \/><\/a><a href=\"https:\/\/bobvarela.com\/wp-content\/uploads\/2012\/02\/PF12_RobertoVerino_013-682x1024.jpg\"><img loading=\"lazy\" decoding=\"async\" style=\"background-image: none; border-right-width: 0px; margin: 0px; padding-left: 0px; padding-right: 0px; display: inline; border-top-width: 0px; border-bottom-width: 0px; border-left-width: 0px; padding-top: 0px\" title=\"PF12_RobertoVerino_013-682x1024\" border=\"0\" alt=\"PF12_RobertoVerino_013-682x1024\" src=\"https:\/\/bobvarela.com\/wp-content\/uploads\/2012\/02\/PF12_RobertoVerino_013-682x1024_thumb.jpg\" width=\"124\" height=\"184\" \/><\/a><a href=\"https:\/\/bobvarela.com\/wp-content\/uploads\/2012\/02\/PF12_RobertoVerino_015-682x1024.jpg\"><img loading=\"lazy\" decoding=\"async\" style=\"background-image: none; border-right-width: 0px; padding-left: 0px; padding-right: 0px; display: inline; border-top-width: 0px; border-bottom-width: 0px; border-left-width: 0px; padding-top: 0px\" title=\"PF12_RobertoVerino_015-682x1024\" border=\"0\" alt=\"PF12_RobertoVerino_015-682x1024\" src=\"https:\/\/bobvarela.com\/wp-content\/uploads\/2012\/02\/PF12_RobertoVerino_015-682x1024_thumb.jpg\" width=\"124\" height=\"184\" \/><\/a>       <br \/><\/font><\/p>\n<p align=\"justify\"><font size=\"3\">El confort del cashmere, la calidez de la franela y la piel, se embellecen con toques de encaje, pedrer\u00eda y fantas\u00eda. Bas\u00e1ndose en ese concepto de brillantez y diversi\u00f3n, sin olvidar el detalle y la calidad, la colecci\u00f3n de Roberto Verino Oto\u00f1o-Invierno 2012-13, interpreta esa tendencia en clave actual. Ropa bella, prendas \u00fanicas a la medida de cada personalidad, inspiradas en quien las lleva, porque una prenda es importante en la medida en que potencia y hace brillar a quien la viste.<\/font><\/p>\n<p><a href=\"https:\/\/bobvarela.com\/wp-content\/uploads\/2012\/02\/PF12_RobertoVerino_024-682x1024.jpg\"><img loading=\"lazy\" decoding=\"async\" style=\"background-image: none; border-right-width: 0px; margin: 0px; padding-left: 0px; padding-right: 0px; display: inline; border-top-width: 0px; border-bottom-width: 0px; border-left-width: 0px; padding-top: 0px\" title=\"PF12_RobertoVerino_024-682x1024\" border=\"0\" alt=\"PF12_RobertoVerino_024-682x1024\" src=\"https:\/\/bobvarela.com\/wp-content\/uploads\/2012\/02\/PF12_RobertoVerino_024-682x1024_thumb.jpg\" width=\"124\" height=\"184\" \/><\/a><a href=\"https:\/\/bobvarela.com\/wp-content\/uploads\/2012\/02\/PF12_RobertoVerino_028-682x1024.jpg\"><img loading=\"lazy\" decoding=\"async\" style=\"background-image: none; border-right-width: 0px; margin: 0px; padding-left: 0px; padding-right: 0px; display: inline; border-top-width: 0px; border-bottom-width: 0px; border-left-width: 0px; padding-top: 0px\" title=\"PF12_RobertoVerino_028-682x1024\" border=\"0\" alt=\"PF12_RobertoVerino_028-682x1024\" src=\"https:\/\/bobvarela.com\/wp-content\/uploads\/2012\/02\/PF12_RobertoVerino_028-682x1024_thumb.jpg\" width=\"124\" height=\"184\" \/><\/a><a href=\"https:\/\/bobvarela.com\/wp-content\/uploads\/2012\/02\/PF12_RobertoVerino_029-682x1024.jpg\"><img loading=\"lazy\" decoding=\"async\" style=\"background-image: none; border-right-width: 0px; margin: 0px; padding-left: 0px; padding-right: 0px; display: inline; border-top-width: 0px; border-bottom-width: 0px; border-left-width: 0px; padding-top: 0px\" title=\"PF12_RobertoVerino_029-682x1024\" border=\"0\" alt=\"PF12_RobertoVerino_029-682x1024\" src=\"https:\/\/bobvarela.com\/wp-content\/uploads\/2012\/02\/PF12_RobertoVerino_029-682x1024_thumb.jpg\" width=\"124\" height=\"184\" \/><\/a><a href=\"https:\/\/bobvarela.com\/wp-content\/uploads\/2012\/02\/PF12_RobertoVerino_030-682x1024.jpg\"><img loading=\"lazy\" decoding=\"async\" style=\"background-image: none; border-right-width: 0px; padding-left: 0px; padding-right: 0px; display: inline; border-top-width: 0px; border-bottom-width: 0px; border-left-width: 0px; padding-top: 0px\" title=\"PF12_RobertoVerino_030-682x1024\" border=\"0\" alt=\"PF12_RobertoVerino_030-682x1024\" src=\"https:\/\/bobvarela.com\/wp-content\/uploads\/2012\/02\/PF12_RobertoVerino_030-682x1024_thumb.jpg\" width=\"124\" height=\"184\" \/><\/a><\/p>\n<p><font size=\"3\">Photos and article courtesy of MERCEDES-BENZ FASHION WEEK<\/font><\/p>\n","protected":false},"excerpt":{"rendered":"<p>El Dese\u00f1ador hizo la presentacion el 1 de febrero El mundo art\u00edstico, intelectual y bohemio de Nueva York en los a\u00f1os 70, el crisol de movimientos culturales, raciales, y la efervescencia de la belleza y el arte, son los hilos&hellip;<\/p>\n<p class=\"more-link-p\"><a class=\"more-link\" href=\"https:\/\/bobvarela.com\/?p=28564\">Read more &rarr;<\/a><\/p>\n","protected":false},"author":1,"featured_media":0,"comment_status":"open","ping_status":"open","sticky":false,"template":"","format":"standard","meta":{"ngg_post_thumbnail":0,"footnotes":""},"categories":[265,4],"tags":[],"class_list":["post-28564","post","type-post","status-publish","format-standard","hentry","category-mercedes-benz-fashion-week","category-moda"],"_links":{"self":[{"href":"https:\/\/bobvarela.com\/index.php?rest_route=\/wp\/v2\/posts\/28564","targetHints":{"allow":["GET"]}}],"collection":[{"href":"https:\/\/bobvarela.com\/index.php?rest_route=\/wp\/v2\/posts"}],"about":[{"href":"https:\/\/bobvarela.com\/index.php?rest_route=\/wp\/v2\/types\/post"}],"author":[{"embeddable":true,"href":"https:\/\/bobvarela.com\/index.php?rest_route=\/wp\/v2\/users\/1"}],"replies":[{"embeddable":true,"href":"https:\/\/bobvarela.com\/index.php?rest_route=%2Fwp%2Fv2%2Fcomments&post=28564"}],"version-history":[{"count":1,"href":"https:\/\/bobvarela.com\/index.php?rest_route=\/wp\/v2\/posts\/28564\/revisions"}],"predecessor-version":[{"id":28565,"href":"https:\/\/bobvarela.com\/index.php?rest_route=\/wp\/v2\/posts\/28564\/revisions\/28565"}],"wp:attachment":[{"href":"https:\/\/bobvarela.com\/index.php?rest_route=%2Fwp%2Fv2%2Fmedia&parent=28564"}],"wp:term":[{"taxonomy":"category","embeddable":true,"href":"https:\/\/bobvarela.com\/index.php?rest_route=%2Fwp%2Fv2%2Fcategories&post=28564"},{"taxonomy":"post_tag","embeddable":true,"href":"https:\/\/bobvarela.com\/index.php?rest_route=%2Fwp%2Fv2%2Ftags&post=28564"}],"curies":[{"name":"wp","href":"https:\/\/api.w.org\/{rel}","templated":true}]}}