{"id":28596,"date":"2012-02-08T21:15:52","date_gmt":"2012-02-09T01:15:52","guid":{"rendered":"https:\/\/bobvarela.com\/?p=28596"},"modified":"2012-02-08T21:15:53","modified_gmt":"2012-02-09T01:15:53","slug":"francis-montesinos-en-el-en-el-mercedes-benz-fashion-week-madrid-otoo-invierno-2012-13","status":"publish","type":"post","link":"https:\/\/bobvarela.com\/?p=28596","title":{"rendered":"Francis Montesinos en el en el MERCEDES-BENZ Fashion Week Madrid Oto&ntilde;o-Invierno 2012-13"},"content":{"rendered":"<p align=\"justify\"><font size=\"3\">El Dese\u00f1ador hizo la presentacion el 2 de febrero<\/font><\/p>\n<p align=\"justify\"><font size=\"3\">Despu\u00e9s de 40 a\u00f1os viajando por los mundos de la moda, Francis Montesinos ha querido imprimir en esta colecci\u00f3nO\/I 2012 su particular\u00edsimo lenguajede la impresi\u00f3n en la estampaci\u00f3n, \u201cEs un punto y a parte de todas aquellasciudades y lugares que tejieron los caminos que marcaron mi vida\u201d.<\/font><\/p>\n<p align=\"justify\"><a href=\"https:\/\/bobvarela.com\/wp-content\/uploads\/2012\/02\/montesinos11.jpg\"><img loading=\"lazy\" decoding=\"async\" style=\"background-image: none; border-bottom: 0px; border-left: 0px; margin: 0px; padding-left: 0px; padding-right: 0px; display: inline; border-top: 0px; border-right: 0px; padding-top: 0px\" title=\"montesinos11\" border=\"0\" alt=\"montesinos11\" src=\"https:\/\/bobvarela.com\/wp-content\/uploads\/2012\/02\/montesinos11_thumb.jpg\" width=\"124\" height=\"184\" \/><\/a><a href=\"https:\/\/bobvarela.com\/wp-content\/uploads\/2012\/02\/montesinos1.jpg\"><img loading=\"lazy\" decoding=\"async\" style=\"background-image: none; border-bottom: 0px; border-left: 0px; margin: 0px; padding-left: 0px; padding-right: 0px; display: inline; border-top: 0px; border-right: 0px; padding-top: 0px\" title=\"montesinos1\" border=\"0\" alt=\"montesinos1\" src=\"https:\/\/bobvarela.com\/wp-content\/uploads\/2012\/02\/montesinos1_thumb.jpg\" width=\"124\" height=\"184\" \/><\/a><a href=\"https:\/\/bobvarela.com\/wp-content\/uploads\/2012\/02\/montesinos4.jpg\"><img loading=\"lazy\" decoding=\"async\" style=\"background-image: none; border-bottom: 0px; border-left: 0px; margin: 0px; padding-left: 0px; padding-right: 0px; display: inline; border-top: 0px; border-right: 0px; padding-top: 0px\" title=\"montesinos4\" border=\"0\" alt=\"montesinos4\" src=\"https:\/\/bobvarela.com\/wp-content\/uploads\/2012\/02\/montesinos4_thumb.jpg\" width=\"124\" height=\"184\" \/><\/a><a href=\"https:\/\/bobvarela.com\/wp-content\/uploads\/2012\/02\/montesinos6.jpg\"><img loading=\"lazy\" decoding=\"async\" style=\"background-image: none; border-bottom: 0px; border-left: 0px; margin: 0px; padding-left: 0px; padding-right: 0px; display: inline; border-top: 0px; border-right: 0px; padding-top: 0px\" title=\"montesinos6\" border=\"0\" alt=\"montesinos6\" src=\"https:\/\/bobvarela.com\/wp-content\/uploads\/2012\/02\/montesinos6_thumb.jpg\" width=\"124\" height=\"184\" \/><\/a><a href=\"https:\/\/bobvarela.com\/wp-content\/uploads\/2012\/02\/montesinos9.jpg\"><img loading=\"lazy\" decoding=\"async\" style=\"background-image: none; border-bottom: 0px; border-left: 0px; padding-left: 0px; padding-right: 0px; display: inline; border-top: 0px; border-right: 0px; padding-top: 0px\" title=\"montesinos9\" border=\"0\" alt=\"montesinos9\" src=\"https:\/\/bobvarela.com\/wp-content\/uploads\/2012\/02\/montesinos9_thumb.jpg\" width=\"124\" height=\"184\" \/><\/a><\/p>\n<p align=\"justify\"><font size=\"3\">Un viaje al futuro sin olvidar elpresente, quienes somos y de d\u00f3nde venimos; la historia y nuestros or\u00edgenes, de esa forma artesanal con la que se realiza nuestro trabajo. Un viaje entre la tradici\u00f3n y la innovaci\u00f3n, entre la artesan\u00eda y la gran industria, entre las costumbres y la calle m\u00e1s actual de las redes sociales y el network.<\/font><\/p>\n<p align=\"justify\"><a href=\"https:\/\/bobvarela.com\/wp-content\/uploads\/2012\/02\/montesinos12.jpg\"><img loading=\"lazy\" decoding=\"async\" style=\"background-image: none; border-bottom: 0px; border-left: 0px; margin: 0px; padding-left: 0px; padding-right: 0px; display: inline; border-top: 0px; border-right: 0px; padding-top: 0px\" title=\"montesinos12\" border=\"0\" alt=\"montesinos12\" src=\"https:\/\/bobvarela.com\/wp-content\/uploads\/2012\/02\/montesinos12_thumb.jpg\" width=\"124\" height=\"184\" \/><\/a><a href=\"https:\/\/bobvarela.com\/wp-content\/uploads\/2012\/02\/montesinos13.jpg\"><img loading=\"lazy\" decoding=\"async\" style=\"background-image: none; border-bottom: 0px; border-left: 0px; margin: 0px; padding-left: 0px; padding-right: 0px; display: inline; border-top: 0px; border-right: 0px; padding-top: 0px\" title=\"montesinos13\" border=\"0\" alt=\"montesinos13\" src=\"https:\/\/bobvarela.com\/wp-content\/uploads\/2012\/02\/montesinos13_thumb.jpg\" width=\"124\" height=\"184\" \/><\/a><a href=\"https:\/\/bobvarela.com\/wp-content\/uploads\/2012\/02\/montesinos14.jpg\"><img loading=\"lazy\" decoding=\"async\" style=\"background-image: none; border-bottom: 0px; border-left: 0px; margin: 0px; padding-left: 0px; padding-right: 0px; display: inline; border-top: 0px; border-right: 0px; padding-top: 0px\" title=\"montesinos14\" border=\"0\" alt=\"montesinos14\" src=\"https:\/\/bobvarela.com\/wp-content\/uploads\/2012\/02\/montesinos14_thumb.jpg\" width=\"124\" height=\"184\" \/><\/a><a href=\"https:\/\/bobvarela.com\/wp-content\/uploads\/2012\/02\/montesinos15.jpg\"><img loading=\"lazy\" decoding=\"async\" style=\"background-image: none; border-bottom: 0px; border-left: 0px; padding-left: 0px; padding-right: 0px; display: inline; border-top: 0px; border-right: 0px; padding-top: 0px\" title=\"montesinos15\" border=\"0\" alt=\"montesinos15\" src=\"https:\/\/bobvarela.com\/wp-content\/uploads\/2012\/02\/montesinos15_thumb.jpg\" width=\"124\" height=\"184\" \/><\/a><a href=\"https:\/\/bobvarela.com\/wp-content\/uploads\/2012\/02\/montesinos16.jpg\"><img loading=\"lazy\" decoding=\"async\" style=\"background-image: none; border-right-width: 0px; padding-left: 0px; padding-right: 0px; display: inline; border-top-width: 0px; border-bottom-width: 0px; border-left-width: 0px; padding-top: 0px\" title=\"montesinos16\" border=\"0\" alt=\"montesinos16\" src=\"https:\/\/bobvarela.com\/wp-content\/uploads\/2012\/02\/montesinos16_thumb.jpg\" width=\"124\" height=\"184\" \/><\/a><\/p>\n<p align=\"justify\"><font size=\"3\">Francis Montesinos retoma el arte Povera, c\u00f3mo esp\u00edritu de estacolecci\u00f3n, transform\u00e1ndolo en todo tipo de prendas y complementos. Los colores, azules, verdes, negros, rosas y morados, al igual que los estampados parecen estar empolvados y salpicados c\u00f3mo si se tratasen despu\u00e9s de este largo tour de la moda.<\/font><\/p>\n<p align=\"justify\"><a href=\"https:\/\/bobvarela.com\/wp-content\/uploads\/2012\/02\/montesinos17.jpg\"><img loading=\"lazy\" decoding=\"async\" style=\"background-image: none; border-bottom: 0px; border-left: 0px; margin: 0px; padding-left: 0px; padding-right: 0px; display: inline; border-top: 0px; border-right: 0px; padding-top: 0px\" title=\"montesinos17\" border=\"0\" alt=\"montesinos17\" src=\"https:\/\/bobvarela.com\/wp-content\/uploads\/2012\/02\/montesinos17_thumb.jpg\" width=\"124\" height=\"184\" \/><\/a><a href=\"https:\/\/bobvarela.com\/wp-content\/uploads\/2012\/02\/montesinos18.jpg\"><img loading=\"lazy\" decoding=\"async\" style=\"background-image: none; border-bottom: 0px; border-left: 0px; margin: 0px; padding-left: 0px; padding-right: 0px; display: inline; border-top: 0px; border-right: 0px; padding-top: 0px\" title=\"montesinos18\" border=\"0\" alt=\"montesinos18\" src=\"https:\/\/bobvarela.com\/wp-content\/uploads\/2012\/02\/montesinos18_thumb.jpg\" width=\"124\" height=\"184\" \/><\/a><a href=\"https:\/\/bobvarela.com\/wp-content\/uploads\/2012\/02\/montesinos24.jpg\"><img loading=\"lazy\" decoding=\"async\" style=\"background-image: none; border-bottom: 0px; border-left: 0px; margin: 0px; padding-left: 0px; padding-right: 0px; display: inline; border-top: 0px; border-right: 0px; padding-top: 0px\" title=\"montesinos24\" border=\"0\" alt=\"montesinos24\" src=\"https:\/\/bobvarela.com\/wp-content\/uploads\/2012\/02\/montesinos24_thumb.jpg\" width=\"124\" height=\"184\" \/><\/a><a href=\"https:\/\/bobvarela.com\/wp-content\/uploads\/2012\/02\/montesinos26.jpg\"><img loading=\"lazy\" decoding=\"async\" style=\"background-image: none; border-bottom: 0px; border-left: 0px; margin: 0px; padding-left: 0px; padding-right: 0px; display: inline; border-top: 0px; border-right: 0px; padding-top: 0px\" title=\"montesinos26\" border=\"0\" alt=\"montesinos26\" src=\"https:\/\/bobvarela.com\/wp-content\/uploads\/2012\/02\/montesinos26_thumb.jpg\" width=\"124\" height=\"184\" \/><\/a><a href=\"https:\/\/bobvarela.com\/wp-content\/uploads\/2012\/02\/montesinos29.jpg\"><img loading=\"lazy\" decoding=\"async\" style=\"background-image: none; border-bottom: 0px; border-left: 0px; padding-left: 0px; padding-right: 0px; display: inline; border-top: 0px; border-right: 0px; padding-top: 0px\" title=\"montesinos29\" border=\"0\" alt=\"montesinos29\" src=\"https:\/\/bobvarela.com\/wp-content\/uploads\/2012\/02\/montesinos29_thumb.jpg\" width=\"124\" height=\"184\" \/><\/a><\/p>\n<p align=\"justify\"><font size=\"3\">Lo bello de permanecer peque\u00f1o&#8230;<\/font><\/p>\n<p><font size=\"3\">Photos and article courtesy of MERCEDES-BENZ FASHION WEEK<\/font><\/p>\n","protected":false},"excerpt":{"rendered":"<p>El Dese\u00f1ador hizo la presentacion el 2 de febrero Despu\u00e9s de 40 a\u00f1os viajando por los mundos de la moda, Francis Montesinos ha querido imprimir en esta colecci\u00f3nO\/I 2012 su particular\u00edsimo lenguajede la impresi\u00f3n en la estampaci\u00f3n, \u201cEs un punto&hellip;<\/p>\n<p class=\"more-link-p\"><a class=\"more-link\" href=\"https:\/\/bobvarela.com\/?p=28596\">Read more &rarr;<\/a><\/p>\n","protected":false},"author":1,"featured_media":0,"comment_status":"open","ping_status":"open","sticky":false,"template":"","format":"standard","meta":{"ngg_post_thumbnail":0,"footnotes":""},"categories":[265,4],"tags":[],"class_list":["post-28596","post","type-post","status-publish","format-standard","hentry","category-mercedes-benz-fashion-week","category-moda"],"_links":{"self":[{"href":"https:\/\/bobvarela.com\/index.php?rest_route=\/wp\/v2\/posts\/28596","targetHints":{"allow":["GET"]}}],"collection":[{"href":"https:\/\/bobvarela.com\/index.php?rest_route=\/wp\/v2\/posts"}],"about":[{"href":"https:\/\/bobvarela.com\/index.php?rest_route=\/wp\/v2\/types\/post"}],"author":[{"embeddable":true,"href":"https:\/\/bobvarela.com\/index.php?rest_route=\/wp\/v2\/users\/1"}],"replies":[{"embeddable":true,"href":"https:\/\/bobvarela.com\/index.php?rest_route=%2Fwp%2Fv2%2Fcomments&post=28596"}],"version-history":[{"count":1,"href":"https:\/\/bobvarela.com\/index.php?rest_route=\/wp\/v2\/posts\/28596\/revisions"}],"predecessor-version":[{"id":28597,"href":"https:\/\/bobvarela.com\/index.php?rest_route=\/wp\/v2\/posts\/28596\/revisions\/28597"}],"wp:attachment":[{"href":"https:\/\/bobvarela.com\/index.php?rest_route=%2Fwp%2Fv2%2Fmedia&parent=28596"}],"wp:term":[{"taxonomy":"category","embeddable":true,"href":"https:\/\/bobvarela.com\/index.php?rest_route=%2Fwp%2Fv2%2Fcategories&post=28596"},{"taxonomy":"post_tag","embeddable":true,"href":"https:\/\/bobvarela.com\/index.php?rest_route=%2Fwp%2Fv2%2Ftags&post=28596"}],"curies":[{"name":"wp","href":"https:\/\/api.w.org\/{rel}","templated":true}]}}