{"id":28806,"date":"2012-02-13T18:47:44","date_gmt":"2012-02-13T22:47:44","guid":{"rendered":"https:\/\/bobvarela.com\/?p=28806"},"modified":"2012-02-13T18:47:45","modified_gmt":"2012-02-13T22:47:45","slug":"la-actriz-patricia-de-len-comprometida-con-la-naturaleza-para-los-premios-lo-nuestro","status":"publish","type":"post","link":"https:\/\/bobvarela.com\/?p=28806","title":{"rendered":"La actriz Patricia de Le&oacute;n comprometida con la naturaleza para los Premios Lo Nuestro"},"content":{"rendered":"<p align=\"justify\"><font size=\"3\"><strong><\/strong><\/font><\/p>\n<p align=\"justify\"><font size=\"3\"><strong><a href=\"https:\/\/bobvarela.com\/wp-content\/uploads\/2012\/02\/Patricia-De-Leon-LR.jpg\"><img loading=\"lazy\" decoding=\"async\" style=\"background-image: none; border-bottom: 0px; border-left: 0px; padding-left: 0px; padding-right: 0px; display: block; float: none; margin-left: auto; border-top: 0px; margin-right: auto; border-right: 0px; padding-top: 0px\" title=\"Patricia De Leon LR\" border=\"0\" alt=\"Patricia De Leon LR\" src=\"https:\/\/bobvarela.com\/wp-content\/uploads\/2012\/02\/Patricia-De-Leon-LR_thumb.jpg\" width=\"229\" height=\"292\" \/><\/a><\/strong><\/font><\/p>\n<p align=\"justify\"><font size=\"3\"><strong><\/strong><\/font><\/p>\n<p align=\"justify\"><font size=\"3\"><strong>Miami, Florida | 13 de febrero del 2012 | Media Force Communications<\/strong>\u2013 La paname\u00f1a Patricia de Le\u00f3n ya est\u00e1 lista para asistir a los Premios Lo Nuestro en el American Airlines Arena. La actriz llevar\u00e1 un vestido de la dise\u00f1adora Edda Gonz\u00e1lez, conocida por la vitalidad, energ\u00eda y elegancia de sus dise\u00f1os, tambi\u00e9n de Panam\u00e1, apuesta por la mujer cosmopolita de una manera moderna y elegante.<\/font><\/p>\n<p align=\"justify\"><font size=\"3\">&quot;Estoy muy contenta con el vestido que me ha hecho Edda, es muy adecuado para m\u00ed, adem\u00e1s de hacer el cuerpo muy lindo, como yo soy muy &quot;green\u201d me siento identificada con las flores y el color verde\u201d, asegura Patricia. De esta manera Patricia nos recuerda el compromiso que debemos tener con el medio ambiente, &quot;me gusta llevar vestidos que tengan un mensaje, en esta ocasi\u00f3n se lo dedico a la madre naturaleza\u201d, explica Patricia.<\/font><\/p>\n<p align=\"justify\"><font size=\"3\">La ex reina de la belleza paname\u00f1a tambi\u00e9n es la cara de la campa\u00f1a PETA, en contra de las corridas de toros, donde aparece abrazando a un toro en el ruedo, rodeada de rosas rojas esparcidas por el suelo y llevando un vestido rojo en el que pone &quot;La tradici\u00f3n no es una excusa para la crueldad\u201d.<\/font><\/p>\n<p align=\"justify\"><strong><font size=\"3\">Patricia est\u00e1 demostrando ser una mujer con mucha personalidad y un gran coraz\u00f3n, y esto tambi\u00e9n podr\u00e1 verlo en la nueva novela que ha grabado para Univisi\u00f3n. &quot;Coraz\u00f3n Apasionado\u201d se estrenar\u00e1 en EE.UU. el pr\u00f3ximo mes de marzo, mientras en Chile, Ecuador, Colombia, Venezuela, Puerto Rico y Espa\u00f1a ya est\u00e1 siendo un \u00e9xito.<\/font><\/strong><\/p>\n<p align=\"justify\"><font size=\"3\">La actriz est\u00e1 de moda, y no s\u00f3lo trabaja en televisi\u00f3n y anuncios de publicidad, tambi\u00e9n en la pantalla grande van a estrenar pronto dos pel\u00edculas recientemente rodadas, &quot;LOVE ORCHARD\u201d, protagonizando con el actor Jos\u00e9 Mar\u00eda Yazpik, (Burning Plain) y la actriz Kristanna Loken, (Terminator 3); y &quot;CALLIGRAPHY\u201d del director Michael Gerald, y protagonizada junto a Darius Mc.Crary y Joaquin Carrasquilla. En cuanto a series, est\u00e1 tambi\u00e9n filmando la tercera temporada de &quot;Men of a Certain Age\u201d, de TNT, donde vuelve como la fantas\u00eda amorosa del personaje de Ray Romano, y adem\u00e1s, acaba de terminar un papel de estrella invitada en la serie de FOX &quot;RIDE ALONG\u201d, protagonizada por Jennifer Beals.<\/font><\/p>\n<p align=\"justify\"><font size=\"3\">La carrera de Patricia est\u00e1 expandi\u00e9ndose y prueba de ello es que la est\u00e1n requiriendo para varios trabajos en M\u00e9xico, donde su agente est\u00e1 valorando varias ofertas.<\/font><\/p>\n","protected":false},"excerpt":{"rendered":"<p>Miami, Florida | 13 de febrero del 2012 | Media Force Communications\u2013 La paname\u00f1a Patricia de Le\u00f3n ya est\u00e1 lista para asistir a los Premios Lo Nuestro en el American Airlines Arena. La actriz llevar\u00e1 un vestido de la dise\u00f1adora&hellip;<\/p>\n<p class=\"more-link-p\"><a class=\"more-link\" href=\"https:\/\/bobvarela.com\/?p=28806\">Read more &rarr;<\/a><\/p>\n","protected":false},"author":1,"featured_media":0,"comment_status":"open","ping_status":"open","sticky":false,"template":"","format":"standard","meta":{"ngg_post_thumbnail":0,"footnotes":""},"categories":[3],"tags":[],"class_list":["post-28806","post","type-post","status-publish","format-standard","hentry","category-actividades"],"_links":{"self":[{"href":"https:\/\/bobvarela.com\/index.php?rest_route=\/wp\/v2\/posts\/28806","targetHints":{"allow":["GET"]}}],"collection":[{"href":"https:\/\/bobvarela.com\/index.php?rest_route=\/wp\/v2\/posts"}],"about":[{"href":"https:\/\/bobvarela.com\/index.php?rest_route=\/wp\/v2\/types\/post"}],"author":[{"embeddable":true,"href":"https:\/\/bobvarela.com\/index.php?rest_route=\/wp\/v2\/users\/1"}],"replies":[{"embeddable":true,"href":"https:\/\/bobvarela.com\/index.php?rest_route=%2Fwp%2Fv2%2Fcomments&post=28806"}],"version-history":[{"count":1,"href":"https:\/\/bobvarela.com\/index.php?rest_route=\/wp\/v2\/posts\/28806\/revisions"}],"predecessor-version":[{"id":28807,"href":"https:\/\/bobvarela.com\/index.php?rest_route=\/wp\/v2\/posts\/28806\/revisions\/28807"}],"wp:attachment":[{"href":"https:\/\/bobvarela.com\/index.php?rest_route=%2Fwp%2Fv2%2Fmedia&parent=28806"}],"wp:term":[{"taxonomy":"category","embeddable":true,"href":"https:\/\/bobvarela.com\/index.php?rest_route=%2Fwp%2Fv2%2Fcategories&post=28806"},{"taxonomy":"post_tag","embeddable":true,"href":"https:\/\/bobvarela.com\/index.php?rest_route=%2Fwp%2Fv2%2Ftags&post=28806"}],"curies":[{"name":"wp","href":"https:\/\/api.w.org\/{rel}","templated":true}]}}