{"id":28812,"date":"2012-02-15T17:43:04","date_gmt":"2012-02-15T21:43:04","guid":{"rendered":"https:\/\/bobvarela.com\/?p=28812"},"modified":"2012-02-15T17:51:26","modified_gmt":"2012-02-15T21:51:26","slug":"ecliptica-belle-poque","status":"publish","type":"post","link":"https:\/\/bobvarela.com\/?p=28812","title":{"rendered":"Ecliptica &quot;Belle &Eacute;poque&quot;"},"content":{"rendered":"<h5 align=\"center\"><b><font size=\"3\"><a href=\"https:\/\/bobvarela.com\/wp-content\/uploads\/2012\/02\/ecliptica-1.jpg\"><img loading=\"lazy\" decoding=\"async\" style=\"background-image: none; border-right-width: 0px; padding-left: 0px; padding-right: 0px; display: inline; border-top-width: 0px; border-bottom-width: 0px; border-left-width: 0px; padding-top: 0px\" title=\"ecliptica 1\" border=\"0\" alt=\"ecliptica 1\" src=\"https:\/\/bobvarela.com\/wp-content\/uploads\/2012\/02\/ecliptica-1_thumb.jpg\" width=\"215\" height=\"282\" \/><\/a><\/font><\/b><\/h5>\n<p align=\"center\">&#160;<\/p>\n<h5 align=\"justify\"><font size=\"3\">Las dise\u00f1adoras Michelle y Norein Otero presentaran su nueva colecci\u00f3n bajo el <\/font><font size=\"3\">sello Ecl\u00edptica pr\u00f3ximamente en San Juan, Puerto Rico. Para esta pr\u00f3xima <\/font><font size=\"3\">temporada de Oto\u00f1o 2012 las dise\u00f1adoras buscaron inspiraci\u00f3n en el trabajo de <\/font><font size=\"3\">Alphonse Mucha, artista que influyo en el movimiento del Art Nouveau durante la era <\/font><font size=\"3\">de la \u201cBelle \u00c9poque\u201d. Era que le da nombre a la colecci\u00f3n de las dise\u00f1adoras. <\/font><font size=\"3\">La gama de colores para esta temporada comenzara con una suave y delicada con <\/font><font size=\"3\">las tonalidades de crema, dorado y el menta siguiendo por colores sensuales y <\/font><font size=\"3\">misteriosos como los rojos, el negro y el gris. Por primera ves se utilizaran sedas <\/font><font size=\"3\">bordada especialmente dise\u00f1adas para esta colecci\u00f3n. Complementaran la <\/font><font size=\"3\">colecci\u00f3n encajes franc\u00e9s y gipur met\u00e1lico.<\/font><\/h5>\n<p align=\"justify\">&#160;<\/p>\n<h5 align=\"justify\"><font size=\"3\"><\/font><\/h5>\n<h5 align=\"justify\"><font size=\"3\">La colecci\u00f3n de Ecl\u00edptica \u201cBelle \u00c9poque\u201d para Oto\u00f1o 2012 ser\u00e1 complementada a la <\/font><font size=\"3\">perfecci\u00f3n por la colecci\u00f3n de joyer\u00eda del dise\u00f1ador Alberto Torres. La coordinaci\u00f3n <\/font><font size=\"3\">de vestuario o \u201cstyling\u201d recae en Javier Scalley. El calzado ser\u00e1 de las tiendas <\/font><font size=\"3\">Novus. El maquillista German O. Mirabal y el peluquero Lio Maldonado <\/font><font size=\"3\">estar\u00e1n a cargo del concepto de belleza junto con el equipo de Lorea\u2019l Par\u00eds <\/font><font size=\"3\">y sus productos, Todos utilizando Lorea\u2019l marca presentadora del evento.<\/font><\/h5>\n<p align=\"justify\">&#160;<\/p>\n<h5 align=\"justify\"><font size=\"3\">Las creadoras de Ecl\u00edptica quieren impactar con una presentaci\u00f3n donde la <\/font><font size=\"3\">inspiraci\u00f3n va en completa armon\u00eda con el lugar escogido. El Antiguo Casino fue <\/font><font size=\"3\">elegido esta vez como sede para presentar esta colecci\u00f3n pues fue finalmente <\/font><font size=\"3\">construido en el 1917 durante la era \u201cBelle \u00c9poque\u201d. La reci\u00e9n renovada joya <\/font><font size=\"3\">arquitect\u00f3nica presenciar\u00e1 por primera vez un desfile de modas de esta magnitud el <\/font><font size=\"3\">Viernes 9 de Marzo a las 7pm. Este evento sera por estricta invitaci\u00f3n.<\/font><\/h5>\n","protected":false},"excerpt":{"rendered":"<p>&#160; Las dise\u00f1adoras Michelle y Norein Otero presentaran su nueva colecci\u00f3n bajo el sello Ecl\u00edptica pr\u00f3ximamente en San Juan, Puerto Rico. Para esta pr\u00f3xima temporada de Oto\u00f1o 2012 las dise\u00f1adoras buscaron inspiraci\u00f3n en el trabajo de Alphonse Mucha, artista que&hellip;<\/p>\n<p class=\"more-link-p\"><a class=\"more-link\" href=\"https:\/\/bobvarela.com\/?p=28812\">Read more &rarr;<\/a><\/p>\n","protected":false},"author":1,"featured_media":0,"comment_status":"open","ping_status":"open","sticky":false,"template":"","format":"standard","meta":{"ngg_post_thumbnail":0,"footnotes":""},"categories":[4,295],"tags":[53],"class_list":["post-28812","post","type-post","status-publish","format-standard","hentry","category-moda","category-puerto-rico","tag-ecliptica"],"_links":{"self":[{"href":"https:\/\/bobvarela.com\/index.php?rest_route=\/wp\/v2\/posts\/28812","targetHints":{"allow":["GET"]}}],"collection":[{"href":"https:\/\/bobvarela.com\/index.php?rest_route=\/wp\/v2\/posts"}],"about":[{"href":"https:\/\/bobvarela.com\/index.php?rest_route=\/wp\/v2\/types\/post"}],"author":[{"embeddable":true,"href":"https:\/\/bobvarela.com\/index.php?rest_route=\/wp\/v2\/users\/1"}],"replies":[{"embeddable":true,"href":"https:\/\/bobvarela.com\/index.php?rest_route=%2Fwp%2Fv2%2Fcomments&post=28812"}],"version-history":[{"count":3,"href":"https:\/\/bobvarela.com\/index.php?rest_route=\/wp\/v2\/posts\/28812\/revisions"}],"predecessor-version":[{"id":28815,"href":"https:\/\/bobvarela.com\/index.php?rest_route=\/wp\/v2\/posts\/28812\/revisions\/28815"}],"wp:attachment":[{"href":"https:\/\/bobvarela.com\/index.php?rest_route=%2Fwp%2Fv2%2Fmedia&parent=28812"}],"wp:term":[{"taxonomy":"category","embeddable":true,"href":"https:\/\/bobvarela.com\/index.php?rest_route=%2Fwp%2Fv2%2Fcategories&post=28812"},{"taxonomy":"post_tag","embeddable":true,"href":"https:\/\/bobvarela.com\/index.php?rest_route=%2Fwp%2Fv2%2Ftags&post=28812"}],"curies":[{"name":"wp","href":"https:\/\/api.w.org\/{rel}","templated":true}]}}