{"id":28818,"date":"2012-02-15T18:06:55","date_gmt":"2012-02-15T22:06:55","guid":{"rendered":"https:\/\/bobvarela.com\/?p=28818"},"modified":"2012-02-15T18:06:56","modified_gmt":"2012-02-15T22:06:56","slug":"artista-alexander-cruz-representa-a-puerto-rico-en-alemania","status":"publish","type":"post","link":"https:\/\/bobvarela.com\/?p=28818","title":{"rendered":"Artista Alexander Cruz representa a Puerto Rico en Alemania"},"content":{"rendered":"<p align=\"center\"><a href=\"https:\/\/bobvarela.com\/wp-content\/uploads\/2012\/02\/creativeworld2012_germany040.jpg\"><img loading=\"lazy\" decoding=\"async\" style=\"background-image: none; border-bottom: 0px; border-left: 0px; padding-left: 0px; padding-right: 0px; display: inline; border-top: 0px; border-right: 0px; padding-top: 0px\" title=\"\" border=\"0\" alt=\"\" src=\"https:\/\/bobvarela.com\/wp-content\/uploads\/2012\/02\/creativeworld2012_germany040_thumb.jpg\" width=\"436\" height=\"214\" \/><\/a><\/p>\n<p align=\"justify\"><font size=\"3\">San Juan, Puerto Rico \u2013 Febrero 14, 2012 \u2013 El artista puertorrique\u00f1o Alexander Cruz ha sido el \u00fanico artista puertorrique\u00f1o invitado para el evento m\u00e1s grande en el mundo dentro de la industria del arte Creative World celebrado en el Centro de Convenciones Messe Frankfurt, Alemania. Este evento se llev\u00f3 a cabo desde el 28 de enero hasta el 31 de enero del 2012. Anualmente el evento Creative World es visitado por miles de personas alrededor del mundo y las personas que visitaron el evento este a\u00f1o conocieron al gran artista puertorrique\u00f1o Alexander Cruz. El artista represent\u00f3 a Puerto Rico y a la compa\u00f1\u00eda Martin F. Weber en este magno evento; dicha compa\u00f1\u00eda fue quien invit\u00f3 al artista a representarlos en este evento para promover sus productos. El se\u00f1or Cruz no solo represent\u00f3 los productos de la compa\u00f1\u00eda sino que tambi\u00e9n el artista comparti\u00f3 sus conocimientos haciendo que algunas personas de diferentes nacionalidades que asistieron al evento pintaran cuadros en \u00f3leo por primera vez utilizando la t\u00e9cnica de pintar sobre mojado dentro de un per\u00edodo de una hora. Dentro de los temas de los cuadros que ense\u00f1\u00f3 a pintar el artista se encontraba un bello atardecer en las playas de Puerto Rico haciendo que personas que jam\u00e1s han visto unas palmas pintaran las mismas y tuvieran esa experiencia. Tambi\u00e9n mostr\u00f3 algunas de sus obras y present\u00f3 sus DVD los cuales son distribuidos por la compa\u00f1\u00eda Martin F. Weber. Geo Marketing Group ? Orilla St. 155 Manat\u00ed P.R. 00674 ? Tel: 787-955-1108 ?      <br \/>email: <a href=\"mailto:geo.marketingpr@gmail.com\">geo.marketingpr@gmail.com<\/a><\/font><\/p>\n<p> <font size=\"3\">   <\/p>\n<p align=\"justify\">Cruz tuvo la oportunidad de compartir con personas de diferentes partes del mundo dando a conocer sus t\u00e9cnicas, conocimientos y nuestra isla de Puerto Rico llamando la atenci\u00f3n de las personas de diferentes nacionalidades. \u201cUn intercambio cultural sin precedentes fue lo que viv\u00ed en este evento mundial. Ver la felicidad de todos mis estudiantes cuando terminaban su obra y ver lo agradecidos que estaban conmigo fue una tremenda experiencia. Ver c\u00f3mo el arte une pa\u00edses, sin fronteras, une pensamientos, une idiomas, une personas y une almas, es gratificante\u201d cita el artista Alexander Cruz. <\/p>\n<p align=\"justify\">El artista Alexander Cruz se ha convertido en el \u00fanico artista puertorrique\u00f1o en tener videos para la venta a nivel mundial siguiendo los pasos de su gran maestro Bob Ross distribuidos por la compa\u00f1\u00eda Martin F. Weber los cuales son distribuidos y adquiridos alrededor del mundo. El artista cuenta con su propia galer\u00eda y escuela de arte ubicadas en el municipio de Bayam\u00f3n donde ha tenido alrededor de 4,000 estudiantes que han tomado clases con el artista y se han graduado de su escuela. <\/p>\n<p align=\"justify\">Pueden ver el video que muestra las fotograf\u00edas durante el evento visitando el siguiente enlace: <a href=\"https:\/\/www.galeriacruz.com\/creativeworld-germany.htm\">https:\/\/www.galeriacruz.com\/creativeworld-germany.htm<\/a><\/p>\n<p> <\/font><\/p>\n","protected":false},"excerpt":{"rendered":"<p>San Juan, Puerto Rico \u2013 Febrero 14, 2012 \u2013 El artista puertorrique\u00f1o Alexander Cruz ha sido el \u00fanico artista puertorrique\u00f1o invitado para el evento m\u00e1s grande en el mundo dentro de la industria del arte Creative World celebrado en el&hellip;<\/p>\n<p class=\"more-link-p\"><a class=\"more-link\" href=\"https:\/\/bobvarela.com\/?p=28818\">Read more &rarr;<\/a><\/p>\n","protected":false},"author":1,"featured_media":0,"comment_status":"open","ping_status":"open","sticky":false,"template":"","format":"standard","meta":{"ngg_post_thumbnail":0,"footnotes":""},"categories":[3,6],"tags":[],"class_list":["post-28818","post","type-post","status-publish","format-standard","hentry","category-actividades","category-arte"],"_links":{"self":[{"href":"https:\/\/bobvarela.com\/index.php?rest_route=\/wp\/v2\/posts\/28818","targetHints":{"allow":["GET"]}}],"collection":[{"href":"https:\/\/bobvarela.com\/index.php?rest_route=\/wp\/v2\/posts"}],"about":[{"href":"https:\/\/bobvarela.com\/index.php?rest_route=\/wp\/v2\/types\/post"}],"author":[{"embeddable":true,"href":"https:\/\/bobvarela.com\/index.php?rest_route=\/wp\/v2\/users\/1"}],"replies":[{"embeddable":true,"href":"https:\/\/bobvarela.com\/index.php?rest_route=%2Fwp%2Fv2%2Fcomments&post=28818"}],"version-history":[{"count":1,"href":"https:\/\/bobvarela.com\/index.php?rest_route=\/wp\/v2\/posts\/28818\/revisions"}],"predecessor-version":[{"id":28819,"href":"https:\/\/bobvarela.com\/index.php?rest_route=\/wp\/v2\/posts\/28818\/revisions\/28819"}],"wp:attachment":[{"href":"https:\/\/bobvarela.com\/index.php?rest_route=%2Fwp%2Fv2%2Fmedia&parent=28818"}],"wp:term":[{"taxonomy":"category","embeddable":true,"href":"https:\/\/bobvarela.com\/index.php?rest_route=%2Fwp%2Fv2%2Fcategories&post=28818"},{"taxonomy":"post_tag","embeddable":true,"href":"https:\/\/bobvarela.com\/index.php?rest_route=%2Fwp%2Fv2%2Ftags&post=28818"}],"curies":[{"name":"wp","href":"https:\/\/api.w.org\/{rel}","templated":true}]}}