{"id":29029,"date":"2012-02-16T18:21:21","date_gmt":"2012-02-16T22:21:21","guid":{"rendered":"https:\/\/bobvarela.com\/?p=29029"},"modified":"2012-02-16T18:21:23","modified_gmt":"2012-02-16T22:21:23","slug":"jos-ral-en-el-repblica-dominicana-fashion-week","status":"publish","type":"post","link":"https:\/\/bobvarela.com\/?p=29029","title":{"rendered":"Jos&eacute; Ra&uacute;l en el Rep&uacute;blica Dominicana Fashion Week"},"content":{"rendered":"<p align=\"center\"><font size=\"3\"><a href=\"https:\/\/bobvarela.com\/wp-content\/uploads\/2012\/02\/Foto-de-Promocin-Time.jpg\"><img loading=\"lazy\" decoding=\"async\" style=\"background-image: none; border-bottom: 0px; border-left: 0px; padding-left: 0px; padding-right: 0px; display: inline; border-top: 0px; border-right: 0px; padding-top: 0px\" title=\"Foto de Promoci\u00f3n Time\" border=\"0\" alt=\"Foto de Promoci\u00f3n Time\" src=\"https:\/\/bobvarela.com\/wp-content\/uploads\/2012\/02\/Foto-de-Promocin-Time_thumb.jpg\" width=\"282\" height=\"311\" \/><\/a><\/font><\/p>\n<p align=\"justify\"><font size=\"3\">San Juan- El dise\u00f1ador puertorrique\u00f1o Jos\u00e9 Ra\u00fal presentar\u00e1 el pr\u00f3ximo 24 de febrero de 2012 su nueva colecci\u00f3n de ropa para caballeros y damas en la ciudad de Santiago como parte del Rep\u00fablica Dominicana Fashion Week, evento en el que se presentan los mejores dise\u00f1adores de Latinoam\u00e9rica.<\/font><\/p>\n<p align=\"justify\"><font size=\"3\">\u201cEste reto se suma a muchos sacrificios en mi carrera, representa una oportunidad adicional que me entrega la vida para demostrar mi talento. Personalmente es un paso agigantado y como profesional lo dar\u00e9 firme. Estoy seguro que ser\u00e1 el comienzo de muchas cosas buenas\u201d, expresa Jos\u00e9 Ra\u00fal.<\/font><\/p>\n<p align=\"justify\"><font size=\"3\">Time oto\u00f1o-invierno 2012, como se titula la colecci\u00f3n se nutre de colores como el marr\u00f3n, crema, terracota, azul marino, blanco, negro y por primera ocasi\u00f3n de estampados animales. Las telas utilizadas son la seda, chantilly franc\u00e9s, algod\u00f3n entre otras. \u201cDestacando una silueta sencilla tanto para el hombre como para la mujer estoy seguro que el hombre se mostrar\u00e1 seguro de s\u00ed mismo con el complemento perfecto de una mujer sofisticada y eso es precisamente lo que pretendo con esta colecci\u00f3n\u201d destaca el joven dise\u00f1ador. <\/font><\/p>\n<p align=\"justify\"><font size=\"3\">Jos\u00e9 Ra\u00fal se ha destacado en cinco temporadas del Puerto Rico High Fashion Week mereciendo por dos a\u00f1os consecutivos el premio como Dise\u00f1ador Novel del A\u00f1o. Ha vestido personalidades como Wilkins, Jean Carlos Canela, Zuleyka Rivera, Jos\u00e9 Juan Barea, Pedro Cap\u00f3, entre otros. Siempre estuvo seguro que su lugar estar\u00eda en la moda y es por eso que hasta estableci\u00f3 su propio atelier en la calle Loiza en Santurce.<\/font><\/p>\n","protected":false},"excerpt":{"rendered":"<p>San Juan- El dise\u00f1ador puertorrique\u00f1o Jos\u00e9 Ra\u00fal presentar\u00e1 el pr\u00f3ximo 24 de febrero de 2012 su nueva colecci\u00f3n de ropa para caballeros y damas en la ciudad de Santiago como parte del Rep\u00fablica Dominicana Fashion Week, evento en el que&hellip;<\/p>\n<p class=\"more-link-p\"><a class=\"more-link\" href=\"https:\/\/bobvarela.com\/?p=29029\">Read more &rarr;<\/a><\/p>\n","protected":false},"author":1,"featured_media":0,"comment_status":"open","ping_status":"open","sticky":false,"template":"","format":"standard","meta":{"ngg_post_thumbnail":0,"footnotes":""},"categories":[4,295],"tags":[83],"class_list":["post-29029","post","type-post","status-publish","format-standard","hentry","category-moda","category-puerto-rico","tag-jose-raul"],"_links":{"self":[{"href":"https:\/\/bobvarela.com\/index.php?rest_route=\/wp\/v2\/posts\/29029","targetHints":{"allow":["GET"]}}],"collection":[{"href":"https:\/\/bobvarela.com\/index.php?rest_route=\/wp\/v2\/posts"}],"about":[{"href":"https:\/\/bobvarela.com\/index.php?rest_route=\/wp\/v2\/types\/post"}],"author":[{"embeddable":true,"href":"https:\/\/bobvarela.com\/index.php?rest_route=\/wp\/v2\/users\/1"}],"replies":[{"embeddable":true,"href":"https:\/\/bobvarela.com\/index.php?rest_route=%2Fwp%2Fv2%2Fcomments&post=29029"}],"version-history":[{"count":1,"href":"https:\/\/bobvarela.com\/index.php?rest_route=\/wp\/v2\/posts\/29029\/revisions"}],"predecessor-version":[{"id":29030,"href":"https:\/\/bobvarela.com\/index.php?rest_route=\/wp\/v2\/posts\/29029\/revisions\/29030"}],"wp:attachment":[{"href":"https:\/\/bobvarela.com\/index.php?rest_route=%2Fwp%2Fv2%2Fmedia&parent=29029"}],"wp:term":[{"taxonomy":"category","embeddable":true,"href":"https:\/\/bobvarela.com\/index.php?rest_route=%2Fwp%2Fv2%2Fcategories&post=29029"},{"taxonomy":"post_tag","embeddable":true,"href":"https:\/\/bobvarela.com\/index.php?rest_route=%2Fwp%2Fv2%2Ftags&post=29029"}],"curies":[{"name":"wp","href":"https:\/\/api.w.org\/{rel}","templated":true}]}}