{"id":29618,"date":"2012-02-29T21:32:07","date_gmt":"2012-03-01T01:32:07","guid":{"rendered":"https:\/\/bobvarela.com\/?p=29618"},"modified":"2012-02-29T21:32:08","modified_gmt":"2012-03-01T01:32:08","slug":"eventos-en-el-museo-de-las-americas-marzo-2012","status":"publish","type":"post","link":"https:\/\/bobvarela.com\/?p=29618","title":{"rendered":"EVENTOS EN EL MUSEO DE LAS AMERICAS: MARZO 2012"},"content":{"rendered":"<p align=\"center\"><b><a href=\"https:\/\/bobvarela.com\/wp-content\/uploads\/2012\/02\/clip_image0022.jpg\"><img loading=\"lazy\" decoding=\"async\" style=\"background-image: none; border-bottom: 0px; border-left: 0px; padding-left: 0px; padding-right: 0px; display: inline; border-top: 0px; border-right: 0px; padding-top: 0px\" title=\"clip_image002\" border=\"0\" alt=\"clip_image002\" src=\"https:\/\/bobvarela.com\/wp-content\/uploads\/2012\/02\/clip_image002_thumb2.jpg\" width=\"151\" height=\"140\" \/><\/a><\/b><\/p>\n<p align=\"justify\"><font size=\"3\">23 de febrero de 2012, San Juan, Puerto Rico \u2013 La directora ejecutiva del Museo de Las Am\u00e9ricas, Mar\u00eda A. L\u00f3pez Vilella, anuncia los siguientes eventos que celebraran durante el mes de marzo de 2012.<\/font><\/p>\n<p align=\"justify\"><b><font size=\"3\">Antes de lo posible<\/font><\/b><\/p>\n<p align=\"justify\"><font size=\"3\"><u>Jueves, 1 de marzo, 6:00 \u2013 9:00 p.m.<\/u> Sala 6 <\/font><\/p>\n<p align=\"justify\"><font size=\"3\">Apertura exposici\u00f3n: <b>Antes de lo posible<\/b> del artista Francisco Morales Er\u00f3<\/font><\/p>\n<p align=\"center\"><a href=\"https:\/\/bobvarela.com\/wp-content\/uploads\/2012\/02\/Francisco-Morales-Ero.jpg\"><img loading=\"lazy\" decoding=\"async\" style=\"background-image: none; border-bottom: 0px; border-left: 0px; padding-left: 0px; padding-right: 0px; display: inline; border-top: 0px; border-right: 0px; padding-top: 0px\" title=\"Francisco Morales Ero\" border=\"0\" alt=\"Francisco Morales Ero\" src=\"https:\/\/bobvarela.com\/wp-content\/uploads\/2012\/02\/Francisco-Morales-Ero_thumb.jpg\" width=\"154\" height=\"195\" \/><\/a><\/p>\n<p align=\"justify\"><font size=\"3\"><b>Antes de lo posible<\/b> es una compilaci\u00f3n de trabajos realizados por Morales Er\u00f3 desde el 2000 hasta el presente en donde se pone de manifiesto una amplia gama de t\u00e9cnicas y contenidos que lo mueven en su b\u00fasqueda: acr\u00edlicos sobre tela, marcadores sobre papel, tintas, acuarelas, pasteles. Morales Er\u00f3 trabaja formas en blanco y negro pero tambi\u00e9n navega sin temor alguno, por la traves\u00eda del color. Los paisajes de las obras en blanco y negro que se incluyen en <b>Antes de lo posible<\/b> son ideogramas. Son mundos bell\u00edsimos, acertijos suyos y nuestros. La exposici\u00f3n fue curada por Margarita Fern\u00e1ndez y estar\u00e1 abierta al p\u00fablico en general hasta el 31 de marzo. <\/font><\/p>\n<p align=\"justify\"><b><font size=\"3\"><\/font><\/b><\/p>\n<p align=\"justify\"><b><font size=\"3\">Domingos de Artesanos<\/font><\/b><\/p>\n<p align=\"justify\"><u><font size=\"3\">Domingo, 4 de marzo, 12:00pm \u2013 5:00pm<\/font><\/u><\/p>\n<p align=\"center\"><a href=\"https:\/\/bobvarela.com\/wp-content\/uploads\/2012\/02\/Hector-L-Maldonado-artesano-marzo.jpg\"><img loading=\"lazy\" decoding=\"async\" style=\"background-image: none; border-bottom: 0px; border-left: 0px; padding-left: 0px; padding-right: 0px; display: inline; border-top: 0px; border-right: 0px; padding-top: 0px\" title=\"Hector L Maldonado artesano marzo\" border=\"0\" alt=\"Hector L Maldonado artesano marzo\" src=\"https:\/\/bobvarela.com\/wp-content\/uploads\/2012\/02\/Hector-L-Maldonado-artesano-marzo_thumb.jpg\" width=\"306\" height=\"182\" \/><\/a><\/p>\n<p align=\"justify\"><font size=\"3\">Con el fin de promover las artes populares puertorrique\u00f1as, y a nuestros artesanos de hoy, el Museo de Las Am\u00e9ricas estableci\u00f3 los <b>Domingos de Artesanos<\/b>, donde cada primer domingo de mes hay presente un artesano desarrollando y vendiendo sus obras. En marzo contaremos con el artesano <b>H\u00e9ctor L. Maldonado<\/b>, especialista en hojalata. Inspirado en la belleza de la naturaleza y el mar, Maldonado ha recibido menci\u00f3n a la mejor presentaci\u00f3n por utilizar material reciclado en la 29na Feria de Plaza Las Am\u00e9ricas y Menci\u00f3n en la 6ta y 7ma Feria de Artesan\u00eda San Juan National Historic Site, entre otros reconocimientos.<\/font><\/p>\n<p align=\"justify\"><b><font size=\"3\">Nocturnos de Museo<\/font><\/b><\/p>\n<p align=\"justify\"><font size=\"3\"><u>Jueves, 15 de marzo, <\/u><u>6:00pm a 9:00pm<\/u><\/font><\/p>\n<p align=\"justify\"><font size=\"3\">Apertura exposici\u00f3n: <b>Mayag\u00fcez: un siglo de artistas<\/b>, Sala 3<\/font><\/p>\n<p align=\"center\"><a href=\"https:\/\/bobvarela.com\/wp-content\/uploads\/2012\/02\/Marcos-Irizarry-Sin-Titulo-1991-Mayaguez.jpg\"><img loading=\"lazy\" decoding=\"async\" style=\"background-image: none; border-right-width: 0px; padding-left: 0px; padding-right: 0px; display: inline; border-top-width: 0px; border-bottom-width: 0px; border-left-width: 0px; padding-top: 0px\" title=\"Marcos Irizarry Sin Titulo 1991 Mayaguez\" border=\"0\" alt=\"Marcos Irizarry Sin Titulo 1991 Mayaguez\" src=\"https:\/\/bobvarela.com\/wp-content\/uploads\/2012\/02\/Marcos-Irizarry-Sin-Titulo-1991-Mayaguez_thumb.jpg\" width=\"124\" height=\"204\" \/><\/a><\/p>\n<p align=\"justify\"><font size=\"3\">La exhibici\u00f3n <b>Mayag\u00fcez: un siglo de artistas<\/b> es basada en la recopilaci\u00f3n de trabajos de doce artistas que a lo largo de m\u00e1s de cien a\u00f1os, han nacido en Mayag\u00fcez o han convertido a esta ciudad en centro fundamental de su trabajo durante su carrera. Se trata de creadores que han establecido con su obra una tendencia significativa en la historia de arte en Puerto Rico. Comienza la narraci\u00f3n hist\u00f3rica con los hermanos Medina nacidos en el siglo XIX hasta llegar a creadores contempor\u00e1neos como Santiago Flores Charneco. Componen la muestra los artistas: F\u00e9lix y Julio Medina, Jos\u00e9 L\u00f3pez de Victoria, Mar\u00eda Luisa Penne de Castillo, Noem\u00ed Ruiz, Jaime Carrero, Marcos Irizarry, Susana Herrero Kunhardt, Anaida Hern\u00e1ndez, Carlos Fajardo, Santiago Flores Charneco, Cacheila Soto. La exposici\u00f3n estar\u00e1 abierta al p\u00fablico en general hasta el domingo, 17 de junio. <b>Nocturnos de Museo <\/b>es una nueva iniciativa donde se abrir\u00e1n las salas libre de costo, el tercer jueves de cada mes, de 6:00pm a 9:00pm, para que una mayor cantidad de p\u00fablico tenga la oportunidad de conocer el acervo del Museo de Las Am\u00e9ricas. Adem\u00e1s, podr\u00e1n disfrutar de la participaci\u00f3n de destacados j\u00f3venes m\u00fasicos quienes ofrecer\u00e1n su talento a los asistentes y otra variedad de actividades culturales como presentaciones de libros, conferencias y visitas guiadas. <\/font><\/p>\n<p align=\"justify\"><font size=\"3\"><b>Tradici\u00f3n y Controversia, dos artistas, dos tesoros, <\/b>Sala 2<\/font><\/p>\n<p align=\"justify\"><u><font size=\"3\">Domingo, 4 de marzo, 1:00pm<\/font><\/u><\/p>\n<p align=\"justify\"><font size=\"3\">Conferencia: <b>Historia de la Orden de Predicadores de Puerto Rico,<i> <\/i><\/b>por<b><i> <\/i><\/b>Fray Mario A. Rodr\u00edguez Le\u00f3n, OP<b><i> <\/i><\/b><\/font><\/p>\n<p align=\"justify\"><u><font size=\"3\">Domingo, 11 de marzo, 1:00pm <\/font><\/u><\/p>\n<p align=\"justify\"><font size=\"3\">Conferencia: <b>La contemplaci\u00f3n a trav\u00e9s del arte<\/b>, por el Arquitecto H\u00e9ctor Balvanera<\/font><\/p>\n<p align=\"justify\"><u><font size=\"3\">Domingo, 25 de marzo, 2:00 pm<\/font><\/u><\/p>\n<p align=\"justify\"><font size=\"3\">Misa y conferencia: <b>Arte y literatura,<\/b> por el fraile dominico y Decano del CEDOC, Fr. Yamil Samalot, OP<\/font><\/p>\n<p align=\"justify\"><font size=\"3\">La exhibici\u00f3n <b>Tradici\u00f3n y Controversia, dos artistas, dos tesoros <\/b>se coordin\u00f3 con motivo de<b> <\/b>los 500 a\u00f1os de presencia de los frailes dominicos en Puerto Rico. La Orden de Predicadores celebra este acontecimiento mostrando el apoyo que han dado al arte hist\u00f3ricamente para representar la visi\u00f3n de Dios, su esp\u00edritu humanista y el llamado a la evangelizaci\u00f3n. <b>Tradici\u00f3n y Controversia<\/b> reconoce la aportaci\u00f3n art\u00edstica que Fray Marcolino Maas, OP e incluye adem\u00e1s, la obra del pintor Eric Tabales, artista residente de la Universidad Central de Bayam\u00f3n. La exposici\u00f3n se ha extendido hasta el domingo, 1 de abril. <\/font><\/p>\n<p align=\"justify\"><b><font size=\"3\">Talleres para ni\u00f1os<\/font><\/b><\/p>\n<p align=\"justify\"><u><font size=\"3\">S\u00e1bados y domingos, 1:00 p.m.<\/font><\/u><\/p>\n<p align=\"justify\"><font size=\"3\">Con la entrada al Museo, los ni\u00f1os pueden disfrutar de talleres de arte libre de costo.<\/font><\/p>\n<p align=\"justify\"><font size=\"3\">El Museo de Las Am\u00e9ricas y su Tienda est\u00e1n abiertos al p\u00fablico en general de martes a s\u00e1bado de 9:00 a 12:00pm y 1:00 a 4:00pm y los domingos de 12:00pm a 5:00pm. Para m\u00e1s informaci\u00f3n puede llamar al (787) 724-5052 \u00f3 visitar la p\u00e1gina <\/font><a href=\"https:\/\/www.museolasamericas.org\"><font size=\"3\">www.museolasamericas.org<\/font><\/a><font size=\"3\">.<\/font><\/p>\n","protected":false},"excerpt":{"rendered":"<p>23 de febrero de 2012, San Juan, Puerto Rico \u2013 La directora ejecutiva del Museo de Las Am\u00e9ricas, Mar\u00eda A. L\u00f3pez Vilella, anuncia los siguientes eventos que celebraran durante el mes de marzo de 2012. Antes de lo posible Jueves,&hellip;<\/p>\n<p class=\"more-link-p\"><a class=\"more-link\" href=\"https:\/\/bobvarela.com\/?p=29618\">Read more &rarr;<\/a><\/p>\n","protected":false},"author":1,"featured_media":0,"comment_status":"open","ping_status":"open","sticky":false,"template":"","format":"standard","meta":{"ngg_post_thumbnail":0,"footnotes":""},"categories":[3,6],"tags":[],"class_list":["post-29618","post","type-post","status-publish","format-standard","hentry","category-actividades","category-arte"],"_links":{"self":[{"href":"https:\/\/bobvarela.com\/index.php?rest_route=\/wp\/v2\/posts\/29618","targetHints":{"allow":["GET"]}}],"collection":[{"href":"https:\/\/bobvarela.com\/index.php?rest_route=\/wp\/v2\/posts"}],"about":[{"href":"https:\/\/bobvarela.com\/index.php?rest_route=\/wp\/v2\/types\/post"}],"author":[{"embeddable":true,"href":"https:\/\/bobvarela.com\/index.php?rest_route=\/wp\/v2\/users\/1"}],"replies":[{"embeddable":true,"href":"https:\/\/bobvarela.com\/index.php?rest_route=%2Fwp%2Fv2%2Fcomments&post=29618"}],"version-history":[{"count":1,"href":"https:\/\/bobvarela.com\/index.php?rest_route=\/wp\/v2\/posts\/29618\/revisions"}],"predecessor-version":[{"id":29619,"href":"https:\/\/bobvarela.com\/index.php?rest_route=\/wp\/v2\/posts\/29618\/revisions\/29619"}],"wp:attachment":[{"href":"https:\/\/bobvarela.com\/index.php?rest_route=%2Fwp%2Fv2%2Fmedia&parent=29618"}],"wp:term":[{"taxonomy":"category","embeddable":true,"href":"https:\/\/bobvarela.com\/index.php?rest_route=%2Fwp%2Fv2%2Fcategories&post=29618"},{"taxonomy":"post_tag","embeddable":true,"href":"https:\/\/bobvarela.com\/index.php?rest_route=%2Fwp%2Fv2%2Ftags&post=29618"}],"curies":[{"name":"wp","href":"https:\/\/api.w.org\/{rel}","templated":true}]}}