{"id":30290,"date":"2012-03-17T10:37:53","date_gmt":"2012-03-17T14:37:53","guid":{"rendered":"https:\/\/bobvarela.com\/?p=30290"},"modified":"2012-03-17T13:54:54","modified_gmt":"2012-03-17T17:54:54","slug":"junte-de-reinas-en-el-spring-fashion-fest","status":"publish","type":"post","link":"https:\/\/bobvarela.com\/?p=30290","title":{"rendered":"Junte de Reinas en el Spring Fashion Fest"},"content":{"rendered":"<p><font size=\"3\">San Juan, 17 de marzo de 2012.- Dos de las mujeres mas hermosas de Puerto Rico unen su talento por primera vez en el evento de moda y dise\u00f1o Spring Fashion Fest.<\/font><\/p>\n<table border=\"0\" cellspacing=\"0\" cellpadding=\"2\" width=\"647\">\n<tbody>\n<tr>\n<td valign=\"top\" width=\"645\">\n<p align=\"center\"><a href=\"https:\/\/bobvarela.com\/wp-content\/uploads\/2012\/03\/DSC_0088.jpg\"><img loading=\"lazy\" decoding=\"async\" style=\"background-image: none; border-bottom: 0px; border-left: 0px; padding-left: 0px; padding-right: 0px; display: inline; border-top: 0px; border-right: 0px; padding-top: 0px\" title=\"DSC_0088\" border=\"0\" alt=\"DSC_0088\" src=\"https:\/\/bobvarela.com\/wp-content\/uploads\/2012\/03\/DSC_0088_thumb.jpg\" width=\"276\" height=\"182\"\/><\/a><\/p>\n<\/td>\n<\/tr>\n<tr>\n<td valign=\"top\" width=\"645\">\n<h6 align=\"center\">Las animadoras, junto a los organizadores del evento : Luis D. Rosario y Rafael Hern\u00e1ndez<\/h6>\n<h6 align=\"center\">foto por Peter John Andino<\/h6>\n<\/td>\n<\/tr>\n<\/tbody>\n<\/table>\n<p align=\"justify\"><font size=\"3\"><b>Amanda Vilanova<\/b>, Miss Mundo de Puerto Rico 2011 y <b>Jennifer Guevara<\/b> Miss Continente Amerciano Puerto Rico ser\u00e1n las animadoras del festival de moda de primavera que reune en su pasarela a 10 dise\u00f1adores locales que presentar\u00e1n sus propuestas para esta temporada. <\/font> <\/p>\n<p align=\"justify\"><font size=\"3\">Spring Fashion Fest se efectuar\u00e1 el pr\u00f3ximo jueves 22 de marzo, a las 7:30 pm en Blue Lagoon Ballroom en Condado. Contar\u00e1 con la participaci\u00f3n de los dise\u00f1adores Reynaldo Jos\u00e9, Bliyi, Ivelisse Nieves, Fernando Gantier, Emil Vel\u00e1zquez, Chrisnelia Guzm\u00e1n, Elier Aubret, Juan Col\u00f3n, Marisol Guillont y Alesi D\u00edaz.<\/font> <\/p>\n<p align=\"justify\"><font size=\"3\">La admisi\u00f3n al evento, que comenzar\u00e1 con un desfile de personalidades por la alfombra azul, sera con un donativo popular de $12.00. <\/font> <\/p>\n<p align=\"justify\"><font size=\"3\">Blue Lagoon Caf\u00e9 and Ballroom queda ubicado en el Parque de la Laguna del Condado, Marginal Baldorioty de Castro.<\/font><\/p>\n","protected":false},"excerpt":{"rendered":"<p>San Juan, 17 de marzo de 2012.- Dos de las mujeres mas hermosas de Puerto Rico unen su talento por primera vez en el evento de moda y dise\u00f1o Spring Fashion Fest. Las animadoras, junto a los organizadores del evento&hellip;<\/p>\n<p class=\"more-link-p\"><a class=\"more-link\" href=\"https:\/\/bobvarela.com\/?p=30290\">Read more &rarr;<\/a><\/p>\n","protected":false},"author":1,"featured_media":0,"comment_status":"open","ping_status":"open","sticky":false,"template":"","format":"standard","meta":{"ngg_post_thumbnail":0,"footnotes":""},"categories":[4,295],"tags":[],"class_list":["post-30290","post","type-post","status-publish","format-standard","hentry","category-moda","category-puerto-rico"],"_links":{"self":[{"href":"https:\/\/bobvarela.com\/index.php?rest_route=\/wp\/v2\/posts\/30290","targetHints":{"allow":["GET"]}}],"collection":[{"href":"https:\/\/bobvarela.com\/index.php?rest_route=\/wp\/v2\/posts"}],"about":[{"href":"https:\/\/bobvarela.com\/index.php?rest_route=\/wp\/v2\/types\/post"}],"author":[{"embeddable":true,"href":"https:\/\/bobvarela.com\/index.php?rest_route=\/wp\/v2\/users\/1"}],"replies":[{"embeddable":true,"href":"https:\/\/bobvarela.com\/index.php?rest_route=%2Fwp%2Fv2%2Fcomments&post=30290"}],"version-history":[{"count":2,"href":"https:\/\/bobvarela.com\/index.php?rest_route=\/wp\/v2\/posts\/30290\/revisions"}],"predecessor-version":[{"id":30292,"href":"https:\/\/bobvarela.com\/index.php?rest_route=\/wp\/v2\/posts\/30290\/revisions\/30292"}],"wp:attachment":[{"href":"https:\/\/bobvarela.com\/index.php?rest_route=%2Fwp%2Fv2%2Fmedia&parent=30290"}],"wp:term":[{"taxonomy":"category","embeddable":true,"href":"https:\/\/bobvarela.com\/index.php?rest_route=%2Fwp%2Fv2%2Fcategories&post=30290"},{"taxonomy":"post_tag","embeddable":true,"href":"https:\/\/bobvarela.com\/index.php?rest_route=%2Fwp%2Fv2%2Ftags&post=30290"}],"curies":[{"name":"wp","href":"https:\/\/api.w.org\/{rel}","templated":true}]}}