{"id":30366,"date":"2012-03-20T20:41:12","date_gmt":"2012-03-21T00:41:12","guid":{"rendered":"https:\/\/bobvarela.com\/?p=30366"},"modified":"2012-03-20T20:45:27","modified_gmt":"2012-03-21T00:45:27","slug":"rumbo-a-guadalajara-juan-colon","status":"publish","type":"post","link":"https:\/\/bobvarela.com\/?p=30366","title":{"rendered":"Rumbo a Guadalajara Juan Colon"},"content":{"rendered":"<table border=\"0\" cellspacing=\"0\" cellpadding=\"2\" width=\"636\">\n<tbody>\n<tr>\n<td valign=\"top\" width=\"177\"><a href=\"https:\/\/bobvarela.com\/wp-content\/uploads\/2012\/03\/JuanColonEgo2-682x1024sl1.jpg\"><img loading=\"lazy\" decoding=\"async\" style=\"background-image: none; border-bottom: 0px; border-left: 0px; padding-left: 0px; padding-right: 0px; display: inline; border-top: 0px; border-right: 0px; padding-top: 0px\" title=\"JuanColonEgo2-682x1024sl\" border=\"0\" alt=\"JuanColonEgo2-682x1024sl\" src=\"https:\/\/bobvarela.com\/wp-content\/uploads\/2012\/03\/JuanColonEgo2-682x1024sl_thumb1.jpg\" width=\"176\" height=\"195\"\/><\/a><\/td>\n<td valign=\"top\" width=\"457\">\n<p align=\"justify\"><font size=\"3\">Con maleta en mano se dirige a Guadalajara, M\u00e9xico el dise\u00f1ador Juan Colon a exponer su m\u00e1s reciente colecci\u00f3n en suelo azteca, como parte del evento Fashion Rose Guadalajara 2012. Los desfiles se llevar\u00e1n a cabo en Marzo 21-22-23 en Plaza Liberaci\u00f3n frente al Teatro Degollado, son tres d\u00edas de moda en los cuales se presentaran dise\u00f1adores consolidados, nuevos talentos locales, nacionales e internacionales.<\/font><\/p>\n<\/td>\n<\/tr>\n<\/tbody>\n<\/table>\n<p align=\"justify\"><a href=\"https:\/\/bobvarela.com\/wp-content\/uploads\/2012\/03\/374257_145660778878648_100003041803736_181137_182686531_n1.jpg\"><img loading=\"lazy\" decoding=\"async\" style=\"background-image: none; border-bottom: 0px; border-left: 0px; padding-left: 0px; padding-right: 0px; display: inline; float: left; border-top: 0px; border-right: 0px; padding-top: 0px\" title=\"374257_145660778878648_100003041803736_181137_182686531_n\" border=\"0\" alt=\"374257_145660778878648_100003041803736_181137_182686531_n\" align=\"left\" src=\"https:\/\/bobvarela.com\/wp-content\/uploads\/2012\/03\/374257_145660778878648_100003041803736_181137_182686531_n_thumb1.jpg\" width=\"276\" height=\"171\"\/><\/a><\/p>\n<p align=\"justify\"><a href=\"https:\/\/bobvarela.com\/wp-content\/uploads\/2012\/03\/FR-frente-al-Teatro-Degollado1.jpg\"><img loading=\"lazy\" decoding=\"async\" style=\"background-image: none; border-bottom: 0px; border-left: 0px; padding-left: 0px; padding-right: 0px; display: block; float: none; margin-left: auto; border-top: 0px; margin-right: auto; border-right: 0px; padding-top: 0px\" title=\"FR frente al Teatro Degollado\" border=\"0\" alt=\"FR frente al Teatro Degollado\" src=\"https:\/\/bobvarela.com\/wp-content\/uploads\/2012\/03\/FR-frente-al-Teatro-Degollado_thumb1.jpg\" width=\"289\" height=\"163\"\/><\/a><\/p>\n<p>&nbsp;&nbsp; <\/p>\n<p align=\"justify\"><font size=\"3\">Este a\u00f1o Fashion Rose involucra las 7 ARTES con el festival de FASHION ROSE MODA Y ARTE presentando exposiciones en distintas partes de la ciudad: pintura, escultura, fotograf\u00eda y cine (Cortometrajes). Bajo un ambiente de historia y creatividad dise\u00f1adores de distintas regiones presentaran sus conceptos para deleitar al p\u00fablico presente.<\/font> <\/p>\n<p align=\"justify\"><font size=\"3\"><\/font> <\/p>\n<p align=\"justify\"><font size=\"3\">Juan Colon presentara su colecci\u00f3n \u201cSeduction\u201d el d\u00eda 23 de marzo en el cierre del evento, donde presentara vestidos de galas y coctel, complementados con accesorios de Redo del Olmo. <\/font>     <\/p>\n<p><a href=\"https:\/\/bobvarela.com\/wp-content\/uploads\/2012\/03\/IMG_0727.jpg\"><img loading=\"lazy\" decoding=\"async\" style=\"background-image: none; border-bottom: 0px; border-left: 0px; margin: 0px; padding-left: 0px; padding-right: 0px; display: inline; border-top: 0px; border-right: 0px; padding-top: 0px\" title=\"IMG_0727\" border=\"0\" alt=\"IMG_0727\" src=\"https:\/\/bobvarela.com\/wp-content\/uploads\/2012\/03\/IMG_0727_thumb.jpg\" width=\"124\" height=\"184\"\/><\/a><a href=\"https:\/\/bobvarela.com\/wp-content\/uploads\/2012\/03\/IMG_0401.jpg\"><img loading=\"lazy\" decoding=\"async\" style=\"background-image: none; border-bottom: 0px; border-left: 0px; padding-left: 0px; padding-right: 0px; display: inline; border-top: 0px; border-right: 0px; padding-top: 0px\" title=\"IMG_0401\" border=\"0\" alt=\"IMG_0401\" src=\"https:\/\/bobvarela.com\/wp-content\/uploads\/2012\/03\/IMG_0401_thumb.jpg\" width=\"124\" height=\"184\"\/><\/a><a href=\"https:\/\/bobvarela.com\/wp-content\/uploads\/2012\/03\/IMG_01891.jpg\"><img loading=\"lazy\" decoding=\"async\" style=\"background-image: none; border-bottom: 0px; border-left: 0px; padding-left: 0px; padding-right: 0px; display: inline; border-top: 0px; border-right: 0px; padding-top: 0px\" title=\"IMG_0189\" border=\"0\" alt=\"IMG_0189\" src=\"https:\/\/bobvarela.com\/wp-content\/uploads\/2012\/03\/IMG_0189_thumb1.jpg\" width=\"124\" height=\"184\"\/><\/a><a href=\"https:\/\/bobvarela.com\/wp-content\/uploads\/2012\/03\/IMG_0251.jpg\"><img loading=\"lazy\" decoding=\"async\" style=\"background-image: none; border-bottom: 0px; border-left: 0px; padding-left: 0px; padding-right: 0px; display: inline; border-top: 0px; border-right: 0px; padding-top: 0px\" title=\"IMG_0251\" border=\"0\" alt=\"IMG_0251\" src=\"https:\/\/bobvarela.com\/wp-content\/uploads\/2012\/03\/IMG_0251_thumb.jpg\" width=\"124\" height=\"184\"\/><\/a><a href=\"https:\/\/bobvarela.com\/wp-content\/uploads\/2012\/03\/IMG_0066.jpg\"><img loading=\"lazy\" decoding=\"async\" style=\"background-image: none; border-bottom: 0px; border-left: 0px; padding-left: 0px; padding-right: 0px; display: inline; border-top: 0px; border-right: 0px; padding-top: 0px\" title=\"IMG_0066\" border=\"0\" alt=\"IMG_0066\" src=\"https:\/\/bobvarela.com\/wp-content\/uploads\/2012\/03\/IMG_0066_thumb.jpg\" width=\"124\" height=\"184\"\/><\/a><\/p>\n","protected":false},"excerpt":{"rendered":"<p>Con maleta en mano se dirige a Guadalajara, M\u00e9xico el dise\u00f1ador Juan Colon a exponer su m\u00e1s reciente colecci\u00f3n en suelo azteca, como parte del evento Fashion Rose Guadalajara 2012. Los desfiles se llevar\u00e1n a cabo en Marzo 21-22-23 en&hellip;<\/p>\n<p class=\"more-link-p\"><a class=\"more-link\" href=\"https:\/\/bobvarela.com\/?p=30366\">Read more &rarr;<\/a><\/p>\n","protected":false},"author":1,"featured_media":0,"comment_status":"open","ping_status":"open","sticky":false,"template":"","format":"standard","meta":{"ngg_post_thumbnail":0,"footnotes":""},"categories":[4],"tags":[22],"class_list":["post-30366","post","type-post","status-publish","format-standard","hentry","category-moda","tag-juan-colon"],"_links":{"self":[{"href":"https:\/\/bobvarela.com\/index.php?rest_route=\/wp\/v2\/posts\/30366","targetHints":{"allow":["GET"]}}],"collection":[{"href":"https:\/\/bobvarela.com\/index.php?rest_route=\/wp\/v2\/posts"}],"about":[{"href":"https:\/\/bobvarela.com\/index.php?rest_route=\/wp\/v2\/types\/post"}],"author":[{"embeddable":true,"href":"https:\/\/bobvarela.com\/index.php?rest_route=\/wp\/v2\/users\/1"}],"replies":[{"embeddable":true,"href":"https:\/\/bobvarela.com\/index.php?rest_route=%2Fwp%2Fv2%2Fcomments&post=30366"}],"version-history":[{"count":2,"href":"https:\/\/bobvarela.com\/index.php?rest_route=\/wp\/v2\/posts\/30366\/revisions"}],"predecessor-version":[{"id":30374,"href":"https:\/\/bobvarela.com\/index.php?rest_route=\/wp\/v2\/posts\/30366\/revisions\/30374"}],"wp:attachment":[{"href":"https:\/\/bobvarela.com\/index.php?rest_route=%2Fwp%2Fv2%2Fmedia&parent=30366"}],"wp:term":[{"taxonomy":"category","embeddable":true,"href":"https:\/\/bobvarela.com\/index.php?rest_route=%2Fwp%2Fv2%2Fcategories&post=30366"},{"taxonomy":"post_tag","embeddable":true,"href":"https:\/\/bobvarela.com\/index.php?rest_route=%2Fwp%2Fv2%2Ftags&post=30366"}],"curies":[{"name":"wp","href":"https:\/\/api.w.org\/{rel}","templated":true}]}}