{"id":31147,"date":"2012-03-29T07:00:42","date_gmt":"2012-03-29T11:00:42","guid":{"rendered":"https:\/\/bobvarela.com\/?p=31147"},"modified":"2012-03-29T07:00:47","modified_gmt":"2012-03-29T11:00:47","slug":"comienza-a-prepararse-gira-de-presentaciones-de-jos-feliciano-en-mxico","status":"publish","type":"post","link":"https:\/\/bobvarela.com\/?p=31147","title":{"rendered":"Comienza a prepararse gira de presentaciones de Jos&eacute; Feliciano en M&eacute;xico"},"content":{"rendered":"<p align=\"center\"><a href=\"https:\/\/bobvarela.com\/wp-content\/uploads\/2012\/03\/Jose-en-el-cielo.jpg\"><img loading=\"lazy\" decoding=\"async\" style=\"background-image: none; border-bottom: 0px; border-left: 0px; padding-left: 0px; padding-right: 0px; display: inline; border-top: 0px; border-right: 0px; padding-top: 0px\" title=\"Jose-en-el-cielo\" border=\"0\" alt=\"Jose-en-el-cielo\" src=\"https:\/\/bobvarela.com\/wp-content\/uploads\/2012\/03\/Jose-en-el-cielo_thumb.jpg\" width=\"270\" height=\"189\"\/><\/a><\/p>\n<p align=\"justify\"><font size=\"3\"><strong>Miami, Florida | 28 de marzo del 2012 | Media Force Communications<\/strong>\u2013 Oficialmente se abre el periodo de contrataci\u00f3n para Jos\u00e9 Feliciano en M\u00e9xico. Desde el mes de mayo, Jos\u00e9 estar\u00e1 en dicho pa\u00eds ofreciendo una gira de promoci\u00f3n y conciertos.<\/font> <\/p>\n<p align=\"justify\"><font size=\"3\">&#8220;Es una alegr\u00eda muy grande para mi volver a M\u00e9xico, le tengo un cari\u00f1o especial a este pa\u00eds, porque he vivido cosas muy bonitas all\u00ed y tengo grandes amigos\u201d, asegura Feliciano. M\u00e9xico ha sido escenario de muy buenos recuerdos de Jos\u00e9 Feliciano, su cultura y su gente est\u00e1n impregnadas en su coraz\u00f3n. Discos como &#8220;A M\u00e9xico con Amor\u201d demuestran el cari\u00f1o de Jos\u00e9 por dicho pa\u00eds.<\/font> <\/p>\n<p align=\"justify\"><font size=\"3\">Recientemente su compa\u00f1\u00eda de relaciones p\u00fablicas expandi\u00f3 sus servicios a M\u00e9xico, teniendo como sede sus oficinas en el Distrito Federal, con el fin de ofrecer un servicio variado e incluyendo las giras de medios y presentaciones de los artistas que representa. Jose Feliciano, despu\u00e9s de varios a\u00f1os sin pisar suelo mexicano, por fin va a volver por tierras aztecas, desde el mes de mayo quedan abiertas las fechas para promoci\u00f3n, contrataciones y conciertos.<\/font> <\/p>\n<p align=\"justify\"><font size=\"3\">En esta nueva etapa de Jos\u00e9, M\u00e9xico ser\u00e1 uno de los primeros pa\u00edses en disfrutar de su nuevo material musical &#8220;Alma Rebelde\u201d, el cual saldr\u00e1 al mercado este pr\u00f3ximo verano y cuyo sencillo es todav\u00eda una sorpresa<\/font><\/p>\n","protected":false},"excerpt":{"rendered":"<p>Miami, Florida | 28 de marzo del 2012 | Media Force Communications\u2013 Oficialmente se abre el periodo de contrataci\u00f3n para Jos\u00e9 Feliciano en M\u00e9xico. Desde el mes de mayo, Jos\u00e9 estar\u00e1 en dicho pa\u00eds ofreciendo una gira de promoci\u00f3n y&hellip;<\/p>\n<p class=\"more-link-p\"><a class=\"more-link\" href=\"https:\/\/bobvarela.com\/?p=31147\">Read more &rarr;<\/a><\/p>\n","protected":false},"author":1,"featured_media":0,"comment_status":"open","ping_status":"open","sticky":false,"template":"","format":"standard","meta":{"ngg_post_thumbnail":0,"footnotes":""},"categories":[3,127],"tags":[],"class_list":["post-31147","post","type-post","status-publish","format-standard","hentry","category-actividades","category-musica"],"_links":{"self":[{"href":"https:\/\/bobvarela.com\/index.php?rest_route=\/wp\/v2\/posts\/31147","targetHints":{"allow":["GET"]}}],"collection":[{"href":"https:\/\/bobvarela.com\/index.php?rest_route=\/wp\/v2\/posts"}],"about":[{"href":"https:\/\/bobvarela.com\/index.php?rest_route=\/wp\/v2\/types\/post"}],"author":[{"embeddable":true,"href":"https:\/\/bobvarela.com\/index.php?rest_route=\/wp\/v2\/users\/1"}],"replies":[{"embeddable":true,"href":"https:\/\/bobvarela.com\/index.php?rest_route=%2Fwp%2Fv2%2Fcomments&post=31147"}],"version-history":[{"count":1,"href":"https:\/\/bobvarela.com\/index.php?rest_route=\/wp\/v2\/posts\/31147\/revisions"}],"predecessor-version":[{"id":31148,"href":"https:\/\/bobvarela.com\/index.php?rest_route=\/wp\/v2\/posts\/31147\/revisions\/31148"}],"wp:attachment":[{"href":"https:\/\/bobvarela.com\/index.php?rest_route=%2Fwp%2Fv2%2Fmedia&parent=31147"}],"wp:term":[{"taxonomy":"category","embeddable":true,"href":"https:\/\/bobvarela.com\/index.php?rest_route=%2Fwp%2Fv2%2Fcategories&post=31147"},{"taxonomy":"post_tag","embeddable":true,"href":"https:\/\/bobvarela.com\/index.php?rest_route=%2Fwp%2Fv2%2Ftags&post=31147"}],"curies":[{"name":"wp","href":"https:\/\/api.w.org\/{rel}","templated":true}]}}