{"id":31742,"date":"2012-04-09T17:07:28","date_gmt":"2012-04-09T21:07:28","guid":{"rendered":"https:\/\/bobvarela.com\/?p=31742"},"modified":"2012-04-09T17:08:19","modified_gmt":"2012-04-09T21:08:19","slug":"farruko-comparte-escenario-con-don-omar-en-panam","status":"publish","type":"post","link":"https:\/\/bobvarela.com\/?p=31742","title":{"rendered":"Farruko comparte escenario con Don Omar en Panam&aacute;"},"content":{"rendered":"<p align=\"justify\"><strong>&nbsp;<\/strong><\/p>\n<p align=\"center\"><strong><a href=\"https:\/\/bobvarela.com\/wp-content\/uploads\/2012\/04\/Farruko-en-Panam-LR.jpg.jpg\"><img loading=\"lazy\" decoding=\"async\" style=\"background-image: none; border-right-width: 0px; padding-left: 0px; padding-right: 0px; display: inline; border-top-width: 0px; border-bottom-width: 0px; border-left-width: 0px; padding-top: 0px\" title=\"Farruko en Panam&aacute; LR.jpg\" border=\"0\" alt=\"Farruko en Panam&aacute; LR.jpg\" src=\"https:\/\/bobvarela.com\/wp-content\/uploads\/2012\/04\/Farruko-en-Panam-LR.jpg_thumb.jpg\" width=\"344\" height=\"184\"\/><\/a><\/strong><\/p>\n<p align=\"justify\"><strong><\/strong>&nbsp;<\/p>\n<p align=\"justify\"><strong><font size=\"3\">| 4 de abril del 2012 | Media Force Public Relations<\/font><\/strong><font size=\"3\"> \u2013 Farruko visit\u00f3 Panam\u00e1 para ofrecer un concierto en el Figali Convention Center, en el que comparti\u00f3 escenario con Don Omar y con los artistas paname\u00f1os Latin Fresh y Mr.Saik.<\/font><\/p>\n<p><font size=\"3\"> <\/p>\n<p align=\"justify\">Bajo una explosi\u00f3n, seguida de fuego, apareci\u00f3 Farruko en el escenario cantando &#8220;Hola Beba\u201d, tema con el que arranc\u00f3 un show de casi una hora. Seg\u00fan una revista paname\u00f1a &#8220;a las 11.25 PM se escuchaban los gritos y las llamadas de las euf\u00f3ricas chicas quienes aclamaban a Farruko\u201d. M\u00e1s de 10.000 personas asistieron al Figali Convention Center, donde vieron a Farruko junto a su banda completa: un bajo, un bater\u00eda, un piano y un viol\u00edn, junto a dos coristas y el grupo de bailarines. El baterista y el bajo han sido los \u00faltimos en incorporarse a la banda. Ambos son de Ecuador, y se unieron al grupo durante el pasado concierto en ese pa\u00eds.<\/p>\n<p align=\"justify\">Farruko ya ha comenzado la gira mundial que lleva el mismo nombre que su nuevo \u00e1lbum, &#8220;The Most Powerful Rookie 2012\u201d (TMPR* 2012). En estos d\u00edas se anunciar\u00e1 la fecha de salida al mercado de este \u00e1lbum, esperado con gran expectaci\u00f3n. Su primera presentaci\u00f3n que dio comienzo a la gira fue en la plaza de toros de Quito, Ecuador, donde alrededor de 16.000 personas asistieron al evento. Era la primera vez que Farruko asist\u00eda a Ecuador, y lo hizo de manera inusual, en un evento masivo, que superando todas las expectativas fue todo un \u00e9xito. Para saber m\u00e1s sobre las fechas y lugares de la gira pueden visitar <\/p>\n<p><\/font><a href=\"https:\/\/mediaforceus.activehosted.com\/lt.php?c=38&amp;m=63&amp;nl=1&amp;s=e402561a19c855a1f86e7da3ac92e661&amp;lid=390&amp;l=-http--www.farruko.com\"><font size=\"3\">https:\/\/www.farruko.com<\/font><\/a><font size=\"3\">. <\/font> <\/p>\n<p align=\"justify\"><font size=\"3\"><br \/>Actualmente Farruko est\u00e1 cumpliendo con los compromisos que tiene por EE.UU. y Latinoam\u00e9rica como parte de la misma gira TMPR 2012, y est\u00e1 a punto de sacar su nuevo material al mercado. En esta nueva etapa del artista, la compa\u00f1\u00eda S &amp; A Music Corp., el Sr. Salvador Morales y la Sra. Florence Torres siguen siendo los representantes exclusivos a nivel mundial, absolutamente nadie m\u00e1s esta autorizado para negociaciones, contrataciones o necesidad de alguna informaci\u00f3n. Pueden contactar a los siguientes tel\u00e9fonos 787-596-0204\/787-810-0718 y el correo electr\u00f3nico <\/font><a href=\"mailto:salvaegroup@gmail.com\"><font size=\"3\">salvaegroup@gmail.com<\/font><\/a><font size=\"3\">.<\/font><\/p>\n","protected":false},"excerpt":{"rendered":"<p>&nbsp; &nbsp; | 4 de abril del 2012 | Media Force Public Relations \u2013 Farruko visit\u00f3 Panam\u00e1 para ofrecer un concierto en el Figali Convention Center, en el que comparti\u00f3 escenario con Don Omar y con los artistas paname\u00f1os Latin&hellip;<\/p>\n<p class=\"more-link-p\"><a class=\"more-link\" href=\"https:\/\/bobvarela.com\/?p=31742\">Read more &rarr;<\/a><\/p>\n","protected":false},"author":1,"featured_media":0,"comment_status":"open","ping_status":"open","sticky":false,"template":"","format":"standard","meta":{"ngg_post_thumbnail":0,"footnotes":""},"categories":[3,127],"tags":[],"class_list":["post-31742","post","type-post","status-publish","format-standard","hentry","category-actividades","category-musica"],"_links":{"self":[{"href":"https:\/\/bobvarela.com\/index.php?rest_route=\/wp\/v2\/posts\/31742","targetHints":{"allow":["GET"]}}],"collection":[{"href":"https:\/\/bobvarela.com\/index.php?rest_route=\/wp\/v2\/posts"}],"about":[{"href":"https:\/\/bobvarela.com\/index.php?rest_route=\/wp\/v2\/types\/post"}],"author":[{"embeddable":true,"href":"https:\/\/bobvarela.com\/index.php?rest_route=\/wp\/v2\/users\/1"}],"replies":[{"embeddable":true,"href":"https:\/\/bobvarela.com\/index.php?rest_route=%2Fwp%2Fv2%2Fcomments&post=31742"}],"version-history":[{"count":2,"href":"https:\/\/bobvarela.com\/index.php?rest_route=\/wp\/v2\/posts\/31742\/revisions"}],"predecessor-version":[{"id":31744,"href":"https:\/\/bobvarela.com\/index.php?rest_route=\/wp\/v2\/posts\/31742\/revisions\/31744"}],"wp:attachment":[{"href":"https:\/\/bobvarela.com\/index.php?rest_route=%2Fwp%2Fv2%2Fmedia&parent=31742"}],"wp:term":[{"taxonomy":"category","embeddable":true,"href":"https:\/\/bobvarela.com\/index.php?rest_route=%2Fwp%2Fv2%2Fcategories&post=31742"},{"taxonomy":"post_tag","embeddable":true,"href":"https:\/\/bobvarela.com\/index.php?rest_route=%2Fwp%2Fv2%2Ftags&post=31742"}],"curies":[{"name":"wp","href":"https:\/\/api.w.org\/{rel}","templated":true}]}}