{"id":31780,"date":"2012-04-10T19:14:35","date_gmt":"2012-04-10T23:14:35","guid":{"rendered":"https:\/\/bobvarela.com\/?p=31780"},"modified":"2012-04-10T19:14:38","modified_gmt":"2012-04-10T23:14:38","slug":"nuevos-rostros-en-la-televisin-local-en-infashion-y-al-son-de-mi-pueblo-en-el-canal-13","status":"publish","type":"post","link":"https:\/\/bobvarela.com\/?p=31780","title":{"rendered":"Nuevos rostros en la televisi&oacute;n local en Infashion y Al Son de Mi Pueblo en el Canal 13"},"content":{"rendered":"<p align=\"justify\"><font size=\"3\">La reina de belleza Jennifer Guevara, la reportera Yarimar Marrero, la actriz Joealis Santiago y el actor David Soto, forman parte de nuevos proyectos televisivos que se transmitio a partir de&#160; <\/font><font size=\"3\">9 abril por el Canal 13. Infashion y Al son de mi pueblo son los nuevos programas que persiguen llevar informaci\u00f3n al televidente de una manera amena y divertida. <\/font><\/p>\n<p align=\"justify\"><font size=\"3\">\u00a8Estamos muy contentos con estas nuevas propuestas para la familia puertorrique\u00f1a. Estos dos programas tienen el prop\u00f3sito de informar y educar al televidente de una manera din\u00e1mica, educativa y diferente\u00a8, dijo Carlo Cimato, productor de ambos proyectos.<\/font><\/p>\n<p align=\"justify\"><a href=\"https:\/\/bobvarela.com\/wp-content\/uploads\/2012\/04\/MG_71611.jpg\"><img loading=\"lazy\" decoding=\"async\" style=\"background-image: none; border-bottom: 0px; border-left: 0px; margin: 0px; padding-left: 0px; padding-right: 0px; display: inline; border-top: 0px; border-right: 0px; padding-top: 0px\" title=\"_MG_7161[1]\" border=\"0\" alt=\"_MG_7161[1]\" src=\"https:\/\/bobvarela.com\/wp-content\/uploads\/2012\/04\/MG_71611_thumb.jpg\" width=\"124\" height=\"175\" \/><\/a><a href=\"https:\/\/bobvarela.com\/wp-content\/uploads\/2012\/04\/MG_7015.jpg\"><img loading=\"lazy\" decoding=\"async\" style=\"background-image: none; border-bottom: 0px; border-left: 0px; margin: 0px; padding-left: 0px; padding-right: 0px; display: inline; border-top: 0px; border-right: 0px; padding-top: 0px\" title=\"_MG_7015\" border=\"0\" alt=\"_MG_7015\" src=\"https:\/\/bobvarela.com\/wp-content\/uploads\/2012\/04\/MG_7015_thumb.jpg\" width=\"124\" height=\"172\" \/><\/a><a href=\"https:\/\/bobvarela.com\/wp-content\/uploads\/2012\/04\/MG_70351.jpg\"><img loading=\"lazy\" decoding=\"async\" style=\"background-image: none; border-bottom: 0px; border-left: 0px; margin: 0px; padding-left: 0px; padding-right: 0px; display: inline; border-top: 0px; border-right: 0px; padding-top: 0px\" title=\"_MG_7035[1]\" border=\"0\" alt=\"_MG_7035[1]\" src=\"https:\/\/bobvarela.com\/wp-content\/uploads\/2012\/04\/MG_70351_thumb.jpg\" width=\"124\" height=\"172\" \/><\/a><a href=\"https:\/\/bobvarela.com\/wp-content\/uploads\/2012\/04\/MG_7080.jpg\"><img loading=\"lazy\" decoding=\"async\" style=\"background-image: none; border-bottom: 0px; border-left: 0px; margin: 0px; padding-left: 0px; padding-right: 0px; display: inline; border-top: 0px; border-right: 0px; padding-top: 0px\" title=\"_MG_7080\" border=\"0\" alt=\"_MG_7080\" src=\"https:\/\/bobvarela.com\/wp-content\/uploads\/2012\/04\/MG_7080_thumb.jpg\" width=\"124\" height=\"184\" \/><\/a><a href=\"https:\/\/bobvarela.com\/wp-content\/uploads\/2012\/04\/MG_71371.jpg\"><img loading=\"lazy\" decoding=\"async\" style=\"background-image: none; border-bottom: 0px; border-left: 0px; padding-left: 0px; padding-right: 0px; display: inline; border-top: 0px; border-right: 0px; padding-top: 0px\" title=\"_MG_7137[1]\" border=\"0\" alt=\"_MG_7137[1]\" src=\"https:\/\/bobvarela.com\/wp-content\/uploads\/2012\/04\/MG_71371_thumb.jpg\" width=\"124\" height=\"167\" \/><\/a><\/p>\n<p align=\"justify\"><font size=\"3\"><i>Infashion<\/i> es un programa que presenta temas de moda, gastronom\u00eda, entrevistas, belleza y salud. Esta nueva propuesta de televisi\u00f3n busca enaltecer la moda en la Isla, sus dise\u00f1adores, los lugares de moda m\u00e1s <b><i>IN<\/i><\/b>, las pasarelas m\u00e1s importantes y las nuevas tendencias para cada temporada.<\/font><\/p>\n<p align=\"justify\"><font size=\"3\">La ex Miss Mundo de Puerto Rico Jennifer Guevara y la reportera Yarimar Marrero ser\u00e1n las conductoras de este programa, que se transmitir\u00e1 todos los lunes a las 7:00 p.m. y que contar\u00e1 con la colaboraci\u00f3n de especialistas en moda, belleza y salud.<\/font><\/p>\n<p align=\"justify\"><font size=\"3\">\u00a8Desde el momento que me llamaron para hacer este proyecto me enamor\u00e9 de su concepto porque es un programa de moda din\u00e1mico y junto a mi compa\u00f1era Yarimar Marrero hacemos el complemento perfecto\u00a8, coment\u00f3 Guevara, quien en octubre representar\u00e1 a la Isla en el concurso Miss Continente Americano, en Ecuador. <\/font><\/p>\n<p align=\"justify\"><font size=\"3\"><a href=\"https:\/\/bobvarela.com\/wp-content\/uploads\/2012\/04\/MG_7059.jpg\"><img loading=\"lazy\" decoding=\"async\" style=\"background-image: none; border-bottom: 0px; border-left: 0px; margin: 0px; padding-left: 0px; padding-right: 0px; display: inline; border-top: 0px; border-right: 0px; padding-top: 0px\" title=\"_MG_7059\" border=\"0\" alt=\"_MG_7059\" src=\"https:\/\/bobvarela.com\/wp-content\/uploads\/2012\/04\/MG_7059_thumb.jpg\" width=\"124\" height=\"184\" \/><\/a><a href=\"https:\/\/bobvarela.com\/wp-content\/uploads\/2012\/04\/MG_7144.jpg\"><img loading=\"lazy\" decoding=\"async\" style=\"background-image: none; border-bottom: 0px; border-left: 0px; margin: 0px; padding-left: 0px; padding-right: 0px; display: inline; border-top: 0px; border-right: 0px; padding-top: 0px\" title=\"_MG_7144\" border=\"0\" alt=\"_MG_7144\" src=\"https:\/\/bobvarela.com\/wp-content\/uploads\/2012\/04\/MG_7144_thumb.jpg\" width=\"117\" height=\"184\" \/><\/a><a href=\"https:\/\/bobvarela.com\/wp-content\/uploads\/2012\/04\/MG_7173.jpg\"><img loading=\"lazy\" decoding=\"async\" style=\"background-image: none; border-bottom: 0px; border-left: 0px; margin: 0px; padding-left: 0px; padding-right: 0px; display: inline; border-top: 0px; border-right: 0px; padding-top: 0px\" title=\"_MG_7173\" border=\"0\" alt=\"_MG_7173\" src=\"https:\/\/bobvarela.com\/wp-content\/uploads\/2012\/04\/MG_7173_thumb.jpg\" width=\"120\" height=\"184\" \/><\/a><a href=\"https:\/\/bobvarela.com\/wp-content\/uploads\/2012\/04\/MG_7240.jpg\"><img loading=\"lazy\" decoding=\"async\" style=\"background-image: none; border-bottom: 0px; border-left: 0px; margin: 0px; padding-left: 0px; padding-right: 0px; display: inline; border-top: 0px; border-right: 0px; padding-top: 0px\" title=\"_MG_7240\" border=\"0\" alt=\"_MG_7240\" src=\"https:\/\/bobvarela.com\/wp-content\/uploads\/2012\/04\/MG_7240_thumb.jpg\" width=\"124\" height=\"184\" \/><\/a><a href=\"https:\/\/bobvarela.com\/wp-content\/uploads\/2012\/04\/MG_7267.jpg\"><img loading=\"lazy\" decoding=\"async\" style=\"background-image: none; border-bottom: 0px; border-left: 0px; padding-left: 0px; padding-right: 0px; display: inline; border-top: 0px; border-right: 0px; padding-top: 0px\" title=\"_MG_7267\" border=\"0\" alt=\"_MG_7267\" src=\"https:\/\/bobvarela.com\/wp-content\/uploads\/2012\/04\/MG_7267_thumb.jpg\" width=\"123\" height=\"184\" \/><\/a><\/font><\/p>\n<p align=\"justify\"><font size=\"3\">Por otro lado, <i>Al son de mi pueblo<\/i> es un programa familiar que presenta c\u00f3mo somos y te transporta a los lugares m\u00e1s hermosos y atractivos de Puerto Rico. Es un programa que tiene como objetivo enaltecer la cultura y las costumbres que distinguen a la Isla. Este proyecto busca preservar la cultura, \u00e1reas geogr\u00e1ficas y las zonas tur\u00edsticas m\u00e1s importantes que hace de Puerto Rico un pa\u00eds interesante y atractivo a nivel mundial.<\/font><\/p>\n<p align=\"justify\"><font size=\"3\">La actriz Joealis Santiago y Yarimar Marrero ser\u00e1n las presentadoras de este nuevo proyecto, y que junto al personaje Don Carmelo le pondr\u00e1n sabor y dinamismo al programa. Este programa se transmitir\u00e1 todos los martes a las 7:00 p.m. <\/font><\/p>\n<p align=\"justify\"><font size=\"3\">\u00a8Cuando me dieron la noticia que trabajar\u00eda con este proyecto me entusiasm\u00e9 mucho porque es un programa que resalta la cultura, la m\u00fasica, las tradiciones y nuestra esencia como puertorrique\u00f1os. Es un proyecto que me ha hecho conocer m\u00e1s de mi patria y acercarme a la gente\u00a8, expres\u00f3 Marrero.<\/font><\/p>\n<p align=\"justify\"><font size=\"3\">Cimato indic\u00f3 que el contrato de ambos programas es de una temporada, <\/font><font size=\"3\">pero que hay planes de extenderlo por el respaldo que han tenido.<\/font> <\/p>\n<p align=\"justify\"><a href=\"https:\/\/bobvarela.com\/wp-content\/uploads\/2012\/04\/576995_264739180283374_259209960836296_563804_888731455_n.jpg\"><img loading=\"lazy\" decoding=\"async\" style=\"background-image: none; border-bottom: 0px; border-left: 0px; padding-left: 0px; padding-right: 0px; display: inline; border-top: 0px; border-right: 0px; padding-top: 0px\" title=\"576995_264739180283374_259209960836296_563804_888731455_n\" border=\"0\" alt=\"576995_264739180283374_259209960836296_563804_888731455_n\" src=\"https:\/\/bobvarela.com\/wp-content\/uploads\/2012\/04\/576995_264739180283374_259209960836296_563804_888731455_n_thumb.jpg\" width=\"164\" height=\"124\" \/><\/a><a href=\"https:\/\/bobvarela.com\/wp-content\/uploads\/2012\/04\/MG_7027.jpg\"><img loading=\"lazy\" decoding=\"async\" style=\"background-image: none; border-bottom: 0px; border-left: 0px; padding-left: 0px; padding-right: 0px; display: inline; border-top: 0px; border-right: 0px; padding-top: 0px\" title=\"_MG_7027\" border=\"0\" alt=\"_MG_7027\" src=\"https:\/\/bobvarela.com\/wp-content\/uploads\/2012\/04\/MG_7027_thumb.jpg\" width=\"184\" height=\"124\" \/><\/a><a href=\"https:\/\/bobvarela.com\/wp-content\/uploads\/2012\/04\/538620_264738926950066_259209960836296_563803_132613119_n.jpg\"><img loading=\"lazy\" decoding=\"async\" style=\"background-image: none; border-bottom: 0px; border-left: 0px; padding-left: 0px; padding-right: 0px; display: inline; border-top: 0px; border-right: 0px; padding-top: 0px\" title=\"538620_264738926950066_259209960836296_563803_132613119_n\" border=\"0\" alt=\"538620_264738926950066_259209960836296_563803_132613119_n\" src=\"https:\/\/bobvarela.com\/wp-content\/uploads\/2012\/04\/538620_264738926950066_259209960836296_563803_132613119_n_thumb.jpg\" width=\"164\" height=\"124\" \/><\/a><\/p>\n","protected":false},"excerpt":{"rendered":"<p>La reina de belleza Jennifer Guevara, la reportera Yarimar Marrero, la actriz Joealis Santiago y el actor David Soto, forman parte de nuevos proyectos televisivos que se transmitio a partir de&#160; 9 abril por el Canal 13. Infashion y Al&hellip;<\/p>\n<p class=\"more-link-p\"><a class=\"more-link\" href=\"https:\/\/bobvarela.com\/?p=31780\">Read more &rarr;<\/a><\/p>\n","protected":false},"author":1,"featured_media":0,"comment_status":"open","ping_status":"open","sticky":false,"template":"","format":"standard","meta":{"ngg_post_thumbnail":0,"footnotes":""},"categories":[1],"tags":[],"class_list":["post-31780","post","type-post","status-publish","format-standard","hentry","category-uncategorized"],"_links":{"self":[{"href":"https:\/\/bobvarela.com\/index.php?rest_route=\/wp\/v2\/posts\/31780","targetHints":{"allow":["GET"]}}],"collection":[{"href":"https:\/\/bobvarela.com\/index.php?rest_route=\/wp\/v2\/posts"}],"about":[{"href":"https:\/\/bobvarela.com\/index.php?rest_route=\/wp\/v2\/types\/post"}],"author":[{"embeddable":true,"href":"https:\/\/bobvarela.com\/index.php?rest_route=\/wp\/v2\/users\/1"}],"replies":[{"embeddable":true,"href":"https:\/\/bobvarela.com\/index.php?rest_route=%2Fwp%2Fv2%2Fcomments&post=31780"}],"version-history":[{"count":1,"href":"https:\/\/bobvarela.com\/index.php?rest_route=\/wp\/v2\/posts\/31780\/revisions"}],"predecessor-version":[{"id":31781,"href":"https:\/\/bobvarela.com\/index.php?rest_route=\/wp\/v2\/posts\/31780\/revisions\/31781"}],"wp:attachment":[{"href":"https:\/\/bobvarela.com\/index.php?rest_route=%2Fwp%2Fv2%2Fmedia&parent=31780"}],"wp:term":[{"taxonomy":"category","embeddable":true,"href":"https:\/\/bobvarela.com\/index.php?rest_route=%2Fwp%2Fv2%2Fcategories&post=31780"},{"taxonomy":"post_tag","embeddable":true,"href":"https:\/\/bobvarela.com\/index.php?rest_route=%2Fwp%2Fv2%2Ftags&post=31780"}],"curies":[{"name":"wp","href":"https:\/\/api.w.org\/{rel}","templated":true}]}}