{"id":31820,"date":"2012-04-18T19:18:27","date_gmt":"2012-04-18T23:18:27","guid":{"rendered":"https:\/\/bobvarela.com\/?p=31820"},"modified":"2012-04-19T03:11:12","modified_gmt":"2012-04-19T07:11:12","slug":"las-nuevas-botellas-de-coca-cola-light-diseadas-por-jean-paul-gaultier","status":"publish","type":"post","link":"https:\/\/bobvarela.com\/?p=31820","title":{"rendered":"Las nuevas botellas de Coca Cola Light dise&ntilde;adas por Jean Paul Gaultier"},"content":{"rendered":"<p><a href=\"https:\/\/bobvarela.com\/wp-content\/uploads\/2012\/04\/gau1.jpg\"><img loading=\"lazy\" decoding=\"async\" style=\"background-image: none; border-right-width: 0px; margin: 0px; padding-left: 0px; padding-right: 0px; display: inline; border-top-width: 0px; border-bottom-width: 0px; border-left-width: 0px; padding-top: 0px\" title=\"gau1\" border=\"0\" alt=\"gau1\" src=\"https:\/\/bobvarela.com\/wp-content\/uploads\/2012\/04\/gau1_thumb.jpg\" width=\"124\" height=\"160\" \/><\/a><a href=\"https:\/\/bobvarela.com\/wp-content\/uploads\/2012\/04\/gau2.jpg\"><img loading=\"lazy\" decoding=\"async\" style=\"background-image: none; border-right-width: 0px; padding-left: 0px; padding-right: 0px; display: inline; border-top-width: 0px; border-bottom-width: 0px; border-left-width: 0px; padding-top: 0px\" title=\"gau2\" border=\"0\" alt=\"gau2\" src=\"https:\/\/bobvarela.com\/wp-content\/uploads\/2012\/04\/gau2_thumb.jpg\" width=\"124\" height=\"160\" \/><\/a><a href=\"https:\/\/bobvarela.com\/wp-content\/uploads\/2012\/04\/gaultiercoke.jpg\"><img loading=\"lazy\" decoding=\"async\" style=\"background-image: none; border-right-width: 0px; padding-left: 0px; padding-right: 0px; display: inline; border-top-width: 0px; border-bottom-width: 0px; border-left-width: 0px; padding-top: 0px\" title=\"gaultiercoke\" border=\"0\" alt=\"gaultiercoke\" src=\"https:\/\/bobvarela.com\/wp-content\/uploads\/2012\/04\/gaultiercoke_thumb.jpg\" width=\"295\" height=\"159\" \/><\/a><\/p>\n<p align=\"justify\"><font size=\"3\">El dise\u00f1ador de moda, Jean Paul Gaultier, ha sido el encargado de la est\u00e9tica a las nuevas botellas de Coca-Cola Light. En su versi\u00f3n femenina y masculina, y una tercera dedicada a Madonna, As\u00ed, las rayas blancas y azul marino, los cors\u00e9s y los tatuajes colmaron los dise\u00f1os del envase de la gaseosa.<\/font><\/p>\n<div style=\"padding-bottom: 0px; padding-left: 0px; width: 505px; padding-right: 0px; display: block; float: none; margin-left: auto; margin-right: auto; padding-top: 0px\" id=\"scid:5737277B-5D6D-4f48-ABFC-DD9C333F4C5D:3ee2614c-2448-41e2-9b71-224bf900c456\" class=\"wlWriterEditableSmartContent\">\n<div><object width=\"505\" height=\"284\"><param name=\"movie\" value=\"https:\/\/www.youtube.com\/v\/t2EGlHt9rFI?hl=en&amp;hd=1\"><\/param><embed src=\"https:\/\/www.youtube.com\/v\/t2EGlHt9rFI?hl=en&amp;hd=1\" type=\"application\/x-shockwave-flash\" width=\"505\" height=\"284\"><\/embed><\/object><\/div>\n<\/div>\n<p align=\"justify\"><font size=\"3\"><\/font><\/p>\n<p align=\"justify\"><font size=\"3\">Adem\u00e1s de figurar como la estrella en la nueva campa\u00f1a gr\u00e1fica, Gaultier tambi\u00e9n protagoniza tres cortometrajes de Coca Cola Light. En ello, interpreta un terapeuta, una periodista y un detective privado. Desde la empresa de gaseosa, se cree que Jean Paul Gaultier tambi\u00e9n tendr\u00e1 voz y voto sobre todo lo relacionado con la l\u00ednea de productos durante este a\u00f1o, por lo menos. <\/font><\/p>\n<p align=\"justify\"><font size=\"3\">Gaultier sigue los pasos de importantes dise\u00f1adores como Karl Lagerfeld, Roberto Cavalli y Nathalie Rykiel y Diane Von Furstenberg asoci\u00e1ndose con la marca de refrescos.<\/font><\/p>\n<p align=\"justify\"><font size=\"3\">Las botellas estar\u00e1n disponibles en Europa a partir de este mes, sin embargo, el dise\u00f1o exclusivo dedicado a Madonna se lanzar\u00e1 en los pr\u00f3ximos meses.<\/font> <\/p>\n<p>&#160;<\/p>\n<div style=\"padding-bottom: 0px; padding-left: 0px; width: 551px; padding-right: 0px; display: block; float: none; margin-left: auto; margin-right: auto; padding-top: 0px\" id=\"scid:5737277B-5D6D-4f48-ABFC-DD9C333F4C5D:14d3b1d8-f426-42f3-8e9a-a3598806e2d6\" class=\"wlWriterEditableSmartContent\">\n<div><object width=\"551\" height=\"309\"><param name=\"movie\" value=\"https:\/\/www.youtube.com\/v\/ho2XzgC-TLs?hl=en&amp;hd=1\"><\/param><embed src=\"https:\/\/www.youtube.com\/v\/ho2XzgC-TLs?hl=en&amp;hd=1\" type=\"application\/x-shockwave-flash\" width=\"551\" height=\"309\"><\/embed><\/object><\/div>\n<\/div>\n<p>&#160;<\/p>\n<p>&#160;<\/p>\n<div style=\"padding-bottom: 0px; padding-left: 0px; width: 554px; padding-right: 0px; display: block; float: none; margin-left: auto; margin-right: auto; padding-top: 0px\" id=\"scid:5737277B-5D6D-4f48-ABFC-DD9C333F4C5D:5d01c16b-638a-40b9-8a7b-12bc94d56642\" class=\"wlWriterEditableSmartContent\">\n<div><object width=\"554\" height=\"311\"><param name=\"movie\" value=\"https:\/\/www.youtube.com\/v\/P8mNQh5wICc?hl=en&amp;hd=1\"><\/param><embed src=\"https:\/\/www.youtube.com\/v\/P8mNQh5wICc?hl=en&amp;hd=1\" type=\"application\/x-shockwave-flash\" width=\"554\" height=\"311\"><\/embed><\/object><\/div>\n<\/div>\n<p>&#160;<\/p>\n<p>&#160;<\/p>\n<div style=\"padding-bottom: 0px; padding-left: 0px; width: 537px; padding-right: 0px; display: block; float: none; margin-left: auto; margin-right: auto; padding-top: 0px\" id=\"scid:5737277B-5D6D-4f48-ABFC-DD9C333F4C5D:33ab57b0-2a8c-40bd-ae66-e069bd826264\" class=\"wlWriterEditableSmartContent\">\n<div><object width=\"537\" height=\"302\"><param name=\"movie\" value=\"https:\/\/www.youtube.com\/v\/I0HghNb5qJg?hl=en&amp;hd=1\"><\/param><embed src=\"https:\/\/www.youtube.com\/v\/I0HghNb5qJg?hl=en&amp;hd=1\" type=\"application\/x-shockwave-flash\" width=\"537\" height=\"302\"><\/embed><\/object><\/div>\n<\/div>\n","protected":false},"excerpt":{"rendered":"<p>El dise\u00f1ador de moda, Jean Paul Gaultier, ha sido el encargado de la est\u00e9tica a las nuevas botellas de Coca-Cola Light. En su versi\u00f3n femenina y masculina, y una tercera dedicada a Madonna, As\u00ed, las rayas blancas y azul marino,&hellip;<\/p>\n<p class=\"more-link-p\"><a class=\"more-link\" href=\"https:\/\/bobvarela.com\/?p=31820\">Read more &rarr;<\/a><\/p>\n","protected":false},"author":1,"featured_media":0,"comment_status":"open","ping_status":"open","sticky":false,"template":"","format":"standard","meta":{"ngg_post_thumbnail":0,"footnotes":""},"categories":[4],"tags":[],"class_list":["post-31820","post","type-post","status-publish","format-standard","hentry","category-moda"],"_links":{"self":[{"href":"https:\/\/bobvarela.com\/index.php?rest_route=\/wp\/v2\/posts\/31820","targetHints":{"allow":["GET"]}}],"collection":[{"href":"https:\/\/bobvarela.com\/index.php?rest_route=\/wp\/v2\/posts"}],"about":[{"href":"https:\/\/bobvarela.com\/index.php?rest_route=\/wp\/v2\/types\/post"}],"author":[{"embeddable":true,"href":"https:\/\/bobvarela.com\/index.php?rest_route=\/wp\/v2\/users\/1"}],"replies":[{"embeddable":true,"href":"https:\/\/bobvarela.com\/index.php?rest_route=%2Fwp%2Fv2%2Fcomments&post=31820"}],"version-history":[{"count":3,"href":"https:\/\/bobvarela.com\/index.php?rest_route=\/wp\/v2\/posts\/31820\/revisions"}],"predecessor-version":[{"id":31823,"href":"https:\/\/bobvarela.com\/index.php?rest_route=\/wp\/v2\/posts\/31820\/revisions\/31823"}],"wp:attachment":[{"href":"https:\/\/bobvarela.com\/index.php?rest_route=%2Fwp%2Fv2%2Fmedia&parent=31820"}],"wp:term":[{"taxonomy":"category","embeddable":true,"href":"https:\/\/bobvarela.com\/index.php?rest_route=%2Fwp%2Fv2%2Fcategories&post=31820"},{"taxonomy":"post_tag","embeddable":true,"href":"https:\/\/bobvarela.com\/index.php?rest_route=%2Fwp%2Fv2%2Ftags&post=31820"}],"curies":[{"name":"wp","href":"https:\/\/api.w.org\/{rel}","templated":true}]}}