{"id":33616,"date":"2012-05-04T06:54:03","date_gmt":"2012-05-04T10:54:03","guid":{"rendered":"https:\/\/bobvarela.com\/?p=33616"},"modified":"2012-05-04T06:54:07","modified_gmt":"2012-05-04T10:54:07","slug":"outlined-lisa-thon-otoo-invierno-2012","status":"publish","type":"post","link":"https:\/\/bobvarela.com\/?p=33616","title":{"rendered":"&ldquo;Outlined&rdquo; &ndash; Lisa Thon\/ Oto&ntilde;o Invierno 2012"},"content":{"rendered":"<p align=\"justify\"><font size=\"3\"><a href=\"https:\/\/bobvarela.com\/wp-content\/uploads\/2012\/05\/invitacion-front.jpg\"><img loading=\"lazy\" decoding=\"async\" style=\"background-image: none; border-bottom: 0px; border-left: 0px; padding-left: 0px; padding-right: 0px; display: block; float: none; margin-left: auto; border-top: 0px; margin-right: auto; border-right: 0px; padding-top: 0px\" title=\"invitacion front\" border=\"0\" alt=\"invitacion front\" src=\"https:\/\/bobvarela.com\/wp-content\/uploads\/2012\/05\/invitacion-front_thumb.jpg\" width=\"194\" height=\"261\"\/><\/a><\/font> <\/p>\n<p align=\"justify\"><font size=\"3\"><\/font>&nbsp; <\/p>\n<p align=\"justify\"><font size=\"3\">San Juan, P.R. &#8211; Con el delineado de contorno como inspiraci\u00f3n, la reconocida dise\u00f1adora Lisa Thon nos presentar\u00e1 la m\u00e1s reciente colecci\u00f3n para el Oto\u00f1o Invierno 2012 a beneficio del programa de Educaci\u00f3n y Becas del Museo de Arte Contempor\u00e1neo. <\/font> <\/p>\n<p align=\"justify\"><font size=\"3\">El desfile de modas se llevar\u00e1 a cabo \u00e9ste pr\u00f3ximo 10 de mayo de 2012 a las 7:00pm, en el Museo de Arte en la Sala de Exhibici\u00f3n Julio Rosado del Valle, donde el artista puertorrique\u00f1o Oscar Mestey Villamil presenta sus obras tituladas Contramuro, obras del 1975-2010. Thon, presentar\u00e1 una colecci\u00f3n de vestimenta para la mujer y hombre contempor\u00e1neo, donde la construcci\u00f3n, el contraste de color y las texturas de manera armoniosa dar\u00e1n alternativas llenas de dinamismo como si fueran obras de arte del movimiento Pop, llevadas al presente en nuestra moda. La dise\u00f1adora explica sobre el desfile: \u201cMe da la oportunidad de apoyar el arte en Puerto Rico y de cooperar con la Fundaci\u00f3n del Museo de Arte Contempor\u00e1neo. Pienso que la moda y el dise\u00f1o es un proceso creativo, que al igual que la pintura plasman im\u00e1genes \u00fanicas y de gran valor. Admiro el trabajo del puertorrique\u00f1o Oscar Mestey y es para mi un honor poder compartir la sala de su exposici\u00f3n.\u201d<\/font> <\/p>\n<p align=\"justify\"><font size=\"3\">Con el arreglo personal de Rolando Montes Sal\u00f3n y los accesorios de Mari Carmen Rivera, \u00e9sta colecci\u00f3n titulada \u201cOutlined\u201d marcar\u00e1 una vez m\u00e1s la carrera de la dise\u00f1adora puertorrique\u00f1a. El calzado de Novus complementar\u00e1 el \u201clook\u201d total. <\/font> <\/p>\n<p align=\"justify\"><font size=\"3\">Para m\u00e1s informaci\u00f3n se pueden comunicar al (787)296-0777.<\/font> <\/p>\n<p><font size=\"3\"><a href=\"https:\/\/bobvarela.com\/wp-content\/uploads\/2012\/05\/Invitacin-back.jpg\"><img loading=\"lazy\" decoding=\"async\" style=\"background-image: none; border-bottom: 0px; border-left: 0px; padding-left: 0px; padding-right: 0px; display: block; float: none; margin-left: auto; border-top: 0px; margin-right: auto; border-right: 0px; padding-top: 0px\" title=\"Invitaci&oacute;n back\" border=\"0\" alt=\"Invitaci&oacute;n back\" src=\"https:\/\/bobvarela.com\/wp-content\/uploads\/2012\/05\/Invitacin-back_thumb.jpg\" width=\"263\" height=\"345\"\/><\/a><\/font><\/p>\n","protected":false},"excerpt":{"rendered":"<p>&nbsp; San Juan, P.R. &#8211; Con el delineado de contorno como inspiraci\u00f3n, la reconocida dise\u00f1adora Lisa Thon nos presentar\u00e1 la m\u00e1s reciente colecci\u00f3n para el Oto\u00f1o Invierno 2012 a beneficio del programa de Educaci\u00f3n y Becas del Museo de Arte&hellip;<\/p>\n<p class=\"more-link-p\"><a class=\"more-link\" href=\"https:\/\/bobvarela.com\/?p=33616\">Read more &rarr;<\/a><\/p>\n","protected":false},"author":1,"featured_media":0,"comment_status":"open","ping_status":"open","sticky":false,"template":"","format":"standard","meta":{"ngg_post_thumbnail":0,"footnotes":""},"categories":[4,295],"tags":[],"class_list":["post-33616","post","type-post","status-publish","format-standard","hentry","category-moda","category-puerto-rico"],"_links":{"self":[{"href":"https:\/\/bobvarela.com\/index.php?rest_route=\/wp\/v2\/posts\/33616","targetHints":{"allow":["GET"]}}],"collection":[{"href":"https:\/\/bobvarela.com\/index.php?rest_route=\/wp\/v2\/posts"}],"about":[{"href":"https:\/\/bobvarela.com\/index.php?rest_route=\/wp\/v2\/types\/post"}],"author":[{"embeddable":true,"href":"https:\/\/bobvarela.com\/index.php?rest_route=\/wp\/v2\/users\/1"}],"replies":[{"embeddable":true,"href":"https:\/\/bobvarela.com\/index.php?rest_route=%2Fwp%2Fv2%2Fcomments&post=33616"}],"version-history":[{"count":2,"href":"https:\/\/bobvarela.com\/index.php?rest_route=\/wp\/v2\/posts\/33616\/revisions"}],"predecessor-version":[{"id":33626,"href":"https:\/\/bobvarela.com\/index.php?rest_route=\/wp\/v2\/posts\/33616\/revisions\/33626"}],"wp:attachment":[{"href":"https:\/\/bobvarela.com\/index.php?rest_route=%2Fwp%2Fv2%2Fmedia&parent=33616"}],"wp:term":[{"taxonomy":"category","embeddable":true,"href":"https:\/\/bobvarela.com\/index.php?rest_route=%2Fwp%2Fv2%2Fcategories&post=33616"},{"taxonomy":"post_tag","embeddable":true,"href":"https:\/\/bobvarela.com\/index.php?rest_route=%2Fwp%2Fv2%2Ftags&post=33616"}],"curies":[{"name":"wp","href":"https:\/\/api.w.org\/{rel}","templated":true}]}}