{"id":3582,"date":"2010-10-04T07:16:44","date_gmt":"2010-10-04T11:16:44","guid":{"rendered":"https:\/\/bobvarela.com\/?p=3582"},"modified":"2010-10-04T07:16:44","modified_gmt":"2010-10-04T11:16:44","slug":"amazonia-por-ecliptica","status":"publish","type":"post","link":"https:\/\/bobvarela.com\/?p=3582","title":{"rendered":"Amazonia por Ecliptica"},"content":{"rendered":"<p align=\"justify\"><font size=\"3\" face=\"Bookman Old Style\">Las dise\u00f1adoras Michelle y Norein Otero presentaron su nueva colecci\u00f3n bajo el sello Ecl\u00edptica el primero de octubre en el Museo de Vida Silvestre del Municipio de San Juan Puerto Rico.<\/font><\/p>\n<p align=\"justify\"><font size=\"3\" face=\"Bookman Old Style\"><a href=\"https:\/\/bobvarela.com\/wp-content\/uploads\/2010\/10\/AmazoniaporEcliptica019.jpg\"><img loading=\"lazy\" decoding=\"async\" style=\"border-bottom: 0px; border-left: 0px; display: inline; border-top: 0px; border-right: 0px\" title=\"Amazonia por Ecliptica   019\" border=\"0\" alt=\"Amazonia por Ecliptica   019\" src=\"https:\/\/bobvarela.com\/wp-content\/uploads\/2010\/10\/AmazoniaporEcliptica019_thumb.jpg\" width=\"124\" height=\"175\" \/><\/a><a href=\"https:\/\/bobvarela.com\/wp-content\/uploads\/2010\/10\/AmazoniaporEcliptica025.jpg\"><img loading=\"lazy\" decoding=\"async\" style=\"border-bottom: 0px; border-left: 0px; display: inline; border-top: 0px; border-right: 0px\" title=\"Amazonia por Ecliptica   025\" border=\"0\" alt=\"Amazonia por Ecliptica   025\" src=\"https:\/\/bobvarela.com\/wp-content\/uploads\/2010\/10\/AmazoniaporEcliptica025_thumb.jpg\" width=\"124\" height=\"175\" \/><\/a><a href=\"https:\/\/bobvarela.com\/wp-content\/uploads\/2010\/10\/AmazoniaporEcliptica035.jpg\"><img loading=\"lazy\" decoding=\"async\" style=\"border-bottom: 0px; border-left: 0px; display: inline; border-top: 0px; border-right: 0px\" title=\"Amazonia por Ecliptica   035\" border=\"0\" alt=\"Amazonia por Ecliptica   035\" src=\"https:\/\/bobvarela.com\/wp-content\/uploads\/2010\/10\/AmazoniaporEcliptica035_thumb.jpg\" width=\"124\" height=\"175\" \/><\/a><a href=\"https:\/\/bobvarela.com\/wp-content\/uploads\/2010\/10\/AmazoniaporEcliptica049.jpg\"><img loading=\"lazy\" decoding=\"async\" style=\"border-bottom: 0px; border-left: 0px; display: inline; border-top: 0px; border-right: 0px\" title=\"Amazonia por Ecliptica   049\" border=\"0\" alt=\"Amazonia por Ecliptica   049\" src=\"https:\/\/bobvarela.com\/wp-content\/uploads\/2010\/10\/AmazoniaporEcliptica049_thumb.jpg\" width=\"124\" height=\"175\" \/><\/a><a href=\"https:\/\/bobvarela.com\/wp-content\/uploads\/2010\/10\/AmazoniaporEcliptica023.jpg\"><img loading=\"lazy\" decoding=\"async\" style=\"border-bottom: 0px; border-left: 0px; display: inline; border-top: 0px; border-right: 0px\" title=\"Amazonia por Ecliptica   023\" border=\"0\" alt=\"Amazonia por Ecliptica   023\" src=\"https:\/\/bobvarela.com\/wp-content\/uploads\/2010\/10\/AmazoniaporEcliptica023_thumb.jpg\" width=\"124\" height=\"175\" \/><\/a><\/font><\/p>\n<p align=\"justify\"><font size=\"3\" face=\"Bookman Old Style\">Para esta pr\u00f3xima temporada de Primavera Veran 2011 buscaron inspiraci\u00f3n en Las Amazonas. Esta reserva natural que&#160; irradia color y belleza sirvi\u00f3 como punto de partida en el proceso creativo de estas dise\u00f1adoras. La flora y la fauna de esta maravilla natural inspiran piezas modernas ,tanto para el diario como para la noche tambi\u00e9n. Naranja, turquesa, azul a\u00f1il, amarillo, neutrales y met\u00e1licos formaron parte de la paleta de colores para esta colecci\u00f3n. Textiles naturales como el algod\u00f3n , el lino, y la seda fueron utilizados en la confecci\u00f3n de las piezas.<\/font><\/p>\n<p align=\"justify\"><a href=\"https:\/\/bobvarela.com\/wp-content\/uploads\/2010\/10\/AmazoniaporEcliptica055.jpg\"><img loading=\"lazy\" decoding=\"async\" style=\"border-bottom: 0px; border-left: 0px; display: inline; border-top: 0px; border-right: 0px\" title=\"Amazonia por Ecliptica   055\" border=\"0\" alt=\"Amazonia por Ecliptica   055\" src=\"https:\/\/bobvarela.com\/wp-content\/uploads\/2010\/10\/AmazoniaporEcliptica055_thumb.jpg\" width=\"124\" height=\"175\" \/><\/a><a href=\"https:\/\/bobvarela.com\/wp-content\/uploads\/2010\/10\/AmazoniaporEcliptica061.jpg\"><img loading=\"lazy\" decoding=\"async\" style=\"border-bottom: 0px; border-left: 0px; display: inline; border-top: 0px; border-right: 0px\" title=\"Amazonia por Ecliptica   061\" border=\"0\" alt=\"Amazonia por Ecliptica   061\" src=\"https:\/\/bobvarela.com\/wp-content\/uploads\/2010\/10\/AmazoniaporEcliptica061_thumb.jpg\" width=\"124\" height=\"175\" \/><\/a><a href=\"https:\/\/bobvarela.com\/wp-content\/uploads\/2010\/10\/AmazoniaporEcliptica064.jpg\"><img loading=\"lazy\" decoding=\"async\" style=\"border-bottom: 0px; border-left: 0px; display: inline; border-top: 0px; border-right: 0px\" title=\"Amazonia por Ecliptica   064\" border=\"0\" alt=\"Amazonia por Ecliptica   064\" src=\"https:\/\/bobvarela.com\/wp-content\/uploads\/2010\/10\/AmazoniaporEcliptica064_thumb.jpg\" width=\"124\" height=\"175\" \/><\/a><a href=\"https:\/\/bobvarela.com\/wp-content\/uploads\/2010\/10\/AmazoniaporEcliptica083.jpg\"><img loading=\"lazy\" decoding=\"async\" style=\"border-bottom: 0px; border-left: 0px; display: inline; border-top: 0px; border-right: 0px\" title=\"Amazonia por Ecliptica   083\" border=\"0\" alt=\"Amazonia por Ecliptica   083\" src=\"https:\/\/bobvarela.com\/wp-content\/uploads\/2010\/10\/AmazoniaporEcliptica083_thumb.jpg\" width=\"124\" height=\"175\" \/><\/a><a href=\"https:\/\/bobvarela.com\/wp-content\/uploads\/2010\/10\/AmazoniaporEcliptica084.jpg\"><img loading=\"lazy\" decoding=\"async\" style=\"border-bottom: 0px; border-left: 0px; display: inline; border-top: 0px; border-right: 0px\" title=\"Amazonia por Ecliptica   084\" border=\"0\" alt=\"Amazonia por Ecliptica   084\" src=\"https:\/\/bobvarela.com\/wp-content\/uploads\/2010\/10\/AmazoniaporEcliptica084_thumb.jpg\" width=\"124\" height=\"175\" \/><\/a> <\/p>\n<p align=\"justify\"><font size=\"3\" face=\"Bookman Old Style\"><\/font><\/p>\n<p align=\"justify\"><font size=\"3\" face=\"Bookman Old Style\">Para este evento las creadoras de Ecl\u00edptica deseaban impactar con una presentaci\u00f3n \u00fanica donde la inspiraci\u00f3n va en completa armon\u00eda con el lugar y ambiente escogido. Para esto tuvieron la ayuda de Arquetipo en la ambientaci\u00f3n del nuevo Museo de Vida Silvestre del Municipio de San Juan&#160; Nuevamente la colecci\u00f3n de Ecl\u00edptica para Primavera 2011 fue complementada a la perfecci\u00f3n por la bisuter\u00eda del dise\u00f1ador Alberto Torres. Tambi\u00e9n contaron concalzado de las tiendas Novus.<\/font><\/p>\n<p align=\"justify\"><a href=\"https:\/\/bobvarela.com\/wp-content\/uploads\/2010\/10\/AmazoniaporEcliptica090.jpg\"><img loading=\"lazy\" decoding=\"async\" style=\"border-bottom: 0px; border-left: 0px; display: inline; border-top: 0px; border-right: 0px\" title=\"Amazonia por Ecliptica   090\" border=\"0\" alt=\"Amazonia por Ecliptica   090\" src=\"https:\/\/bobvarela.com\/wp-content\/uploads\/2010\/10\/AmazoniaporEcliptica090_thumb.jpg\" width=\"124\" height=\"175\" \/><\/a><a href=\"https:\/\/bobvarela.com\/wp-content\/uploads\/2010\/10\/AmazoniaporEcliptica113.jpg\"><img loading=\"lazy\" decoding=\"async\" style=\"border-bottom: 0px; border-left: 0px; display: inline; border-top: 0px; border-right: 0px\" title=\"Amazonia por Ecliptica   113\" border=\"0\" alt=\"Amazonia por Ecliptica   113\" src=\"https:\/\/bobvarela.com\/wp-content\/uploads\/2010\/10\/AmazoniaporEcliptica113_thumb.jpg\" width=\"124\" height=\"175\" \/><\/a><a href=\"https:\/\/bobvarela.com\/wp-content\/uploads\/2010\/10\/AmazoniaporEcliptica118.jpg\"><img loading=\"lazy\" decoding=\"async\" style=\"border-bottom: 0px; border-left: 0px; display: inline; border-top: 0px; border-right: 0px\" title=\"Amazonia por Ecliptica   118\" border=\"0\" alt=\"Amazonia por Ecliptica   118\" src=\"https:\/\/bobvarela.com\/wp-content\/uploads\/2010\/10\/AmazoniaporEcliptica118_thumb.jpg\" width=\"124\" height=\"175\" \/><\/a><a href=\"https:\/\/bobvarela.com\/wp-content\/uploads\/2010\/10\/AmazoniaporEcliptica107.jpg\"><img loading=\"lazy\" decoding=\"async\" style=\"border-bottom: 0px; border-left: 0px; display: inline; border-top: 0px; border-right: 0px\" title=\"Amazonia por Ecliptica   107\" border=\"0\" alt=\"Amazonia por Ecliptica   107\" src=\"https:\/\/bobvarela.com\/wp-content\/uploads\/2010\/10\/AmazoniaporEcliptica107_thumb.jpg\" width=\"124\" height=\"175\" \/><\/a><a href=\"https:\/\/bobvarela.com\/wp-content\/uploads\/2010\/10\/AmazoniaporEcliptica110.jpg\"><img loading=\"lazy\" decoding=\"async\" style=\"border-bottom: 0px; border-left: 0px; display: inline; border-top: 0px; border-right: 0px\" title=\"Amazonia por Ecliptica   110\" border=\"0\" alt=\"Amazonia por Ecliptica   110\" src=\"https:\/\/bobvarela.com\/wp-content\/uploads\/2010\/10\/AmazoniaporEcliptica110_thumb.jpg\" width=\"124\" height=\"175\" \/><\/a>&#160;<\/p>\n<p align=\"justify\"><font size=\"3\" face=\"Bookman Old Style\"><\/font><\/p>\n<p align=\"justify\"><font size=\"3\" face=\"Bookman Old Style\">El reconocido maquillista Javier Romero estuvo a cargo del maquillaje y el peluquero Lio Maldonado de los peinados. La coordinaci\u00f3n de vestuario o \u201cstyling\u201d recae en Javier Scalley.&#160; El mismo fue a beneficio de la Casa Cuna de San Juan, entidad ben\u00e9fica dedicada a darle hogar a ni\u00f1os maltratados, abusados, de entrega voluntaria de edades entre 0-3 a\u00f1os. Esta instituci\u00f3n esta administrada por el Municipio de San Juan bajo la oficina de La Primera Dama de San Juan, Irma Garriga de Santini.<\/font><\/p>\n<p align=\"justify\">\n<\/p>\n<\/p>\n<\/p>\n<\/p>\n<\/p>\n<\/p>\n<\/p>\n<\/p>\n<p><a href=\"https:\/\/bobvarela.com\/wp-content\/uploads\/2010\/10\/AmazoniaporEcliptica129.jpg\"><img loading=\"lazy\" decoding=\"async\" style=\"border-bottom: 0px; border-left: 0px; display: inline; border-top: 0px; border-right: 0px\" title=\"Amazonia por Ecliptica   129\" border=\"0\" alt=\"Amazonia por Ecliptica   129\" src=\"https:\/\/bobvarela.com\/wp-content\/uploads\/2010\/10\/AmazoniaporEcliptica129_thumb.jpg\" width=\"124\" height=\"175\" \/><\/a><a href=\"https:\/\/bobvarela.com\/wp-content\/uploads\/2010\/10\/AmazoniaporEcliptica152.jpg\"><img loading=\"lazy\" decoding=\"async\" style=\"border-bottom: 0px; border-left: 0px; display: inline; border-top: 0px; border-right: 0px\" title=\"Amazonia por Ecliptica   152\" border=\"0\" alt=\"Amazonia por Ecliptica   152\" src=\"https:\/\/bobvarela.com\/wp-content\/uploads\/2010\/10\/AmazoniaporEcliptica152_thumb.jpg\" width=\"124\" height=\"175\" \/><\/a><a href=\"https:\/\/bobvarela.com\/wp-content\/uploads\/2010\/10\/AmazoniaporEcliptica122.jpg\"><img loading=\"lazy\" decoding=\"async\" style=\"border-bottom: 0px; border-left: 0px; display: inline; border-top: 0px; border-right: 0px\" title=\"Amazonia por Ecliptica   122\" border=\"0\" alt=\"Amazonia por Ecliptica   122\" src=\"https:\/\/bobvarela.com\/wp-content\/uploads\/2010\/10\/AmazoniaporEcliptica122_thumb.jpg\" width=\"124\" height=\"175\" \/><\/a><a href=\"https:\/\/bobvarela.com\/wp-content\/uploads\/2010\/10\/AmazoniaporEcliptica137.jpg\"><img loading=\"lazy\" decoding=\"async\" style=\"border-bottom: 0px; border-left: 0px; display: inline; border-top: 0px; border-right: 0px\" title=\"Amazonia por Ecliptica   137\" border=\"0\" alt=\"Amazonia por Ecliptica   137\" src=\"https:\/\/bobvarela.com\/wp-content\/uploads\/2010\/10\/AmazoniaporEcliptica137_thumb.jpg\" width=\"124\" height=\"175\" \/><\/a><a href=\"https:\/\/bobvarela.com\/wp-content\/uploads\/2010\/10\/AmazoniaporEcliptica147.jpg\"><img loading=\"lazy\" decoding=\"async\" style=\"border-bottom: 0px; border-left: 0px; display: inline; border-top: 0px; border-right: 0px\" title=\"Amazonia por Ecliptica   147\" border=\"0\" alt=\"Amazonia por Ecliptica   147\" src=\"https:\/\/bobvarela.com\/wp-content\/uploads\/2010\/10\/AmazoniaporEcliptica147_thumb.jpg\" width=\"124\" height=\"175\" \/><\/a><\/p>\n<p><font size=\"3\" face=\"Bookman Old Style\">Para ver mas fotos de desfile entra aqui: <\/font><a href=\"https:\/\/bobvarela.com\/fotos\/main.php?g2_itemId=37934\"><u><font size=\"3\" face=\"Bookman Old Style\">Amazonia por Ecliptica Fotos<\/font><\/u><\/a><font color=\"#ff0000\"><\/font><\/p>\n","protected":false},"excerpt":{"rendered":"<p>Las dise\u00f1adoras Michelle y Norein Otero presentaron su nueva colecci\u00f3n bajo el sello Ecl\u00edptica el primero de octubre en el Museo de Vida Silvestre del Municipio de San Juan Puerto Rico. Para esta pr\u00f3xima temporada de Primavera Veran 2011 buscaron&hellip;<\/p>\n<p class=\"more-link-p\"><a class=\"more-link\" href=\"https:\/\/bobvarela.com\/?p=3582\">Read more &rarr;<\/a><\/p>\n","protected":false},"author":1,"featured_media":0,"comment_status":"open","ping_status":"open","sticky":false,"template":"","format":"standard","meta":{"ngg_post_thumbnail":0,"footnotes":""},"categories":[4],"tags":[209,53],"class_list":["post-3582","post","type-post","status-publish","format-standard","hentry","category-moda","tag-amazonia","tag-ecliptica"],"_links":{"self":[{"href":"https:\/\/bobvarela.com\/index.php?rest_route=\/wp\/v2\/posts\/3582","targetHints":{"allow":["GET"]}}],"collection":[{"href":"https:\/\/bobvarela.com\/index.php?rest_route=\/wp\/v2\/posts"}],"about":[{"href":"https:\/\/bobvarela.com\/index.php?rest_route=\/wp\/v2\/types\/post"}],"author":[{"embeddable":true,"href":"https:\/\/bobvarela.com\/index.php?rest_route=\/wp\/v2\/users\/1"}],"replies":[{"embeddable":true,"href":"https:\/\/bobvarela.com\/index.php?rest_route=%2Fwp%2Fv2%2Fcomments&post=3582"}],"version-history":[{"count":0,"href":"https:\/\/bobvarela.com\/index.php?rest_route=\/wp\/v2\/posts\/3582\/revisions"}],"wp:attachment":[{"href":"https:\/\/bobvarela.com\/index.php?rest_route=%2Fwp%2Fv2%2Fmedia&parent=3582"}],"wp:term":[{"taxonomy":"category","embeddable":true,"href":"https:\/\/bobvarela.com\/index.php?rest_route=%2Fwp%2Fv2%2Fcategories&post=3582"},{"taxonomy":"post_tag","embeddable":true,"href":"https:\/\/bobvarela.com\/index.php?rest_route=%2Fwp%2Fv2%2Ftags&post=3582"}],"curies":[{"name":"wp","href":"https:\/\/api.w.org\/{rel}","templated":true}]}}