{"id":35871,"date":"2012-05-24T06:32:00","date_gmt":"2012-05-24T10:32:00","guid":{"rendered":"https:\/\/bobvarela.com\/?p=35871"},"modified":"2012-05-24T06:32:01","modified_gmt":"2012-05-24T10:32:01","slug":"rouge-fall-winter-2012-13-gustavo-arango","status":"publish","type":"post","link":"https:\/\/bobvarela.com\/?p=35871","title":{"rendered":"&quot;ROUGE&quot; Fall \/ Winter 2012-13 GUSTAVO ARANGO"},"content":{"rendered":"<p align=\"justify\"><font size=\"3\">El 23 de mayo de el prestigioso dise\u00f1ador de modas Gustavo Arango presentaro su esperada colecci\u00f3n de Oto\u00f1o\/Invierno 2012-2013 titulado&#160; \u201cRouge donde el 100% de los fondos recaudados en \u201cRouge\u201d fue&#160; donado a SER de Puerto Rico.&#160; Esta actividad se llevo a cabo en el Coliseo de Puerto Rico Jos\u00e9 Miguel Agrelot , convirti\u00e9ndose as\u00ed en el primer desfile de modas que se lleva a cabo en estas instalaciones<\/font><\/p>\n<p align=\"center\"><\/p>\n<p align=\"center\"><\/p>\n<p align=\"justify\"><font size=\"3\">Esta nueva colecci\u00f3n la define con la palabra pasi\u00f3n y aunque es diferente a sus propuestas anteriores, tiene ese toque de pertenencia a lo que es su estilo. Tiene como columna vertebral el negro y el gris, impartiendo color con el rojo, el magenta y el rosa.<\/font><\/p>\n<p align=\"justify\"><font size=\"3\"><a href=\"https:\/\/bobvarela.com\/wp-content\/uploads\/2012\/05\/Rouge-de-Gustavo-Arango-003.jpg\"><img loading=\"lazy\" decoding=\"async\" style=\"background-image: none; border-bottom: 0px; border-left: 0px; margin: 0px; padding-left: 0px; padding-right: 0px; display: inline; border-top: 0px; border-right: 0px; padding-top: 0px\" title=\"Desfile llevado a cabo el 23 de mayo de 2012 en el Choliseo de Puerto Rico a beneficio de SER\" border=\"0\" alt=\"Desfile llevado a cabo el 23 de mayo de 2012 en el Choliseo de Puerto Rico a beneficio de SER\" src=\"https:\/\/bobvarela.com\/wp-content\/uploads\/2012\/05\/Rouge-de-Gustavo-Arango-003_thumb.jpg\" width=\"124\" height=\"184\" \/><\/a><a href=\"https:\/\/bobvarela.com\/wp-content\/uploads\/2012\/05\/Rouge-de-Gustavo-Arango-005.jpg\"><img loading=\"lazy\" decoding=\"async\" style=\"background-image: none; border-bottom: 0px; border-left: 0px; margin: 0px; padding-left: 0px; padding-right: 0px; display: inline; border-top: 0px; border-right: 0px; padding-top: 0px\" title=\"Desfile llevado a cabo el 23 de mayo de 2012 en el Choliseo de Puerto Rico a beneficio de SER\" border=\"0\" alt=\"Desfile llevado a cabo el 23 de mayo de 2012 en el Choliseo de Puerto Rico a beneficio de SER\" src=\"https:\/\/bobvarela.com\/wp-content\/uploads\/2012\/05\/Rouge-de-Gustavo-Arango-005_thumb.jpg\" width=\"124\" height=\"184\" \/><\/a><a href=\"https:\/\/bobvarela.com\/wp-content\/uploads\/2012\/05\/Rouge-de-Gustavo-Arango-007.jpg\"><img loading=\"lazy\" decoding=\"async\" style=\"background-image: none; border-bottom: 0px; border-left: 0px; margin: 0px; padding-left: 0px; padding-right: 0px; display: inline; border-top: 0px; border-right: 0px; padding-top: 0px\" title=\"Desfile llevado a cabo el 23 de mayo de 2012 en el Choliseo de Puerto Rico a beneficio de SER\" border=\"0\" alt=\"Desfile llevado a cabo el 23 de mayo de 2012 en el Choliseo de Puerto Rico a beneficio de SER\" src=\"https:\/\/bobvarela.com\/wp-content\/uploads\/2012\/05\/Rouge-de-Gustavo-Arango-007_thumb.jpg\" width=\"124\" height=\"184\" \/><\/a><a href=\"https:\/\/bobvarela.com\/wp-content\/uploads\/2012\/05\/Rouge-de-Gustavo-Arango-011.jpg\"><img loading=\"lazy\" decoding=\"async\" style=\"background-image: none; border-bottom: 0px; border-left: 0px; margin: 0px; padding-left: 0px; padding-right: 0px; display: inline; border-top: 0px; border-right: 0px; padding-top: 0px\" title=\"Desfile llevado a cabo el 23 de mayo de 2012 en el Choliseo de Puerto Rico a beneficio de SER\" border=\"0\" alt=\"Desfile llevado a cabo el 23 de mayo de 2012 en el Choliseo de Puerto Rico a beneficio de SER\" src=\"https:\/\/bobvarela.com\/wp-content\/uploads\/2012\/05\/Rouge-de-Gustavo-Arango-011_thumb.jpg\" width=\"124\" height=\"184\" \/><\/a><a href=\"https:\/\/bobvarela.com\/wp-content\/uploads\/2012\/05\/Rouge-de-Gustavo-Arango-014.jpg\"><img loading=\"lazy\" decoding=\"async\" style=\"background-image: none; border-bottom: 0px; border-left: 0px; margin: 0px; padding-left: 0px; padding-right: 0px; display: inline; border-top: 0px; border-right: 0px; padding-top: 0px\" title=\"Desfile llevado a cabo el 23 de mayo de 2012 en el Choliseo de Puerto Rico a beneficio de SER\" border=\"0\" alt=\"Desfile llevado a cabo el 23 de mayo de 2012 en el Choliseo de Puerto Rico a beneficio de SER\" src=\"https:\/\/bobvarela.com\/wp-content\/uploads\/2012\/05\/Rouge-de-Gustavo-Arango-014_thumb.jpg\" width=\"124\" height=\"184\" \/><\/a><a href=\"https:\/\/bobvarela.com\/wp-content\/uploads\/2012\/05\/Rouge-de-Gustavo-Arango-016.jpg\"><img loading=\"lazy\" decoding=\"async\" style=\"background-image: none; border-bottom: 0px; border-left: 0px; margin: 0px; padding-left: 0px; padding-right: 0px; display: inline; border-top: 0px; border-right: 0px; padding-top: 0px\" title=\"Desfile llevado a cabo el 23 de mayo de 2012 en el Choliseo de Puerto Rico a beneficio de SER\" border=\"0\" alt=\"Desfile llevado a cabo el 23 de mayo de 2012 en el Choliseo de Puerto Rico a beneficio de SER\" src=\"https:\/\/bobvarela.com\/wp-content\/uploads\/2012\/05\/Rouge-de-Gustavo-Arango-016_thumb.jpg\" width=\"124\" height=\"184\" \/><\/a><a href=\"https:\/\/bobvarela.com\/wp-content\/uploads\/2012\/05\/Rouge-de-Gustavo-Arango-017.jpg\"><img loading=\"lazy\" decoding=\"async\" style=\"background-image: none; border-bottom: 0px; border-left: 0px; margin: 0px; padding-left: 0px; padding-right: 0px; display: inline; border-top: 0px; border-right: 0px; padding-top: 0px\" title=\"Desfile llevado a cabo el 23 de mayo de 2012 en el Choliseo de Puerto Rico a beneficio de SER\" border=\"0\" alt=\"Desfile llevado a cabo el 23 de mayo de 2012 en el Choliseo de Puerto Rico a beneficio de SER\" src=\"https:\/\/bobvarela.com\/wp-content\/uploads\/2012\/05\/Rouge-de-Gustavo-Arango-017_thumb.jpg\" width=\"124\" height=\"184\" \/><\/a><a href=\"https:\/\/bobvarela.com\/wp-content\/uploads\/2012\/05\/Rouge-de-Gustavo-Arango-020.jpg\"><img loading=\"lazy\" decoding=\"async\" style=\"background-image: none; border-bottom: 0px; border-left: 0px; margin: 0px; padding-left: 0px; padding-right: 0px; display: inline; border-top: 0px; border-right: 0px; padding-top: 0px\" title=\"Desfile llevado a cabo el 23 de mayo de 2012 en el Choliseo de Puerto Rico a beneficio de SER\" border=\"0\" alt=\"Desfile llevado a cabo el 23 de mayo de 2012 en el Choliseo de Puerto Rico a beneficio de SER\" src=\"https:\/\/bobvarela.com\/wp-content\/uploads\/2012\/05\/Rouge-de-Gustavo-Arango-020_thumb.jpg\" width=\"124\" height=\"184\" \/><\/a><a href=\"https:\/\/bobvarela.com\/wp-content\/uploads\/2012\/05\/Rouge-de-Gustavo-Arango-022.jpg\"><img loading=\"lazy\" decoding=\"async\" style=\"background-image: none; border-bottom: 0px; border-left: 0px; margin: 0px; padding-left: 0px; padding-right: 0px; display: inline; border-top: 0px; border-right: 0px; padding-top: 0px\" title=\"Desfile llevado a cabo el 23 de mayo de 2012 en el Choliseo de Puerto Rico a beneficio de SER\" border=\"0\" alt=\"Desfile llevado a cabo el 23 de mayo de 2012 en el Choliseo de Puerto Rico a beneficio de SER\" src=\"https:\/\/bobvarela.com\/wp-content\/uploads\/2012\/05\/Rouge-de-Gustavo-Arango-022_thumb.jpg\" width=\"124\" height=\"184\" \/><\/a><a href=\"https:\/\/bobvarela.com\/wp-content\/uploads\/2012\/05\/Rouge-de-Gustavo-Arango-023.jpg\"><img loading=\"lazy\" decoding=\"async\" style=\"background-image: none; border-bottom: 0px; border-left: 0px; margin: 0px; padding-left: 0px; padding-right: 0px; display: inline; border-top: 0px; border-right: 0px; padding-top: 0px\" title=\"Desfile llevado a cabo el 23 de mayo de 2012 en el Choliseo de Puerto Rico a beneficio de SER\" border=\"0\" alt=\"Desfile llevado a cabo el 23 de mayo de 2012 en el Choliseo de Puerto Rico a beneficio de SER\" src=\"https:\/\/bobvarela.com\/wp-content\/uploads\/2012\/05\/Rouge-de-Gustavo-Arango-023_thumb.jpg\" width=\"124\" height=\"184\" \/><\/a><a href=\"https:\/\/bobvarela.com\/wp-content\/uploads\/2012\/05\/Rouge-de-Gustavo-Arango-026.jpg\"><img loading=\"lazy\" decoding=\"async\" style=\"background-image: none; border-bottom: 0px; border-left: 0px; margin: 0px; padding-left: 0px; padding-right: 0px; display: inline; border-top: 0px; border-right: 0px; padding-top: 0px\" title=\"Desfile llevado a cabo el 23 de mayo de 2012 en el Choliseo de Puerto Rico a beneficio de SER\" border=\"0\" alt=\"Desfile llevado a cabo el 23 de mayo de 2012 en el Choliseo de Puerto Rico a beneficio de SER\" src=\"https:\/\/bobvarela.com\/wp-content\/uploads\/2012\/05\/Rouge-de-Gustavo-Arango-026_thumb.jpg\" width=\"124\" height=\"184\" \/><\/a><a href=\"https:\/\/bobvarela.com\/wp-content\/uploads\/2012\/05\/Rouge-de-Gustavo-Arango-027.jpg\"><img loading=\"lazy\" decoding=\"async\" style=\"background-image: none; border-bottom: 0px; border-left: 0px; margin: 0px; padding-left: 0px; padding-right: 0px; display: inline; border-top: 0px; border-right: 0px; padding-top: 0px\" title=\"Desfile llevado a cabo el 23 de mayo de 2012 en el Choliseo de Puerto Rico a beneficio de SER\" border=\"0\" alt=\"Desfile llevado a cabo el 23 de mayo de 2012 en el Choliseo de Puerto Rico a beneficio de SER\" src=\"https:\/\/bobvarela.com\/wp-content\/uploads\/2012\/05\/Rouge-de-Gustavo-Arango-027_thumb.jpg\" width=\"124\" height=\"184\" \/><\/a><a href=\"https:\/\/bobvarela.com\/wp-content\/uploads\/2012\/05\/Rouge-de-Gustavo-Arango-030.jpg\"><img loading=\"lazy\" decoding=\"async\" style=\"background-image: none; border-bottom: 0px; border-left: 0px; margin: 0px; padding-left: 0px; padding-right: 0px; display: inline; border-top: 0px; border-right: 0px; padding-top: 0px\" title=\"Desfile llevado a cabo el 23 de mayo de 2012 en el Choliseo de Puerto Rico a beneficio de SER\" border=\"0\" alt=\"Desfile llevado a cabo el 23 de mayo de 2012 en el Choliseo de Puerto Rico a beneficio de SER\" src=\"https:\/\/bobvarela.com\/wp-content\/uploads\/2012\/05\/Rouge-de-Gustavo-Arango-030_thumb.jpg\" width=\"124\" height=\"184\" \/><\/a><a href=\"https:\/\/bobvarela.com\/wp-content\/uploads\/2012\/05\/Rouge-de-Gustavo-Arango-032.jpg\"><img loading=\"lazy\" decoding=\"async\" style=\"background-image: none; border-bottom: 0px; border-left: 0px; margin: 0px; padding-left: 0px; padding-right: 0px; display: inline; border-top: 0px; border-right: 0px; padding-top: 0px\" title=\"Desfile llevado a cabo el 23 de mayo de 2012 en el Choliseo de Puerto Rico a beneficio de SER\" border=\"0\" alt=\"Desfile llevado a cabo el 23 de mayo de 2012 en el Choliseo de Puerto Rico a beneficio de SER\" src=\"https:\/\/bobvarela.com\/wp-content\/uploads\/2012\/05\/Rouge-de-Gustavo-Arango-032_thumb.jpg\" width=\"124\" height=\"184\" \/><\/a><a href=\"https:\/\/bobvarela.com\/wp-content\/uploads\/2012\/05\/Rouge-de-Gustavo-Arango-034.jpg\"><img loading=\"lazy\" decoding=\"async\" style=\"background-image: none; border-bottom: 0px; border-left: 0px; margin: 0px; padding-left: 0px; padding-right: 0px; display: inline; border-top: 0px; border-right: 0px; padding-top: 0px\" title=\"Desfile llevado a cabo el 23 de mayo de 2012 en el Choliseo de Puerto Rico a beneficio de SER\" border=\"0\" alt=\"Desfile llevado a cabo el 23 de mayo de 2012 en el Choliseo de Puerto Rico a beneficio de SER\" src=\"https:\/\/bobvarela.com\/wp-content\/uploads\/2012\/05\/Rouge-de-Gustavo-Arango-034_thumb.jpg\" width=\"124\" height=\"184\" \/><\/a><a href=\"https:\/\/bobvarela.com\/wp-content\/uploads\/2012\/05\/Rouge-de-Gustavo-Arango-036.jpg\"><img loading=\"lazy\" decoding=\"async\" style=\"background-image: none; border-bottom: 0px; border-left: 0px; margin: 0px; padding-left: 0px; padding-right: 0px; display: inline; border-top: 0px; border-right: 0px; padding-top: 0px\" title=\"Desfile llevado a cabo el 23 de mayo de 2012 en el Choliseo de Puerto Rico a beneficio de SER\" border=\"0\" alt=\"Desfile llevado a cabo el 23 de mayo de 2012 en el Choliseo de Puerto Rico a beneficio de SER\" src=\"https:\/\/bobvarela.com\/wp-content\/uploads\/2012\/05\/Rouge-de-Gustavo-Arango-036_thumb.jpg\" width=\"124\" height=\"184\" \/><\/a><a href=\"https:\/\/bobvarela.com\/wp-content\/uploads\/2012\/05\/Rouge-de-Gustavo-Arango-037.jpg\"><img loading=\"lazy\" decoding=\"async\" style=\"background-image: none; border-bottom: 0px; border-left: 0px; margin: 0px; padding-left: 0px; padding-right: 0px; display: inline; border-top: 0px; border-right: 0px; padding-top: 0px\" title=\"Desfile llevado a cabo el 23 de mayo de 2012 en el Choliseo de Puerto Rico a beneficio de SER\" border=\"0\" alt=\"Desfile llevado a cabo el 23 de mayo de 2012 en el Choliseo de Puerto Rico a beneficio de SER\" src=\"https:\/\/bobvarela.com\/wp-content\/uploads\/2012\/05\/Rouge-de-Gustavo-Arango-037_thumb.jpg\" width=\"124\" height=\"184\" \/><\/a><a href=\"https:\/\/bobvarela.com\/wp-content\/uploads\/2012\/05\/Rouge-de-Gustavo-Arango-041.jpg\"><img loading=\"lazy\" decoding=\"async\" style=\"background-image: none; border-bottom: 0px; border-left: 0px; margin: 0px; padding-left: 0px; padding-right: 0px; display: inline; border-top: 0px; border-right: 0px; padding-top: 0px\" title=\"Desfile llevado a cabo el 23 de mayo de 2012 en el Choliseo de Puerto Rico a beneficio de SER\" border=\"0\" alt=\"Desfile llevado a cabo el 23 de mayo de 2012 en el Choliseo de Puerto Rico a beneficio de SER\" src=\"https:\/\/bobvarela.com\/wp-content\/uploads\/2012\/05\/Rouge-de-Gustavo-Arango-041_thumb.jpg\" width=\"124\" height=\"184\" \/><\/a><a href=\"https:\/\/bobvarela.com\/wp-content\/uploads\/2012\/05\/Rouge-de-Gustavo-Arango-042.jpg\"><img loading=\"lazy\" decoding=\"async\" style=\"background-image: none; border-bottom: 0px; border-left: 0px; margin: 0px; padding-left: 0px; padding-right: 0px; display: inline; border-top: 0px; border-right: 0px; padding-top: 0px\" title=\"Desfile llevado a cabo el 23 de mayo de 2012 en el Choliseo de Puerto Rico a beneficio de SER\" border=\"0\" alt=\"Desfile llevado a cabo el 23 de mayo de 2012 en el Choliseo de Puerto Rico a beneficio de SER\" src=\"https:\/\/bobvarela.com\/wp-content\/uploads\/2012\/05\/Rouge-de-Gustavo-Arango-042_thumb.jpg\" width=\"124\" height=\"184\" \/><\/a><a href=\"https:\/\/bobvarela.com\/wp-content\/uploads\/2012\/05\/Rouge-de-Gustavo-Arango-043.jpg\"><img loading=\"lazy\" decoding=\"async\" style=\"background-image: none; border-bottom: 0px; border-left: 0px; margin: 0px; padding-left: 0px; padding-right: 0px; display: inline; border-top: 0px; border-right: 0px; padding-top: 0px\" title=\"Desfile llevado a cabo el 23 de mayo de 2012 en el Choliseo de Puerto Rico a beneficio de SER\" border=\"0\" alt=\"Desfile llevado a cabo el 23 de mayo de 2012 en el Choliseo de Puerto Rico a beneficio de SER\" src=\"https:\/\/bobvarela.com\/wp-content\/uploads\/2012\/05\/Rouge-de-Gustavo-Arango-043_thumb.jpg\" width=\"124\" height=\"184\" \/><\/a><a href=\"https:\/\/bobvarela.com\/wp-content\/uploads\/2012\/05\/Rouge-de-Gustavo-Arango-045.jpg\"><img loading=\"lazy\" decoding=\"async\" style=\"background-image: none; border-bottom: 0px; border-left: 0px; margin: 0px; padding-left: 0px; padding-right: 0px; display: inline; border-top: 0px; border-right: 0px; padding-top: 0px\" title=\"Desfile llevado a cabo el 23 de mayo de 2012 en el Choliseo de Puerto Rico a beneficio de SER\" border=\"0\" alt=\"Desfile llevado a cabo el 23 de mayo de 2012 en el Choliseo de Puerto Rico a beneficio de SER\" src=\"https:\/\/bobvarela.com\/wp-content\/uploads\/2012\/05\/Rouge-de-Gustavo-Arango-045_thumb.jpg\" width=\"124\" height=\"184\" \/><\/a><a href=\"https:\/\/bobvarela.com\/wp-content\/uploads\/2012\/05\/Rouge-de-Gustavo-Arango-047.jpg\"><img loading=\"lazy\" decoding=\"async\" style=\"background-image: none; border-bottom: 0px; border-left: 0px; margin: 0px; padding-left: 0px; padding-right: 0px; display: inline; border-top: 0px; border-right: 0px; padding-top: 0px\" title=\"Desfile llevado a cabo el 23 de mayo de 2012 en el Choliseo de Puerto Rico a beneficio de SER\" border=\"0\" alt=\"Desfile llevado a cabo el 23 de mayo de 2012 en el Choliseo de Puerto Rico a beneficio de SER\" src=\"https:\/\/bobvarela.com\/wp-content\/uploads\/2012\/05\/Rouge-de-Gustavo-Arango-047_thumb.jpg\" width=\"124\" height=\"184\" \/><\/a><a href=\"https:\/\/bobvarela.com\/wp-content\/uploads\/2012\/05\/Rouge-de-Gustavo-Arango-049.jpg\"><img loading=\"lazy\" decoding=\"async\" style=\"background-image: none; border-bottom: 0px; border-left: 0px; margin: 0px; padding-left: 0px; padding-right: 0px; display: inline; border-top: 0px; border-right: 0px; padding-top: 0px\" title=\"Desfile llevado a cabo el 23 de mayo de 2012 en el Choliseo de Puerto Rico a beneficio de SER\" border=\"0\" alt=\"Desfile llevado a cabo el 23 de mayo de 2012 en el Choliseo de Puerto Rico a beneficio de SER\" src=\"https:\/\/bobvarela.com\/wp-content\/uploads\/2012\/05\/Rouge-de-Gustavo-Arango-049_thumb.jpg\" width=\"124\" height=\"184\" \/><\/a><a href=\"https:\/\/bobvarela.com\/wp-content\/uploads\/2012\/05\/Rouge-de-Gustavo-Arango-051.jpg\"><img loading=\"lazy\" decoding=\"async\" style=\"background-image: none; border-bottom: 0px; border-left: 0px; margin: 0px; padding-left: 0px; padding-right: 0px; display: inline; border-top: 0px; border-right: 0px; padding-top: 0px\" title=\"Desfile llevado a cabo el 23 de mayo de 2012 en el Choliseo de Puerto Rico a beneficio de SER\" border=\"0\" alt=\"Desfile llevado a cabo el 23 de mayo de 2012 en el Choliseo de Puerto Rico a beneficio de SER\" src=\"https:\/\/bobvarela.com\/wp-content\/uploads\/2012\/05\/Rouge-de-Gustavo-Arango-051_thumb.jpg\" width=\"124\" height=\"184\" \/><\/a><a href=\"https:\/\/bobvarela.com\/wp-content\/uploads\/2012\/05\/Rouge-de-Gustavo-Arango-052.jpg\"><img loading=\"lazy\" decoding=\"async\" style=\"background-image: none; border-bottom: 0px; border-left: 0px; margin: 0px; padding-left: 0px; padding-right: 0px; display: inline; border-top: 0px; border-right: 0px; padding-top: 0px\" title=\"Desfile llevado a cabo el 23 de mayo de 2012 en el Choliseo de Puerto Rico a beneficio de SER\" border=\"0\" alt=\"Desfile llevado a cabo el 23 de mayo de 2012 en el Choliseo de Puerto Rico a beneficio de SER\" src=\"https:\/\/bobvarela.com\/wp-content\/uploads\/2012\/05\/Rouge-de-Gustavo-Arango-052_thumb.jpg\" width=\"124\" height=\"184\" \/><\/a><\/font><\/p>\n<p align=\"justify\"><font size=\"3\">\u201cRouge\u201d consistir\u00e1 de vestidos cortos, blusas y faldas ideales para el uso diario y los cocteles.<\/font><\/p>\n<p align=\"justify\"><font size=\"3\"><a href=\"https:\/\/bobvarela.com\/wp-content\/uploads\/2012\/05\/Rouge-de-Gustavo-Arango-054.jpg\"><img loading=\"lazy\" decoding=\"async\" style=\"background-image: none; border-right-width: 0px; padding-left: 0px; padding-right: 0px; display: inline; border-top-width: 0px; border-bottom-width: 0px; border-left-width: 0px; padding-top: 0px\" title=\"Desfile llevado a cabo el 23 de mayo de 2012 en el Choliseo de Puerto Rico a beneficio de SER\" border=\"0\" alt=\"Desfile llevado a cabo el 23 de mayo de 2012 en el Choliseo de Puerto Rico a beneficio de SER\" src=\"https:\/\/bobvarela.com\/wp-content\/uploads\/2012\/05\/Rouge-de-Gustavo-Arango-054_thumb.jpg\" width=\"124\" height=\"184\" \/><\/a><a href=\"https:\/\/bobvarela.com\/wp-content\/uploads\/2012\/05\/Rouge-de-Gustavo-Arango-056.jpg\"><img loading=\"lazy\" decoding=\"async\" style=\"background-image: none; border-bottom: 0px; border-left: 0px; margin: 0px; padding-left: 0px; padding-right: 0px; display: inline; border-top: 0px; border-right: 0px; padding-top: 0px\" title=\"Desfile llevado a cabo el 23 de mayo de 2012 en el Choliseo de Puerto Rico a beneficio de SER\" border=\"0\" alt=\"Desfile llevado a cabo el 23 de mayo de 2012 en el Choliseo de Puerto Rico a beneficio de SER\" src=\"https:\/\/bobvarela.com\/wp-content\/uploads\/2012\/05\/Rouge-de-Gustavo-Arango-056_thumb.jpg\" width=\"124\" height=\"184\" \/><\/a><a href=\"https:\/\/bobvarela.com\/wp-content\/uploads\/2012\/05\/Rouge-de-Gustavo-Arango-059.jpg\"><img loading=\"lazy\" decoding=\"async\" style=\"background-image: none; border-bottom: 0px; border-left: 0px; margin: 0px; padding-left: 0px; padding-right: 0px; display: inline; border-top: 0px; border-right: 0px; padding-top: 0px\" title=\"Desfile llevado a cabo el 23 de mayo de 2012 en el Choliseo de Puerto Rico a beneficio de SER\" border=\"0\" alt=\"Desfile llevado a cabo el 23 de mayo de 2012 en el Choliseo de Puerto Rico a beneficio de SER\" src=\"https:\/\/bobvarela.com\/wp-content\/uploads\/2012\/05\/Rouge-de-Gustavo-Arango-059_thumb.jpg\" width=\"124\" height=\"184\" \/><\/a><a href=\"https:\/\/bobvarela.com\/wp-content\/uploads\/2012\/05\/Rouge-de-Gustavo-Arango-063.jpg\"><img loading=\"lazy\" decoding=\"async\" style=\"background-image: none; border-bottom: 0px; border-left: 0px; margin: 0px; padding-left: 0px; padding-right: 0px; display: inline; border-top: 0px; border-right: 0px; padding-top: 0px\" title=\"Desfile llevado a cabo el 23 de mayo de 2012 en el Choliseo de Puerto Rico a beneficio de SER\" border=\"0\" alt=\"Desfile llevado a cabo el 23 de mayo de 2012 en el Choliseo de Puerto Rico a beneficio de SER\" src=\"https:\/\/bobvarela.com\/wp-content\/uploads\/2012\/05\/Rouge-de-Gustavo-Arango-063_thumb.jpg\" width=\"124\" height=\"184\" \/><\/a><a href=\"https:\/\/bobvarela.com\/wp-content\/uploads\/2012\/05\/Rouge-de-Gustavo-Arango-065.jpg\"><img loading=\"lazy\" decoding=\"async\" style=\"background-image: none; border-bottom: 0px; border-left: 0px; margin: 0px; padding-left: 0px; padding-right: 0px; display: inline; border-top: 0px; border-right: 0px; padding-top: 0px\" title=\"Desfile llevado a cabo el 23 de mayo de 2012 en el Choliseo de Puerto Rico a beneficio de SER\" border=\"0\" alt=\"Desfile llevado a cabo el 23 de mayo de 2012 en el Choliseo de Puerto Rico a beneficio de SER\" src=\"https:\/\/bobvarela.com\/wp-content\/uploads\/2012\/05\/Rouge-de-Gustavo-Arango-065_thumb.jpg\" width=\"124\" height=\"184\" \/><\/a><a href=\"https:\/\/bobvarela.com\/wp-content\/uploads\/2012\/05\/Rouge-de-Gustavo-Arango-067.jpg\"><img loading=\"lazy\" decoding=\"async\" style=\"background-image: none; border-bottom: 0px; border-left: 0px; margin: 0px; padding-left: 0px; padding-right: 0px; display: inline; border-top: 0px; border-right: 0px; padding-top: 0px\" title=\"Desfile llevado a cabo el 23 de mayo de 2012 en el Choliseo de Puerto Rico a beneficio de SER\" border=\"0\" alt=\"Desfile llevado a cabo el 23 de mayo de 2012 en el Choliseo de Puerto Rico a beneficio de SER\" src=\"https:\/\/bobvarela.com\/wp-content\/uploads\/2012\/05\/Rouge-de-Gustavo-Arango-067_thumb.jpg\" width=\"124\" height=\"184\" \/><\/a><a href=\"https:\/\/bobvarela.com\/wp-content\/uploads\/2012\/05\/Rouge-de-Gustavo-Arango-070.jpg\"><img loading=\"lazy\" decoding=\"async\" style=\"background-image: none; border-bottom: 0px; border-left: 0px; margin: 0px; padding-left: 0px; padding-right: 0px; display: inline; border-top: 0px; border-right: 0px; padding-top: 0px\" title=\"Desfile llevado a cabo el 23 de mayo de 2012 en el Choliseo de Puerto Rico a beneficio de SER\" border=\"0\" alt=\"Desfile llevado a cabo el 23 de mayo de 2012 en el Choliseo de Puerto Rico a beneficio de SER\" src=\"https:\/\/bobvarela.com\/wp-content\/uploads\/2012\/05\/Rouge-de-Gustavo-Arango-070_thumb.jpg\" width=\"124\" height=\"184\" \/><\/a><a href=\"https:\/\/bobvarela.com\/wp-content\/uploads\/2012\/05\/Rouge-de-Gustavo-Arango-071.jpg\"><img loading=\"lazy\" decoding=\"async\" style=\"background-image: none; border-bottom: 0px; border-left: 0px; margin: 0px; padding-left: 0px; padding-right: 0px; display: inline; border-top: 0px; border-right: 0px; padding-top: 0px\" title=\"Desfile llevado a cabo el 23 de mayo de 2012 en el Choliseo de Puerto Rico a beneficio de SER\" border=\"0\" alt=\"Desfile llevado a cabo el 23 de mayo de 2012 en el Choliseo de Puerto Rico a beneficio de SER\" src=\"https:\/\/bobvarela.com\/wp-content\/uploads\/2012\/05\/Rouge-de-Gustavo-Arango-071_thumb.jpg\" width=\"124\" height=\"184\" \/><\/a><a href=\"https:\/\/bobvarela.com\/wp-content\/uploads\/2012\/05\/Rouge-de-Gustavo-Arango-074.jpg\"><img loading=\"lazy\" decoding=\"async\" style=\"background-image: none; border-right-width: 0px; padding-left: 0px; padding-right: 0px; display: inline; border-top-width: 0px; border-bottom-width: 0px; border-left-width: 0px; padding-top: 0px\" title=\"Desfile llevado a cabo el 23 de mayo de 2012 en el Choliseo de Puerto Rico a beneficio de SER\" border=\"0\" alt=\"Desfile llevado a cabo el 23 de mayo de 2012 en el Choliseo de Puerto Rico a beneficio de SER\" src=\"https:\/\/bobvarela.com\/wp-content\/uploads\/2012\/05\/Rouge-de-Gustavo-Arango-074_thumb.jpg\" width=\"124\" height=\"184\" \/><\/a><a href=\"https:\/\/bobvarela.com\/wp-content\/uploads\/2012\/05\/Rouge-de-Gustavo-Arango-075.jpg\"><img loading=\"lazy\" decoding=\"async\" style=\"background-image: none; border-bottom: 0px; border-left: 0px; padding-left: 0px; padding-right: 0px; display: inline; border-top: 0px; border-right: 0px; padding-top: 0px\" title=\"Desfile llevado a cabo el 23 de mayo de 2012 en el Choliseo de Puerto Rico a beneficio de SER\" border=\"0\" alt=\"Desfile llevado a cabo el 23 de mayo de 2012 en el Choliseo de Puerto Rico a beneficio de SER\" src=\"https:\/\/bobvarela.com\/wp-content\/uploads\/2012\/05\/Rouge-de-Gustavo-Arango-075_thumb.jpg\" width=\"124\" height=\"184\" \/><\/a><\/font><\/p>\n<p align=\"justify\"><font size=\"3\"> \u201cEn otras ocasiones la mayor\u00eda eran trajes de gala. Ahora estoy en otro mood, m\u00e1s sport pero con lujo en las telas y dando un pre\u00e1mbulo de la necesidad de mis clientas. Es una colecci\u00f3n contundente, es muy ambiciosa desde las modelos, hasta el maquillaje y lo que estamos tratando de lograr. Las estoy entrenando para que se vean como soldados, caminen iguales, sean transparentes y pasen desapercibidas para que el punto focal sea la ropa. Hemos trabajado arduamente sobre la forma en que quiero que se proyecten para que vean el show diferente y digan: \u2018de d\u00f3nde salieron estas nenas\u2019. Mi mantra siempre ha sido: qu\u00e9 bella se ve esa mujer\u2019; el momento en que el vestido empieza a ser foco determinante me colgu\u00e9 como dise\u00f1ador. El vestido tiene que ser la segunda piel\u201d, concluy\u00f3.<\/font><\/p>\n<p><a href=\"https:\/\/bobvarela.com\/wp-content\/uploads\/2012\/05\/Rouge-de-Gustavo-Arango-077.jpg\"><img loading=\"lazy\" decoding=\"async\" style=\"background-image: none; border-bottom: 0px; border-left: 0px; margin: 0px; padding-left: 0px; padding-right: 0px; display: inline; border-top: 0px; border-right: 0px; padding-top: 0px\" title=\"Desfile llevado a cabo el 23 de mayo de 2012 en el Choliseo de Puerto Rico a beneficio de SER\" border=\"0\" alt=\"Desfile llevado a cabo el 23 de mayo de 2012 en el Choliseo de Puerto Rico a beneficio de SER\" src=\"https:\/\/bobvarela.com\/wp-content\/uploads\/2012\/05\/Rouge-de-Gustavo-Arango-077_thumb.jpg\" width=\"124\" height=\"184\" \/><\/a><a href=\"https:\/\/bobvarela.com\/wp-content\/uploads\/2012\/05\/Rouge-de-Gustavo-Arango-079.jpg\"><img loading=\"lazy\" decoding=\"async\" style=\"background-image: none; border-bottom: 0px; border-left: 0px; margin: 0px; padding-left: 0px; padding-right: 0px; display: inline; border-top: 0px; border-right: 0px; padding-top: 0px\" title=\"Desfile llevado a cabo el 23 de mayo de 2012 en el Choliseo de Puerto Rico a beneficio de SER\" border=\"0\" alt=\"Desfile llevado a cabo el 23 de mayo de 2012 en el Choliseo de Puerto Rico a beneficio de SER\" src=\"https:\/\/bobvarela.com\/wp-content\/uploads\/2012\/05\/Rouge-de-Gustavo-Arango-079_thumb.jpg\" width=\"124\" height=\"184\" \/><\/a><a href=\"https:\/\/bobvarela.com\/wp-content\/uploads\/2012\/05\/Rouge-de-Gustavo-Arango-081.jpg\"><img loading=\"lazy\" decoding=\"async\" style=\"background-image: none; border-bottom: 0px; border-left: 0px; margin: 0px; padding-left: 0px; padding-right: 0px; display: inline; border-top: 0px; border-right: 0px; padding-top: 0px\" title=\"Desfile llevado a cabo el 23 de mayo de 2012 en el Choliseo de Puerto Rico a beneficio de SER\" border=\"0\" alt=\"Desfile llevado a cabo el 23 de mayo de 2012 en el Choliseo de Puerto Rico a beneficio de SER\" src=\"https:\/\/bobvarela.com\/wp-content\/uploads\/2012\/05\/Rouge-de-Gustavo-Arango-081_thumb.jpg\" width=\"124\" height=\"184\" \/><\/a><a href=\"https:\/\/bobvarela.com\/wp-content\/uploads\/2012\/05\/Rouge-de-Gustavo-Arango-083.jpg\"><img loading=\"lazy\" decoding=\"async\" style=\"background-image: none; border-bottom: 0px; border-left: 0px; margin: 0px; padding-left: 0px; padding-right: 0px; display: inline; border-top: 0px; border-right: 0px; padding-top: 0px\" title=\"Desfile llevado a cabo el 23 de mayo de 2012 en el Choliseo de Puerto Rico a beneficio de SER\" border=\"0\" alt=\"Desfile llevado a cabo el 23 de mayo de 2012 en el Choliseo de Puerto Rico a beneficio de SER\" src=\"https:\/\/bobvarela.com\/wp-content\/uploads\/2012\/05\/Rouge-de-Gustavo-Arango-083_thumb.jpg\" width=\"124\" height=\"184\" \/><\/a><a href=\"https:\/\/bobvarela.com\/wp-content\/uploads\/2012\/05\/Rouge-de-Gustavo-Arango-085.jpg\"><img loading=\"lazy\" decoding=\"async\" style=\"background-image: none; border-bottom: 0px; border-left: 0px; margin: 0px; padding-left: 0px; padding-right: 0px; display: inline; border-top: 0px; border-right: 0px; padding-top: 0px\" title=\"Desfile llevado a cabo el 23 de mayo de 2012 en el Choliseo de Puerto Rico a beneficio de SER\" border=\"0\" alt=\"Desfile llevado a cabo el 23 de mayo de 2012 en el Choliseo de Puerto Rico a beneficio de SER\" src=\"https:\/\/bobvarela.com\/wp-content\/uploads\/2012\/05\/Rouge-de-Gustavo-Arango-085_thumb.jpg\" width=\"124\" height=\"184\" \/><\/a><a href=\"https:\/\/bobvarela.com\/wp-content\/uploads\/2012\/05\/Rouge-de-Gustavo-Arango-087.jpg\"><img loading=\"lazy\" decoding=\"async\" style=\"background-image: none; border-bottom: 0px; border-left: 0px; margin: 0px; padding-left: 0px; padding-right: 0px; display: inline; border-top: 0px; border-right: 0px; padding-top: 0px\" title=\"Desfile llevado a cabo el 23 de mayo de 2012 en el Choliseo de Puerto Rico a beneficio de SER\" border=\"0\" alt=\"Desfile llevado a cabo el 23 de mayo de 2012 en el Choliseo de Puerto Rico a beneficio de SER\" src=\"https:\/\/bobvarela.com\/wp-content\/uploads\/2012\/05\/Rouge-de-Gustavo-Arango-087_thumb.jpg\" width=\"124\" height=\"184\" \/><\/a><a href=\"https:\/\/bobvarela.com\/wp-content\/uploads\/2012\/05\/Rouge-de-Gustavo-Arango-090.jpg\"><img loading=\"lazy\" decoding=\"async\" style=\"background-image: none; border-bottom: 0px; border-left: 0px; margin: 0px; padding-left: 0px; padding-right: 0px; display: inline; border-top: 0px; border-right: 0px; padding-top: 0px\" title=\"Desfile llevado a cabo el 23 de mayo de 2012 en el Choliseo de Puerto Rico a beneficio de SER\" border=\"0\" alt=\"Desfile llevado a cabo el 23 de mayo de 2012 en el Choliseo de Puerto Rico a beneficio de SER\" src=\"https:\/\/bobvarela.com\/wp-content\/uploads\/2012\/05\/Rouge-de-Gustavo-Arango-090_thumb.jpg\" width=\"124\" height=\"184\" \/><\/a><a href=\"https:\/\/bobvarela.com\/wp-content\/uploads\/2012\/05\/Rouge-de-Gustavo-Arango-091.jpg\"><img loading=\"lazy\" decoding=\"async\" style=\"background-image: none; border-bottom: 0px; border-left: 0px; margin: 0px; padding-left: 0px; padding-right: 0px; display: inline; border-top: 0px; border-right: 0px; padding-top: 0px\" title=\"Desfile llevado a cabo el 23 de mayo de 2012 en el Choliseo de Puerto Rico a beneficio de SER\" border=\"0\" alt=\"Desfile llevado a cabo el 23 de mayo de 2012 en el Choliseo de Puerto Rico a beneficio de SER\" src=\"https:\/\/bobvarela.com\/wp-content\/uploads\/2012\/05\/Rouge-de-Gustavo-Arango-091_thumb.jpg\" width=\"124\" height=\"184\" \/><\/a><a href=\"https:\/\/bobvarela.com\/wp-content\/uploads\/2012\/05\/Rouge-de-Gustavo-Arango-096.jpg\"><img loading=\"lazy\" decoding=\"async\" style=\"background-image: none; border-bottom: 0px; border-left: 0px; margin: 0px; padding-left: 0px; padding-right: 0px; display: inline; border-top: 0px; border-right: 0px; padding-top: 0px\" title=\"Desfile llevado a cabo el 23 de mayo de 2012 en el Choliseo de Puerto Rico a beneficio de SER\" border=\"0\" alt=\"Desfile llevado a cabo el 23 de mayo de 2012 en el Choliseo de Puerto Rico a beneficio de SER\" src=\"https:\/\/bobvarela.com\/wp-content\/uploads\/2012\/05\/Rouge-de-Gustavo-Arango-096_thumb.jpg\" width=\"124\" height=\"184\" \/><\/a><a href=\"https:\/\/bobvarela.com\/wp-content\/uploads\/2012\/05\/Rouge-de-Gustavo-Arango-098.jpg\"><img loading=\"lazy\" decoding=\"async\" style=\"background-image: none; border-bottom: 0px; border-left: 0px; margin: 0px; padding-left: 0px; padding-right: 0px; display: inline; border-top: 0px; border-right: 0px; padding-top: 0px\" title=\"Desfile llevado a cabo el 23 de mayo de 2012 en el Choliseo de Puerto Rico a beneficio de SER\" border=\"0\" alt=\"Desfile llevado a cabo el 23 de mayo de 2012 en el Choliseo de Puerto Rico a beneficio de SER\" src=\"https:\/\/bobvarela.com\/wp-content\/uploads\/2012\/05\/Rouge-de-Gustavo-Arango-098_thumb.jpg\" width=\"124\" height=\"184\" \/><\/a><a href=\"https:\/\/bobvarela.com\/wp-content\/uploads\/2012\/05\/Rouge-de-Gustavo-Arango-100.jpg\"><img loading=\"lazy\" decoding=\"async\" style=\"background-image: none; border-bottom: 0px; border-left: 0px; margin: 0px; padding-left: 0px; padding-right: 0px; display: inline; border-top: 0px; border-right: 0px; padding-top: 0px\" title=\"Desfile llevado a cabo el 23 de mayo de 2012 en el Choliseo de Puerto Rico a beneficio de SER\" border=\"0\" alt=\"Desfile llevado a cabo el 23 de mayo de 2012 en el Choliseo de Puerto Rico a beneficio de SER\" src=\"https:\/\/bobvarela.com\/wp-content\/uploads\/2012\/05\/Rouge-de-Gustavo-Arango-100_thumb.jpg\" width=\"124\" height=\"184\" \/><\/a><a href=\"https:\/\/bobvarela.com\/wp-content\/uploads\/2012\/05\/Rouge-de-Gustavo-Arango-103.jpg\"><img loading=\"lazy\" decoding=\"async\" style=\"background-image: none; border-bottom: 0px; border-left: 0px; margin: 0px; padding-left: 0px; padding-right: 0px; display: inline; border-top: 0px; border-right: 0px; padding-top: 0px\" title=\"Desfile llevado a cabo el 23 de mayo de 2012 en el Choliseo de Puerto Rico a beneficio de SER\" border=\"0\" alt=\"Desfile llevado a cabo el 23 de mayo de 2012 en el Choliseo de Puerto Rico a beneficio de SER\" src=\"https:\/\/bobvarela.com\/wp-content\/uploads\/2012\/05\/Rouge-de-Gustavo-Arango-103_thumb.jpg\" width=\"124\" height=\"184\" \/><\/a><a href=\"https:\/\/bobvarela.com\/wp-content\/uploads\/2012\/05\/Rouge-de-Gustavo-Arango-104.jpg\"><img loading=\"lazy\" decoding=\"async\" style=\"background-image: none; border-bottom: 0px; border-left: 0px; margin: 0px; padding-left: 0px; padding-right: 0px; display: inline; border-top: 0px; border-right: 0px; padding-top: 0px\" title=\"Desfile llevado a cabo el 23 de mayo de 2012 en el Choliseo de Puerto Rico a beneficio de SER\" border=\"0\" alt=\"Desfile llevado a cabo el 23 de mayo de 2012 en el Choliseo de Puerto Rico a beneficio de SER\" src=\"https:\/\/bobvarela.com\/wp-content\/uploads\/2012\/05\/Rouge-de-Gustavo-Arango-104_thumb.jpg\" width=\"124\" height=\"184\" \/><\/a><a href=\"https:\/\/bobvarela.com\/wp-content\/uploads\/2012\/05\/Rouge-de-Gustavo-Arango-107.jpg\"><img loading=\"lazy\" decoding=\"async\" style=\"background-image: none; border-bottom: 0px; border-left: 0px; margin: 0px; padding-left: 0px; padding-right: 0px; display: inline; border-top: 0px; border-right: 0px; padding-top: 0px\" title=\"Desfile llevado a cabo el 23 de mayo de 2012 en el Choliseo de Puerto Rico a beneficio de SER\" border=\"0\" alt=\"Desfile llevado a cabo el 23 de mayo de 2012 en el Choliseo de Puerto Rico a beneficio de SER\" src=\"https:\/\/bobvarela.com\/wp-content\/uploads\/2012\/05\/Rouge-de-Gustavo-Arango-107_thumb.jpg\" width=\"124\" height=\"184\" \/><\/a><a href=\"https:\/\/bobvarela.com\/wp-content\/uploads\/2012\/05\/Rouge-de-Gustavo-Arango-110.jpg\"><img loading=\"lazy\" decoding=\"async\" style=\"background-image: none; border-bottom: 0px; border-left: 0px; margin: 0px; padding-left: 0px; padding-right: 0px; display: inline; border-top: 0px; border-right: 0px; padding-top: 0px\" title=\"Desfile llevado a cabo el 23 de mayo de 2012 en el Choliseo de Puerto Rico a beneficio de SER\" border=\"0\" alt=\"Desfile llevado a cabo el 23 de mayo de 2012 en el Choliseo de Puerto Rico a beneficio de SER\" src=\"https:\/\/bobvarela.com\/wp-content\/uploads\/2012\/05\/Rouge-de-Gustavo-Arango-110_thumb.jpg\" width=\"124\" height=\"184\" \/><\/a><a href=\"https:\/\/bobvarela.com\/wp-content\/uploads\/2012\/05\/Rouge-de-Gustavo-Arango-111.jpg\"><img loading=\"lazy\" decoding=\"async\" style=\"background-image: none; border-bottom: 0px; border-left: 0px; margin: 0px; padding-left: 0px; padding-right: 0px; display: inline; border-top: 0px; border-right: 0px; padding-top: 0px\" title=\"Desfile llevado a cabo el 23 de mayo de 2012 en el Choliseo de Puerto Rico a beneficio de SER\" border=\"0\" alt=\"Desfile llevado a cabo el 23 de mayo de 2012 en el Choliseo de Puerto Rico a beneficio de SER\" src=\"https:\/\/bobvarela.com\/wp-content\/uploads\/2012\/05\/Rouge-de-Gustavo-Arango-111_thumb.jpg\" width=\"124\" height=\"184\" \/><\/a><a href=\"https:\/\/bobvarela.com\/wp-content\/uploads\/2012\/05\/Rouge-de-Gustavo-Arango-114.jpg\"><img loading=\"lazy\" decoding=\"async\" style=\"background-image: none; border-bottom: 0px; border-left: 0px; margin: 0px; padding-left: 0px; padding-right: 0px; display: inline; border-top: 0px; border-right: 0px; padding-top: 0px\" title=\"Desfile llevado a cabo el 23 de mayo de 2012 en el Choliseo de Puerto Rico a beneficio de SER\" border=\"0\" alt=\"Desfile llevado a cabo el 23 de mayo de 2012 en el Choliseo de Puerto Rico a beneficio de SER\" src=\"https:\/\/bobvarela.com\/wp-content\/uploads\/2012\/05\/Rouge-de-Gustavo-Arango-114_thumb.jpg\" width=\"124\" height=\"184\" \/><\/a><a href=\"https:\/\/bobvarela.com\/wp-content\/uploads\/2012\/05\/Rouge-de-Gustavo-Arango-115.jpg\"><img loading=\"lazy\" decoding=\"async\" style=\"background-image: none; border-bottom: 0px; border-left: 0px; margin: 0px; padding-left: 0px; padding-right: 0px; display: inline; border-top: 0px; border-right: 0px; padding-top: 0px\" title=\"Desfile llevado a cabo el 23 de mayo de 2012 en el Choliseo de Puerto Rico a beneficio de SER\" border=\"0\" alt=\"Desfile llevado a cabo el 23 de mayo de 2012 en el Choliseo de Puerto Rico a beneficio de SER\" src=\"https:\/\/bobvarela.com\/wp-content\/uploads\/2012\/05\/Rouge-de-Gustavo-Arango-115_thumb.jpg\" width=\"124\" height=\"184\" \/><\/a><a href=\"https:\/\/bobvarela.com\/wp-content\/uploads\/2012\/05\/Rouge-de-Gustavo-Arango-118.jpg\"><img loading=\"lazy\" decoding=\"async\" style=\"background-image: none; border-bottom: 0px; border-left: 0px; margin: 0px; padding-left: 0px; padding-right: 0px; display: inline; border-top: 0px; border-right: 0px; padding-top: 0px\" title=\"Desfile llevado a cabo el 23 de mayo de 2012 en el Choliseo de Puerto Rico a beneficio de SER\" border=\"0\" alt=\"Desfile llevado a cabo el 23 de mayo de 2012 en el Choliseo de Puerto Rico a beneficio de SER\" src=\"https:\/\/bobvarela.com\/wp-content\/uploads\/2012\/05\/Rouge-de-Gustavo-Arango-118_thumb.jpg\" width=\"124\" height=\"184\" \/><\/a><a href=\"https:\/\/bobvarela.com\/wp-content\/uploads\/2012\/05\/Rouge-de-Gustavo-Arango-120.jpg\"><img loading=\"lazy\" decoding=\"async\" style=\"background-image: none; border-bottom: 0px; border-left: 0px; margin: 0px; padding-left: 0px; padding-right: 0px; display: inline; border-top: 0px; border-right: 0px; padding-top: 0px\" title=\"Desfile llevado a cabo el 23 de mayo de 2012 en el Choliseo de Puerto Rico a beneficio de SER\" border=\"0\" alt=\"Desfile llevado a cabo el 23 de mayo de 2012 en el Choliseo de Puerto Rico a beneficio de SER\" src=\"https:\/\/bobvarela.com\/wp-content\/uploads\/2012\/05\/Rouge-de-Gustavo-Arango-120_thumb.jpg\" width=\"124\" height=\"184\" \/><\/a><a href=\"https:\/\/bobvarela.com\/wp-content\/uploads\/2012\/05\/Rouge-de-Gustavo-Arango-121.jpg\"><img loading=\"lazy\" decoding=\"async\" style=\"background-image: none; border-bottom: 0px; border-left: 0px; margin: 0px; padding-left: 0px; padding-right: 0px; display: inline; border-top: 0px; border-right: 0px; padding-top: 0px\" title=\"Desfile llevado a cabo el 23 de mayo de 2012 en el Choliseo de Puerto Rico a beneficio de SER\" border=\"0\" alt=\"Desfile llevado a cabo el 23 de mayo de 2012 en el Choliseo de Puerto Rico a beneficio de SER\" src=\"https:\/\/bobvarela.com\/wp-content\/uploads\/2012\/05\/Rouge-de-Gustavo-Arango-121_thumb.jpg\" width=\"124\" height=\"184\" \/><\/a><a href=\"https:\/\/bobvarela.com\/wp-content\/uploads\/2012\/05\/Rouge-de-Gustavo-Arango-123.jpg\"><img loading=\"lazy\" decoding=\"async\" style=\"background-image: none; border-bottom: 0px; border-left: 0px; margin: 0px; padding-left: 0px; padding-right: 0px; display: inline; border-top: 0px; border-right: 0px; padding-top: 0px\" title=\"Desfile llevado a cabo el 23 de mayo de 2012 en el Choliseo de Puerto Rico a beneficio de SER\" border=\"0\" alt=\"Desfile llevado a cabo el 23 de mayo de 2012 en el Choliseo de Puerto Rico a beneficio de SER\" src=\"https:\/\/bobvarela.com\/wp-content\/uploads\/2012\/05\/Rouge-de-Gustavo-Arango-123_thumb.jpg\" width=\"124\" height=\"184\" \/><\/a><a href=\"https:\/\/bobvarela.com\/wp-content\/uploads\/2012\/05\/Rouge-de-Gustavo-Arango-124.jpg\"><img loading=\"lazy\" decoding=\"async\" style=\"background-image: none; border-bottom: 0px; border-left: 0px; margin: 0px; padding-left: 0px; padding-right: 0px; display: inline; border-top: 0px; border-right: 0px; padding-top: 0px\" title=\"Desfile llevado a cabo el 23 de mayo de 2012 en el Choliseo de Puerto Rico a beneficio de SER\" border=\"0\" alt=\"Desfile llevado a cabo el 23 de mayo de 2012 en el Choliseo de Puerto Rico a beneficio de SER\" src=\"https:\/\/bobvarela.com\/wp-content\/uploads\/2012\/05\/Rouge-de-Gustavo-Arango-124_thumb.jpg\" width=\"124\" height=\"184\" \/><\/a><a href=\"https:\/\/bobvarela.com\/wp-content\/uploads\/2012\/05\/Rouge-de-Gustavo-Arango-125.jpg\"><img loading=\"lazy\" decoding=\"async\" style=\"background-image: none; border-bottom: 0px; border-left: 0px; margin: 0px; padding-left: 0px; padding-right: 0px; display: inline; border-top: 0px; border-right: 0px; padding-top: 0px\" title=\"Desfile llevado a cabo el 23 de mayo de 2012 en el Choliseo de Puerto Rico a beneficio de SER\" border=\"0\" alt=\"Desfile llevado a cabo el 23 de mayo de 2012 en el Choliseo de Puerto Rico a beneficio de SER\" src=\"https:\/\/bobvarela.com\/wp-content\/uploads\/2012\/05\/Rouge-de-Gustavo-Arango-125_thumb.jpg\" width=\"124\" height=\"184\" \/><\/a><a href=\"https:\/\/bobvarela.com\/wp-content\/uploads\/2012\/05\/Rouge-de-Gustavo-Arango-126.jpg\"><img loading=\"lazy\" decoding=\"async\" style=\"background-image: none; border-bottom: 0px; border-left: 0px; margin: 0px; padding-left: 0px; padding-right: 0px; display: inline; border-top: 0px; border-right: 0px; padding-top: 0px\" title=\"Desfile llevado a cabo el 23 de mayo de 2012 en el Choliseo de Puerto Rico a beneficio de SER\" border=\"0\" alt=\"Desfile llevado a cabo el 23 de mayo de 2012 en el Choliseo de Puerto Rico a beneficio de SER\" src=\"https:\/\/bobvarela.com\/wp-content\/uploads\/2012\/05\/Rouge-de-Gustavo-Arango-126_thumb.jpg\" width=\"124\" height=\"184\" \/><\/a><\/p>\n","protected":false},"excerpt":{"rendered":"<p>El 23 de mayo de el prestigioso dise\u00f1ador de modas Gustavo Arango presentaro su esperada colecci\u00f3n de Oto\u00f1o\/Invierno 2012-2013 titulado&#160; \u201cRouge donde el 100% de los fondos recaudados en \u201cRouge\u201d fue&#160; donado a SER de Puerto Rico.&#160; Esta actividad se&hellip;<\/p>\n<p class=\"more-link-p\"><a class=\"more-link\" href=\"https:\/\/bobvarela.com\/?p=35871\">Read more &rarr;<\/a><\/p>\n","protected":false},"author":1,"featured_media":0,"comment_status":"open","ping_status":"open","sticky":false,"template":"","format":"standard","meta":{"ngg_post_thumbnail":0,"footnotes":""},"categories":[4,295],"tags":[],"class_list":["post-35871","post","type-post","status-publish","format-standard","hentry","category-moda","category-puerto-rico"],"_links":{"self":[{"href":"https:\/\/bobvarela.com\/index.php?rest_route=\/wp\/v2\/posts\/35871","targetHints":{"allow":["GET"]}}],"collection":[{"href":"https:\/\/bobvarela.com\/index.php?rest_route=\/wp\/v2\/posts"}],"about":[{"href":"https:\/\/bobvarela.com\/index.php?rest_route=\/wp\/v2\/types\/post"}],"author":[{"embeddable":true,"href":"https:\/\/bobvarela.com\/index.php?rest_route=\/wp\/v2\/users\/1"}],"replies":[{"embeddable":true,"href":"https:\/\/bobvarela.com\/index.php?rest_route=%2Fwp%2Fv2%2Fcomments&post=35871"}],"version-history":[{"count":1,"href":"https:\/\/bobvarela.com\/index.php?rest_route=\/wp\/v2\/posts\/35871\/revisions"}],"predecessor-version":[{"id":35872,"href":"https:\/\/bobvarela.com\/index.php?rest_route=\/wp\/v2\/posts\/35871\/revisions\/35872"}],"wp:attachment":[{"href":"https:\/\/bobvarela.com\/index.php?rest_route=%2Fwp%2Fv2%2Fmedia&parent=35871"}],"wp:term":[{"taxonomy":"category","embeddable":true,"href":"https:\/\/bobvarela.com\/index.php?rest_route=%2Fwp%2Fv2%2Fcategories&post=35871"},{"taxonomy":"post_tag","embeddable":true,"href":"https:\/\/bobvarela.com\/index.php?rest_route=%2Fwp%2Fv2%2Ftags&post=35871"}],"curies":[{"name":"wp","href":"https:\/\/api.w.org\/{rel}","templated":true}]}}