{"id":38279,"date":"2012-06-26T07:25:05","date_gmt":"2012-06-26T11:25:05","guid":{"rendered":"https:\/\/bobvarela.com\/?p=38279"},"modified":"2012-06-26T07:25:08","modified_gmt":"2012-06-26T11:25:08","slug":"a-conquistar-la-corona-panamericana","status":"publish","type":"post","link":"https:\/\/bobvarela.com\/?p=38279","title":{"rendered":"A conquistar la corona Panamericana"},"content":{"rendered":"<p align=\"justify\"><font size=\"3\">Nicole Col\u00f3n de Aibonito y con 19 a\u00f1os de edad parti\u00f3 el domingo 24 de junio rumbo a Los Angeles, California en busca de conquistar la coronade Miss Panamerican International para Puerto Rico.<\/font> <\/p>\n<p align=\"justify\"><font size=\"3\">MIss Panamerican International es un evento con m\u00e1s de 20 a\u00f1os de trayectoria que fomenta las buenas relaciones entre los pa\u00edses hispanos permitiendo a sus representantes exponerse en los medios de comunicaci\u00f3n para as\u00ed lograr una extensi\u00f3n de su cultura y valores con el fin de promover cada pa\u00eds representado como destino tur\u00edstico.<\/font> <\/p>\n<p align=\"justify\"><a href=\"https:\/\/bobvarela.com\/wp-content\/uploads\/2012\/06\/NICO_DSC_0807.jpg\"><img loading=\"lazy\" decoding=\"async\" style=\"background-image: none; border-bottom: 0px; border-left: 0px; margin: 0px; padding-left: 0px; padding-right: 0px; display: inline; border-top: 0px; border-right: 0px; padding-top: 0px\" title=\"NICO_DSC_0807\" border=\"0\" alt=\"NICO_DSC_0807\" src=\"https:\/\/bobvarela.com\/wp-content\/uploads\/2012\/06\/NICO_DSC_0807_thumb.jpg\" width=\"124\" height=\"184\"\/><\/a><a href=\"https:\/\/bobvarela.com\/wp-content\/uploads\/2012\/06\/nico_MG_9756.jpg\"><img loading=\"lazy\" decoding=\"async\" style=\"background-image: none; border-bottom: 0px; border-left: 0px; margin: 0px; padding-left: 0px; padding-right: 0px; display: inline; border-top: 0px; border-right: 0px; padding-top: 0px\" title=\"nico_MG_9756\" border=\"0\" alt=\"nico_MG_9756\" src=\"https:\/\/bobvarela.com\/wp-content\/uploads\/2012\/06\/nico_MG_9756_thumb.jpg\" width=\"124\" height=\"177\"\/><\/a><a href=\"https:\/\/bobvarela.com\/wp-content\/uploads\/2012\/06\/nico_MG_9762.jpg\"><img loading=\"lazy\" decoding=\"async\" style=\"background-image: none; border-bottom: 0px; border-left: 0px; padding-left: 0px; padding-right: 0px; display: inline; border-top: 0px; border-right: 0px; padding-top: 0px\" title=\"nico_MG_9762\" border=\"0\" alt=\"nico_MG_9762\" src=\"https:\/\/bobvarela.com\/wp-content\/uploads\/2012\/06\/nico_MG_9762_thumb.jpg\" width=\"124\" height=\"181\"\/><\/a><a href=\"https:\/\/bobvarela.com\/wp-content\/uploads\/2012\/06\/nico_MG_9769.jpg\"><img loading=\"lazy\" decoding=\"async\" style=\"background-image: none; border-bottom: 0px; border-left: 0px; margin: 0px; padding-left: 0px; padding-right: 0px; display: inline; border-top: 0px; border-right: 0px; padding-top: 0px\" title=\"nico_MG_9769\" border=\"0\" alt=\"nico_MG_9769\" src=\"https:\/\/bobvarela.com\/wp-content\/uploads\/2012\/06\/nico_MG_9769_thumb.jpg\" width=\"124\" height=\"184\"\/><\/a><a href=\"https:\/\/bobvarela.com\/wp-content\/uploads\/2012\/06\/NICOLE_CLOSEUP_DSC_0840.jpg\"><img loading=\"lazy\" decoding=\"async\" style=\"background-image: none; border-bottom: 0px; border-left: 0px; padding-left: 0px; padding-right: 0px; display: inline; border-top: 0px; border-right: 0px; padding-top: 0px\" title=\"NICOLE_CLOSEUP_DSC_0840\" border=\"0\" alt=\"NICOLE_CLOSEUP_DSC_0840\" src=\"https:\/\/bobvarela.com\/wp-content\/uploads\/2012\/06\/NICOLE_CLOSEUP_DSC_0840_thumb.jpg\" width=\"124\" height=\"184\"\/><\/a> <\/p>\n<p align=\"justify\"><font size=\"3\">Nicole fue seleccionada en febrero por Reinas de la Belleza y tiene la encomienda de hacer notar a Puerto Rico por lo que para la competencia de traje t\u00edpico o de fantas\u00eda Angel Rodr\u00edguez se inspiro en combinar la frescura de la flora del Yunque con la seguridad y confianza de la Cacica Yuisa, mujer ta\u00edna que se destaco para la \u00e9poca de los espa\u00f1oles.<\/font> <\/p>\n<p align=\"justify\"><font size=\"3\">Su ajuar esta compuesto de con moda de los dise\u00f1adores Angel Guzm\u00e1n, Sonia Santiago y Marisol Guillont, de quien lucir\u00e1 el vestido de la Gala Final.&nbsp; Complementan su ajuar accesorios de Abimael Ort\u00edz y Nicole Albino, mientras lucir\u00e1 su esbelta figura en dise\u00f1os de Agua Bendita y por Mar\u00eda Gabriela para Piscis.<\/font> <\/p>\n<p align=\"center\"><a href=\"https:\/\/bobvarela.com\/wp-content\/uploads\/2012\/06\/nico_MG_9772.jpg\"><img loading=\"lazy\" decoding=\"async\" style=\"background-image: none; border-bottom: 0px; border-left: 0px; padding-left: 0px; padding-right: 0px; display: inline; border-top: 0px; border-right: 0px; padding-top: 0px\" title=\"nico_MG_9772\" border=\"0\" alt=\"nico_MG_9772\" src=\"https:\/\/bobvarela.com\/wp-content\/uploads\/2012\/06\/nico_MG_9772_thumb.jpg\" width=\"286\" height=\"171\"\/><\/a> <\/p>\n<p align=\"justify\"><font size=\"3\">Cabe destacar que Nicole se ha destacado en pasarelas locales asi como campa\u00f1as publicitarias mientras colabora de reportera para la Revista Moda MIa y Miss Puerto Rico Beauty Journal. <\/font> <\/p>\n<p align=\"justify\"><font size=\"3\">Para votaciones pueden acceder: <\/font><a href=\"https:\/\/www.misspanamerican.com\"><font size=\"3\">www.misspanamerican.com<\/font><\/a><font size=\"3\">,&nbsp; La noche final ser\u00e1 celebrada el pr\u00f3ximo s\u00e1bado 30 de junio en el Crowne Plaza Commerce Casino en Los Angeles, California donde Naomi Marroquin (quien participo en esta edici\u00f3n de Nuestra Belleza Latina) entregar\u00e1 su corona.<\/font><\/p>\n","protected":false},"excerpt":{"rendered":"<p>Nicole Col\u00f3n de Aibonito y con 19 a\u00f1os de edad parti\u00f3 el domingo 24 de junio rumbo a Los Angeles, California en busca de conquistar la coronade Miss Panamerican International para Puerto Rico. MIss Panamerican International es un evento con&hellip;<\/p>\n<p class=\"more-link-p\"><a class=\"more-link\" href=\"https:\/\/bobvarela.com\/?p=38279\">Read more &rarr;<\/a><\/p>\n","protected":false},"author":1,"featured_media":0,"comment_status":"open","ping_status":"open","sticky":false,"template":"","format":"standard","meta":{"ngg_post_thumbnail":0,"footnotes":""},"categories":[5],"tags":[],"class_list":["post-38279","post","type-post","status-publish","format-standard","hentry","category-concursos"],"_links":{"self":[{"href":"https:\/\/bobvarela.com\/index.php?rest_route=\/wp\/v2\/posts\/38279","targetHints":{"allow":["GET"]}}],"collection":[{"href":"https:\/\/bobvarela.com\/index.php?rest_route=\/wp\/v2\/posts"}],"about":[{"href":"https:\/\/bobvarela.com\/index.php?rest_route=\/wp\/v2\/types\/post"}],"author":[{"embeddable":true,"href":"https:\/\/bobvarela.com\/index.php?rest_route=\/wp\/v2\/users\/1"}],"replies":[{"embeddable":true,"href":"https:\/\/bobvarela.com\/index.php?rest_route=%2Fwp%2Fv2%2Fcomments&post=38279"}],"version-history":[{"count":1,"href":"https:\/\/bobvarela.com\/index.php?rest_route=\/wp\/v2\/posts\/38279\/revisions"}],"predecessor-version":[{"id":38280,"href":"https:\/\/bobvarela.com\/index.php?rest_route=\/wp\/v2\/posts\/38279\/revisions\/38280"}],"wp:attachment":[{"href":"https:\/\/bobvarela.com\/index.php?rest_route=%2Fwp%2Fv2%2Fmedia&parent=38279"}],"wp:term":[{"taxonomy":"category","embeddable":true,"href":"https:\/\/bobvarela.com\/index.php?rest_route=%2Fwp%2Fv2%2Fcategories&post=38279"},{"taxonomy":"post_tag","embeddable":true,"href":"https:\/\/bobvarela.com\/index.php?rest_route=%2Fwp%2Fv2%2Ftags&post=38279"}],"curies":[{"name":"wp","href":"https:\/\/api.w.org\/{rel}","templated":true}]}}