{"id":38747,"date":"2012-07-02T18:04:27","date_gmt":"2012-07-02T22:04:27","guid":{"rendered":"https:\/\/bobvarela.com\/?p=38747"},"modified":"2012-07-02T18:04:29","modified_gmt":"2012-07-02T22:04:29","slug":"the-blonds-espectacular-cierre-del-puerto-rico-high-fashion-week-en-septiembre-2012","status":"publish","type":"post","link":"https:\/\/bobvarela.com\/?p=38747","title":{"rendered":"The Blonds, espectacular cierre del Puerto Rico High Fashion Week en septiembre 2012"},"content":{"rendered":"<p align=\"justify\"><font size=\"3\">San Juan, PR \u2013 El Puerto Rico High Fashion Week, a celebrase en septiembre, cerrar\u00e1 con broche de oro su pr\u00f3xima edici\u00f3n con el exclusivo desfile de The Blonds, invitados internacionales de este a\u00f1o, directamente desde New York y quienes se presentan por primera vez en la Isla.<\/font><\/p>\n<p align=\"justify\"><font size=\"3\">The Blonds fue fundado en el 2007 por el d\u00fao de dise\u00f1adores David y Phillipe Blond en New York. Sus colecciones, radicales y glamorosas, se destacan por el uso de corsets, cristales, cadenas y puyas, entre otros elementos, que crean un espect\u00e1culo \u00fanico. Este estilo particular los ha llevado a ser uno de los favoritos entre celebridades como Lady Gaga, Rihanna, Katy Perry, Sarah Jessica Parker, Nicki Minaj, Jennifer L\u00f3pez, Fergie, Christina Aguilera y Beyonce, entre otras. Sus creaciones han sido publicadas en varias de las principales revistas de moda como Vogue (Italia), Prestige (Asia) y GQ (Alemania) y modeladas por s\u00faper modelos de la talla de Giselle B\u00fcndchen, Iman Ali y Naomi Campbell.<\/font><\/p>\n<p align=\"justify\"><a href=\"https:\/\/bobvarela.com\/wp-content\/uploads\/2012\/07\/MG_1320.jpg\"><img loading=\"lazy\" decoding=\"async\" style=\"background-image: none; border-bottom: 0px; border-left: 0px; margin: 0px; padding-left: 0px; padding-right: 0px; display: inline; border-top: 0px; border-right: 0px; padding-top: 0px\" title=\"_MG_1320\" border=\"0\" alt=\"_MG_1320\" src=\"https:\/\/bobvarela.com\/wp-content\/uploads\/2012\/07\/MG_1320_thumb.jpg\" width=\"124\" height=\"184\" \/><\/a><a href=\"https:\/\/bobvarela.com\/wp-content\/uploads\/2012\/07\/MG_1388.jpg\"><img loading=\"lazy\" decoding=\"async\" style=\"background-image: none; border-bottom: 0px; border-left: 0px; margin: 0px; padding-left: 0px; padding-right: 0px; display: inline; border-top: 0px; border-right: 0px; padding-top: 0px\" title=\"_MG_1388\" border=\"0\" alt=\"_MG_1388\" src=\"https:\/\/bobvarela.com\/wp-content\/uploads\/2012\/07\/MG_1388_thumb.jpg\" width=\"124\" height=\"184\" \/><\/a><a href=\"https:\/\/bobvarela.com\/wp-content\/uploads\/2012\/07\/MG_1563.jpg\"><img loading=\"lazy\" decoding=\"async\" style=\"background-image: none; border-bottom: 0px; border-left: 0px; margin: 0px; padding-left: 0px; padding-right: 0px; display: inline; border-top: 0px; border-right: 0px; padding-top: 0px\" title=\"_MG_1563\" border=\"0\" alt=\"_MG_1563\" src=\"https:\/\/bobvarela.com\/wp-content\/uploads\/2012\/07\/MG_1563_thumb.jpg\" width=\"124\" height=\"184\" \/><\/a><a href=\"https:\/\/bobvarela.com\/wp-content\/uploads\/2012\/07\/Blonds-SS-2012-10A.jpg\"><img loading=\"lazy\" decoding=\"async\" style=\"background-image: none; border-bottom: 0px; border-left: 0px; margin: 0px; padding-left: 0px; padding-right: 0px; display: inline; border-top: 0px; border-right: 0px; padding-top: 0px\" title=\"THE BLONDS SS12 NEW YORK 9\/14\/2011\" border=\"0\" alt=\"THE BLONDS SS12 NEW YORK 9\/14\/2011\" src=\"https:\/\/bobvarela.com\/wp-content\/uploads\/2012\/07\/Blonds-SS-2012-10A_thumb.jpg\" width=\"124\" height=\"184\" \/><\/a><a href=\"https:\/\/bobvarela.com\/wp-content\/uploads\/2012\/07\/David-Phillipe-Blond.jpg\"><img loading=\"lazy\" decoding=\"async\" style=\"background-image: none; border-bottom: 0px; border-left: 0px; padding-left: 0px; padding-right: 0px; display: inline; border-top: 0px; border-right: 0px; padding-top: 0px\" title=\"David-&amp;-Phillipe-Blond\" border=\"0\" alt=\"David-&amp;-Phillipe-Blond\" src=\"https:\/\/bobvarela.com\/wp-content\/uploads\/2012\/07\/David-Phillipe-Blond_thumb.jpg\" width=\"124\" height=\"184\" \/><\/a><\/p>\n<p align=\"justify\"><b><font size=\"3\">Una retrospectiva en la carrera de <i>The Blonds<\/i>:<\/font><\/b><\/p>\n<p align=\"justify\"><font size=\"3\">\u00b7 <b>2008<\/b> \u2013 Recibieron una nominaci\u00f3n por sus dise\u00f1os para mujer al premio \u201cFashion Group International Rising Star\u201d.<\/font><\/p>\n<p align=\"justify\"><font size=\"3\">\u00b7 <b>2009 <\/b>&#8211; Fueron los dise\u00f1adores seleccionados para presentarse en el \u201cBaile por la Vida\u201d (\u201cLife Ball\u201d), en Viena, Austria; uno de los mayores acontecimientos en el mundo, que recauda fondos para pacientes de SIDA o VIH. <\/font><\/p>\n<p align=\"justify\"><font size=\"3\">\u00b7 <b>2009<\/b> \u2013 Sus dise\u00f1os para mujer les hicieron merecedores de la prestigiosa beca que otorga la Fundaci\u00f3n Ecco Domani a dise\u00f1adores emergentes, premio que incluye presentarse en el New York Fashion Week, donde desde entonces han exhibido exitosamente desfile tras desfile. Entre los dise\u00f1adores que han ganado esta beca en el comienzo de sus carreras se destacan Zac Posen, Proenza Schouler, Rodarte y Alexander Wang. <\/font><\/p>\n<p align=\"justify\"><font size=\"3\">\u00b7 <b>2010<\/b> &#8211; Realizaron una colaboraci\u00f3n con Mattel Barbie para crear su propia l\u00ednea de mu\u00f1ecas.<\/font><\/p>\n<p align=\"justify\"><font size=\"3\">\u00b7 <b>2011<\/b> \u2013 Se aliaron a Playboy para crear una colecci\u00f3n basada en sus famosas \u201cconejitas\u201d, la cual presentaron en su desfile primavera\/verano 2012.<\/font><\/p>\n<p align=\"justify\"><font size=\"3\">Adem\u00e1s, este a\u00f1o, por tercera ocasi\u00f3n consecutiva, tendr\u00e1n a su cargo el desfile de cierre en el New York Fashion Week, justo antes de visitar Puerto Rico.<\/font><\/p>\n<p align=\"justify\"><font size=\"3\">Cabe destacar que Phillipe es de origen puertorrique\u00f1o y David es tambi\u00e9n hispano. <\/font><\/p>\n<p align=\"justify\"><font size=\"3\">M\u00e1s informaci\u00f3n sobre <i>The Blonds<\/i> disponible en su p\u00e1gina web: www.theblondsnewyork.com.<\/font><\/p>\n","protected":false},"excerpt":{"rendered":"<p>San Juan, PR \u2013 El Puerto Rico High Fashion Week, a celebrase en septiembre, cerrar\u00e1 con broche de oro su pr\u00f3xima edici\u00f3n con el exclusivo desfile de The Blonds, invitados internacionales de este a\u00f1o, directamente desde New York y quienes&hellip;<\/p>\n<p class=\"more-link-p\"><a class=\"more-link\" href=\"https:\/\/bobvarela.com\/?p=38747\">Read more &rarr;<\/a><\/p>\n","protected":false},"author":1,"featured_media":0,"comment_status":"open","ping_status":"open","sticky":false,"template":"","format":"standard","meta":{"ngg_post_thumbnail":0,"footnotes":""},"categories":[4],"tags":[],"class_list":["post-38747","post","type-post","status-publish","format-standard","hentry","category-moda"],"_links":{"self":[{"href":"https:\/\/bobvarela.com\/index.php?rest_route=\/wp\/v2\/posts\/38747","targetHints":{"allow":["GET"]}}],"collection":[{"href":"https:\/\/bobvarela.com\/index.php?rest_route=\/wp\/v2\/posts"}],"about":[{"href":"https:\/\/bobvarela.com\/index.php?rest_route=\/wp\/v2\/types\/post"}],"author":[{"embeddable":true,"href":"https:\/\/bobvarela.com\/index.php?rest_route=\/wp\/v2\/users\/1"}],"replies":[{"embeddable":true,"href":"https:\/\/bobvarela.com\/index.php?rest_route=%2Fwp%2Fv2%2Fcomments&post=38747"}],"version-history":[{"count":1,"href":"https:\/\/bobvarela.com\/index.php?rest_route=\/wp\/v2\/posts\/38747\/revisions"}],"predecessor-version":[{"id":38748,"href":"https:\/\/bobvarela.com\/index.php?rest_route=\/wp\/v2\/posts\/38747\/revisions\/38748"}],"wp:attachment":[{"href":"https:\/\/bobvarela.com\/index.php?rest_route=%2Fwp%2Fv2%2Fmedia&parent=38747"}],"wp:term":[{"taxonomy":"category","embeddable":true,"href":"https:\/\/bobvarela.com\/index.php?rest_route=%2Fwp%2Fv2%2Fcategories&post=38747"},{"taxonomy":"post_tag","embeddable":true,"href":"https:\/\/bobvarela.com\/index.php?rest_route=%2Fwp%2Fv2%2Ftags&post=38747"}],"curies":[{"name":"wp","href":"https:\/\/api.w.org\/{rel}","templated":true}]}}