{"id":38755,"date":"2012-07-02T18:32:38","date_gmt":"2012-07-02T22:32:38","guid":{"rendered":"https:\/\/bobvarela.com\/?p=38755"},"modified":"2012-07-02T18:32:41","modified_gmt":"2012-07-02T22:32:41","slug":"miss-panamerican-2012-regresa-a-puerto-rico","status":"publish","type":"post","link":"https:\/\/bobvarela.com\/?p=38755","title":{"rendered":"MISS PANAMERICAN 2012  REGRESA A PUERTO RICO"},"content":{"rendered":"<p align=\"center\"><font size=\"3\"><a href=\"https:\/\/bobvarela.com\/wp-content\/uploads\/2012\/07\/cid_tie_8CF2645BCED7A9C_17DC_2F3C0.jpg\"><img loading=\"lazy\" decoding=\"async\" style=\"background-image: none; border-bottom: 0px; border-left: 0px; padding-left: 0px; padding-right: 0px; display: inline; border-top: 0px; border-right: 0px; padding-top: 0px\" title=\"!cid_tie_8CF2645BCED7A9C_17DC_2F3C0\" border=\"0\" alt=\"!cid_tie_8CF2645BCED7A9C_17DC_2F3C0\" src=\"https:\/\/bobvarela.com\/wp-content\/uploads\/2012\/07\/cid_tie_8CF2645BCED7A9C_17DC_2F3C0_thumb.jpg\" width=\"388\" height=\"285\" \/><\/a><\/font><\/p>\n<p align=\"justify\"><font size=\"3\"><\/font><\/p>\n<p align=\"justify\"><font size=\"3\">Nicole Marie Col\u00f3n de Puerto rico se convirti\u00f3 el 30 de junio en Miss Panamerican International 2012, una competencia que busca fomentar las buenas relaciones entre los pa\u00edses hispanos y promoverlos como destino tur\u00edstico. Esta competencia se llevo a cabo en el Hotel Crowne Plaza Commerce Casino en California .<\/font><\/p>\n<p align=\"justify\"><font size=\"3\">Luego del n\u00famero de apertura, se presentaron las competencias de:traje t\u00edpico donde Nicole lucio un dise\u00f1o de Angel Rodr\u00edguez, trajes de ba\u00f1o y el desfile de Gala donde Nicole desfilo en un dise\u00f1o de Marisol Guillont. <\/font><\/p>\n<p align=\"justify\"><font size=\"3\">Cabe destacar que la sonrisa y naturaliad de Nicole se complemento <\/font><font size=\"3\">en un dise\u00f1o de Angel Guzm\u00e1n para la entrevista de jurados.<\/font><font size=\"3\">El cuadro de finalistas estuvo compuesto por:<\/font><font size=\"3\">Costa Rica-Faviana Granados(primera finalista), Brasil-Joice Ferreira(segunda finalista), <\/font><font size=\"3\">Venezuela-Tanya del Solar(tercera finalista) y USA-Mariana Cerda(cuarta finalista).<\/font><\/p>\n<p align=\"center\"><a href=\"https:\/\/bobvarela.com\/wp-content\/uploads\/2012\/07\/MISSPANAMERICAN01.jpg\"><img loading=\"lazy\" decoding=\"async\" style=\"background-image: none; border-bottom: 0px; border-left: 0px; padding-left: 0px; padding-right: 0px; display: inline; border-top: 0px; border-right: 0px; padding-top: 0px\" title=\"MISSPANAMERICAN01\" border=\"0\" alt=\"MISSPANAMERICAN01\" src=\"https:\/\/bobvarela.com\/wp-content\/uploads\/2012\/07\/MISSPANAMERICAN01_thumb.jpg\" width=\"214\" height=\"327\" \/><\/a><\/p>\n<p align=\"justify\"><b><font size=\"3\">TARDE DE CELEBRIDADES<\/font><\/b><\/p>\n<p align=\"justify\"><font size=\"3\">MISS PANAMERICAN INTERNATIONAL se paseo en su primer d\u00eda de reinado<\/font><font size=\"3\">con su bandera de Puerto Rico por el Hollywood Walk of Fame donde poso con<\/font><font size=\"3\">varios iconos de la industria del cine. Adem\u00e1s aprovecho la oportunidad para visitar <\/font><font size=\"3\">el Graumans Theatre y el Griffith Park Observatory donde compartio con varios fan\u00e1ticos.<\/font><\/p>\n<p align=\"justify\"><b><font size=\"3\"><a href=\"https:\/\/bobvarela.com\/wp-content\/uploads\/2012\/07\/MISSPANAMERICAN02.jpg\"><img loading=\"lazy\" decoding=\"async\" style=\"background-image: none; border-bottom: 0px; border-left: 0px; padding-left: 0px; padding-right: 0px; display: block; float: none; margin-left: auto; border-top: 0px; margin-right: auto; border-right: 0px; padding-top: 0px\" title=\"MISSPANAMERICAN02\" border=\"0\" alt=\"MISSPANAMERICAN02\" src=\"https:\/\/bobvarela.com\/wp-content\/uploads\/2012\/07\/MISSPANAMERICAN02_thumb.jpg\" width=\"218\" height=\"278\" \/><\/a><\/font><\/b><\/p>\n<p align=\"justify\"><b><font size=\"3\">DE REGRESO A CASA<\/font><\/b><\/p>\n<p align=\"justify\"><font size=\"3\">Nicole Col\u00f3n, regresa a casa triunfadora con la corona de Miss Panamerican<\/font><font size=\"3\">el martes 3 de julio por US Airways a las 1:30 en el vuelo 1032.<\/font><\/p>\n","protected":false},"excerpt":{"rendered":"<p>Nicole Marie Col\u00f3n de Puerto rico se convirti\u00f3 el 30 de junio en Miss Panamerican International 2012, una competencia que busca fomentar las buenas relaciones entre los pa\u00edses hispanos y promoverlos como destino tur\u00edstico. Esta competencia se llevo a cabo&hellip;<\/p>\n<p class=\"more-link-p\"><a class=\"more-link\" href=\"https:\/\/bobvarela.com\/?p=38755\">Read more &rarr;<\/a><\/p>\n","protected":false},"author":1,"featured_media":0,"comment_status":"open","ping_status":"open","sticky":false,"template":"","format":"standard","meta":{"ngg_post_thumbnail":0,"footnotes":""},"categories":[1],"tags":[],"class_list":["post-38755","post","type-post","status-publish","format-standard","hentry","category-uncategorized"],"_links":{"self":[{"href":"https:\/\/bobvarela.com\/index.php?rest_route=\/wp\/v2\/posts\/38755","targetHints":{"allow":["GET"]}}],"collection":[{"href":"https:\/\/bobvarela.com\/index.php?rest_route=\/wp\/v2\/posts"}],"about":[{"href":"https:\/\/bobvarela.com\/index.php?rest_route=\/wp\/v2\/types\/post"}],"author":[{"embeddable":true,"href":"https:\/\/bobvarela.com\/index.php?rest_route=\/wp\/v2\/users\/1"}],"replies":[{"embeddable":true,"href":"https:\/\/bobvarela.com\/index.php?rest_route=%2Fwp%2Fv2%2Fcomments&post=38755"}],"version-history":[{"count":1,"href":"https:\/\/bobvarela.com\/index.php?rest_route=\/wp\/v2\/posts\/38755\/revisions"}],"predecessor-version":[{"id":38756,"href":"https:\/\/bobvarela.com\/index.php?rest_route=\/wp\/v2\/posts\/38755\/revisions\/38756"}],"wp:attachment":[{"href":"https:\/\/bobvarela.com\/index.php?rest_route=%2Fwp%2Fv2%2Fmedia&parent=38755"}],"wp:term":[{"taxonomy":"category","embeddable":true,"href":"https:\/\/bobvarela.com\/index.php?rest_route=%2Fwp%2Fv2%2Fcategories&post=38755"},{"taxonomy":"post_tag","embeddable":true,"href":"https:\/\/bobvarela.com\/index.php?rest_route=%2Fwp%2Fv2%2Ftags&post=38755"}],"curies":[{"name":"wp","href":"https:\/\/api.w.org\/{rel}","templated":true}]}}