{"id":38782,"date":"2012-07-02T19:53:23","date_gmt":"2012-07-02T23:53:23","guid":{"rendered":"https:\/\/bobvarela.com\/?p=38782"},"modified":"2012-07-02T19:53:25","modified_gmt":"2012-07-02T23:53:25","slug":"seleccionados-nuevos-diseadores-para-el-puerto-rico-high-fashion-week-3","status":"publish","type":"post","link":"https:\/\/bobvarela.com\/?p=38782","title":{"rendered":"Seleccionados nuevos dise&ntilde;adores para el Puerto Rico High Fashion Week"},"content":{"rendered":"<p align=\"justify\"><font size=\"3\">San Juan, PR \u2013 <b>Puerto Rico High Fashion Week (PRHFW),<\/b> el evento nacional de la moda, que celebrar\u00e1 su pr\u00f3xima edici\u00f3n del 20 al 22 de septiembre, revel\u00f3 los nombres de los dise\u00f1adores <b>\u201cThe New Generation\u201d<\/b> seleccionados en una reciente audici\u00f3n.<\/font> <\/p>\n<p align=\"justify\"><font size=\"3\">Alana Sol\u00e1, David (Dee) Serret, Joseph Da\u2019ponte, Marian Toledo y Ruscherly Huyke, exhibir\u00e1n sus l\u00edneas por primera vez en esta prestigiosa pasarela junto a Ghabriello Fernando, H\u00e9ctor Omar, Jackie Tejada, Richard Cotto y Sof\u00eda Arana, dise\u00f1adores que ya han presentado en <b>PRHFW<\/b> bajo esta categor\u00eda. \u201cEste a\u00f1o hemos encontrado mucho talento, fue un poco dif\u00edcil el <i>casting<\/i> para escoger a los dise\u00f1adores que van a participar en <b><i>The New Generation<\/i><\/b>, pero estamos bien contentos. Hay mucho talento nuevo y diferente; creo que va a ser una excelente propuesta para el pr\u00f3ximo <b>PRHFW<\/b>\u201d, opin\u00f3 el dise\u00f1ador top Eddie Guerrero, quien particip\u00f3 como juez en el proceso de selecci\u00f3n de estos dise\u00f1adores.<\/font> <\/p>\n<p align=\"justify\"><font size=\"3\">Por su parte, Caridad Fern\u00e1ndez, presidenta del evento, adelant\u00f3 que la semana de la moda vendr\u00e1 llena de sorpresas, las cuales ser\u00e1n anunciadas m\u00e1s adelante.<\/font> <\/p>\n<p align=\"justify\"><font size=\"3\">El <b>Puerto Rico High Fashion Week<\/b>, fundado en el a\u00f1o 2005, es el evento nacional de la moda. En el evento se presentan los m\u00e1s importantes dise\u00f1adores de moda del patio, incluyendo a los m\u00e1s prometedores talentos j\u00f3venes, as\u00ed como destacados dise\u00f1adores internacionales. <\/font><\/p>\n<p align=\"justify\"><font size=\"3\">Para m\u00e1s informaci\u00f3n sobre el evento, puede llamar al (787) 723-8866 \u00f3 visitar la p\u00e1gina en Facebook: Puerto Rico High Fashion Week.<\/font> <\/p>\n<p align=\"justify\"><font size=\"4\"><b>Conoce a The New Generation \u2013 Puerto Rico High <\/b><b>Fashion Week 2012<\/b><\/font> <\/p>\n<p><b><font size=\"4\">Alana Sol\u00e1<\/font><\/b> <\/p>\n<div align=\"justify\">\n<table border=\"0\" cellspacing=\"0\" cellpadding=\"2\" width=\"629\">\n<tbody>\n<tr>\n<td valign=\"top\" width=\"113\"><a href=\"https:\/\/bobvarela.com\/wp-content\/uploads\/2012\/07\/clip_image002.jpg\"><font size=\"3\"><img loading=\"lazy\" decoding=\"async\" style=\"background-image: none; border-right-width: 0px; padding-left: 0px; padding-right: 0px; display: inline; border-top-width: 0px; border-bottom-width: 0px; border-left-width: 0px; padding-top: 0px\" title=\"clip_image002\" border=\"0\" alt=\"clip_image002\" src=\"https:\/\/bobvarela.com\/wp-content\/uploads\/2012\/07\/clip_image002_thumb.jpg\" width=\"179\" height=\"246\" \/><\/font><\/a><\/td>\n<td valign=\"top\" width=\"514\">\n<p align=\"justify\"><font size=\"3\">Comenz\u00f3 a estudiar dise\u00f1o de moda a los 15 a\u00f1os en Centro Moda: Lisa Thon. Para sus estudios universitarios se traslad\u00f3 a Savannah College of Art &amp; Design en Georgia y realiz\u00f3 internados con Elie Tahari y Anna Sui en New York.                <\/p>\n<p>Recientemente trabaj\u00f3 junto al stylist Bernat Buscato como asistente de Isabel y Rub\u00e9n Toledo en sus presentaciones en Puerto Rico High Fashion Week y el Miami Funkshow. Alana describe su est\u00e9tica como estructuras l\u00edquidas donde lo org\u00e1nico es protag\u00f3nico.<\/font><\/p>\n<\/td>\n<\/tr>\n<\/tbody>\n<\/table><\/div>\n<p><b><\/b><\/p>\n<p>&#160;<b><font size=\"4\">David Serret<\/font><\/b><\/p>\n<table border=\"0\" cellspacing=\"0\" cellpadding=\"2\" width=\"629\">\n<tbody>\n<tr>\n<td valign=\"top\" width=\"200\"><a href=\"https:\/\/bobvarela.com\/wp-content\/uploads\/2012\/07\/clip_image004.jpg\"><img loading=\"lazy\" decoding=\"async\" style=\"background-image: none; border-right-width: 0px; padding-left: 0px; padding-right: 0px; display: inline; border-top-width: 0px; border-bottom-width: 0px; border-left-width: 0px; padding-top: 0px\" title=\"clip_image004\" border=\"0\" alt=\"clip_image004\" src=\"https:\/\/bobvarela.com\/wp-content\/uploads\/2012\/07\/clip_image004_thumb.jpg\" width=\"175\" height=\"270\" \/><\/a><\/td>\n<td valign=\"top\" width=\"427\">\n<p align=\"justify\"><font size=\"3\">David Serret, conocido en la industria como deeSerret, comenz\u00f3 estudios en Arquitectura, pero luego se traslad\u00f3 a la Escuela de Artes Pl\u00e1sticas, donde cursa su Bachillerato en Dise\u00f1o de Modas. Ha colaborado con los dise\u00f1adores H\u00e9ctor Omar y Fabi\u00e1n De la Fuente. Adem\u00e1s, dise\u00f1a y confecciona piezas para presentaciones de danza.<\/font><\/p>\n<p align=\"justify\"><font size=\"3\">Su estilo lo considera experimental y avant garde; gusta mezclar diversos materiales con telas.<\/font><\/p>\n<\/td>\n<\/tr>\n<\/tbody>\n<\/table>\n<p align=\"justify\"><font size=\"3\"><\/font><\/p>\n<p align=\"justify\"><b><font size=\"4\">H\u00e9ctor Omar<\/font><\/b><\/p>\n<table border=\"0\" cellspacing=\"0\" cellpadding=\"2\" width=\"630\">\n<tbody>\n<tr>\n<td valign=\"top\" width=\"200\"><a href=\"https:\/\/bobvarela.com\/wp-content\/uploads\/2012\/07\/clip_image006.jpg\"><img loading=\"lazy\" decoding=\"async\" style=\"background-image: none; border-right-width: 0px; padding-left: 0px; padding-right: 0px; display: inline; border-top-width: 0px; border-bottom-width: 0px; border-left-width: 0px; padding-top: 0px\" title=\"clip_image006\" border=\"0\" alt=\"clip_image006\" src=\"https:\/\/bobvarela.com\/wp-content\/uploads\/2012\/07\/clip_image006_thumb.jpg\" width=\"197\" height=\"315\" \/><\/a><\/td>\n<td valign=\"top\" width=\"428\">\n<p align=\"justify\"><font size=\"3\">H\u00e9ctor Omar comenz\u00f3 estudios en arte en la Escuela de Artes Visuales. M\u00e1s tarde curs\u00f3 estudios en Bellas Artes en la Universidad de Puerto Rico, Dise\u00f1o de Calzado y Accesorios en el Fashion Institute of Technology en New York y un Grado Asociado en Dise\u00f1o de Moda Digital en EDP College. <\/font><\/p>\n<p align=\"justify\"><font size=\"3\">En 2011 fue elegido por la revista Imagen como la mejor colecci\u00f3n del grupo The New Generation en el PRHFW. Como parte de esta distinci\u00f3n, viajar\u00e1 a presentar su desfile en el Caribbean Fashion Week, en Rep\u00fablica Dominicana, durante este verano. <\/font><\/p>\n<p align=\"justify\"><font size=\"3\">Sus dise\u00f1os son \u00fanicos y cada una de sus piezas posee un estilo moderno\/minimalista, con \u00e9nfasis en la individualidad, vanguardismo, poder, misterio y la energ\u00eda de cada persona que lo utiliza. Su base arquitect\u00f3nica contrasta con la suavidad del dise\u00f1o y crea un contraste con materiales tradicionales y no tradicionales. Disfruta de entremezclar opuestos para obtener un estilo singular.<\/font><\/p>\n<\/td>\n<\/tr>\n<\/tbody>\n<\/table>\n<p align=\"justify\"><b><font size=\"4\">Jackie Tejada<\/font><\/b><\/p>\n<table border=\"0\" cellspacing=\"0\" cellpadding=\"2\" width=\"632\">\n<tbody>\n<tr>\n<td valign=\"top\" width=\"200\"><a href=\"https:\/\/bobvarela.com\/wp-content\/uploads\/2012\/07\/clip_image008.jpg\"><img loading=\"lazy\" decoding=\"async\" style=\"background-image: none; border-right-width: 0px; padding-left: 0px; padding-right: 0px; display: inline; border-top-width: 0px; border-bottom-width: 0px; border-left-width: 0px; padding-top: 0px\" title=\"clip_image008\" border=\"0\" alt=\"clip_image008\" src=\"https:\/\/bobvarela.com\/wp-content\/uploads\/2012\/07\/clip_image008_thumb.jpg\" width=\"183\" height=\"272\" \/><\/a><\/td>\n<td valign=\"top\" width=\"430\">\n<p align=\"justify\"><font size=\"3\">Jackie Tejada curs\u00f3 estudios en la escuela de Carlota Alfaro. Cuenta con 15 a\u00f1os de experiencia en la industria de la moda. Se distingue por el dise\u00f1o de moda infantil y por las labores artesanales que integra en sus piezas, sobre todo, por el uso del \u201csmocking\u201d (bordado sobre fruncido).<\/font> <\/p>\n<p align=\"justify\"><font size=\"3\">En varias ocasiones ha sido reconocida a nivel nacional como artesana del a\u00f1o por el Instituto de Cultura Puertorrique\u00f1a, la Compa\u00f1\u00eda de Fomento Industrial y la Compa\u00f1\u00eda de Turismo de Puerto Rico.<\/font><\/p>\n<\/td>\n<\/tr>\n<\/tbody>\n<\/table>\n<p><b><\/b><\/p>\n<p><font size=\"4\">&#160;<b>Ruscherly Huyke<\/b><\/font><\/p>\n<table border=\"0\" cellspacing=\"0\" cellpadding=\"2\" width=\"637\">\n<tbody>\n<tr>\n<td valign=\"top\" width=\"200\"><a href=\"https:\/\/bobvarela.com\/wp-content\/uploads\/2012\/07\/clip_image010.jpg\"><img loading=\"lazy\" decoding=\"async\" style=\"background-image: none; border-right-width: 0px; padding-left: 0px; padding-right: 0px; display: inline; border-top-width: 0px; border-bottom-width: 0px; border-left-width: 0px; padding-top: 0px\" title=\"clip_image010\" border=\"0\" alt=\"clip_image010\" src=\"https:\/\/bobvarela.com\/wp-content\/uploads\/2012\/07\/clip_image010_thumb.jpg\" width=\"192\" height=\"228\" \/><\/a><\/td>\n<td valign=\"top\" width=\"435\">\n<p align=\"justify\"><font size=\"3\">Es graduada de la Escuela de Artes Pl\u00e1sticas, donde presidi\u00f3 el Departamento de Modas durante tres a\u00f1os. Adem\u00e1s, particip\u00f3 en el programa de verano de la prestigiosa Universidad Central Saint Martins de Londres. Fund\u00f3 su l\u00ednea Huyke a mediados del a\u00f1o 2008.<\/font> <\/p>\n<p align=\"justify\"><font size=\"3\">Su tesis fue basada en la Revoluci\u00f3n Francesa, tema que utiliz\u00f3 como inspiraci\u00f3n para crear la colecci\u00f3n que present\u00f3 en la pasada edici\u00f3n del Puerto Rico High Fashion Week, como parte de la primera graduaci\u00f3n de estudiantes de dise\u00f1o de modas de la Escuela de Artes Pl\u00e1sticas.<\/font><\/p>\n<\/td>\n<\/tr>\n<\/tbody>\n<\/table>\n<p><font size=\"3\"><\/font><\/p>\n<p><b><\/b><\/p>\n<p><b><font size=\"4\">Richard Cotto<\/font><\/b><\/p>\n<table border=\"0\" cellspacing=\"0\" cellpadding=\"2\" width=\"640\">\n<tbody>\n<tr>\n<td valign=\"top\" width=\"200\"><a href=\"https:\/\/bobvarela.com\/wp-content\/uploads\/2012\/07\/clip_image012.jpg\"><img loading=\"lazy\" decoding=\"async\" style=\"background-image: none; border-right-width: 0px; padding-left: 0px; padding-right: 0px; display: inline; border-top-width: 0px; border-bottom-width: 0px; border-left-width: 0px; padding-top: 0px\" title=\"clip_image012\" border=\"0\" alt=\"clip_image012\" src=\"https:\/\/bobvarela.com\/wp-content\/uploads\/2012\/07\/clip_image012_thumb.jpg\" width=\"177\" height=\"279\" \/><\/a><\/td>\n<td valign=\"top\" width=\"438\">\n<p align=\"justify\"><font size=\"3\">Richard Cotto curs\u00f3 estudios en Dise\u00f1o de Modas en la Escuela Internacional de Dise\u00f1o de la Universidad del Turabo. Actualmente contin\u00faa estudios en Dise\u00f1o Industrial. <\/font><\/p>\n<p align=\"justify\"><font size=\"3\">Entre sus labores destacadas se encuentran el haber ganado el \u201cProyecto Plazarela 2010\u201d y haber sido parte del grupo de dise\u00f1adores a cargo del ajuar de Miss Puerto Rico Universe. <\/font><\/p>\n<p align=\"justify\"><font size=\"3\">Richard adem\u00e1s ha trabajado en la coordinaci\u00f3n tras bastidores de m\u00faltiples eventos de moda y far\u00e1ndula tanto locales como internacionales. Adem\u00e1s, colabora y ha colaborado con varios dise\u00f1adores locales.<\/font><\/p>\n<\/td>\n<\/tr>\n<\/tbody>\n<\/table>\n<p><b><font size=\"3\">Ghabriello Fernando<\/font><\/b><\/p>\n<table border=\"0\" cellspacing=\"0\" cellpadding=\"2\" width=\"632\">\n<tbody>\n<tr>\n<td valign=\"top\" width=\"204\"><a href=\"https:\/\/bobvarela.com\/wp-content\/uploads\/2012\/07\/clip_image014.jpg\"><img loading=\"lazy\" decoding=\"async\" style=\"background-image: none; border-right-width: 0px; padding-left: 0px; padding-right: 0px; display: inline; border-top-width: 0px; border-bottom-width: 0px; border-left-width: 0px; padding-top: 0px\" title=\"clip_image014\" border=\"0\" alt=\"clip_image014\" src=\"https:\/\/bobvarela.com\/wp-content\/uploads\/2012\/07\/clip_image014_thumb.jpg\" width=\"193\" height=\"295\" \/><\/a><\/td>\n<td valign=\"top\" width=\"426\">\n<p align=\"justify\"><font size=\"3\">En su infancia, Ghabriello tuvo entrenamiento profesional como bailar\u00edn, lo que lo llev\u00f3 a confeccionar vestuarios para baile y teatro desde sus 16 a\u00f1os. <\/font><\/p>\n<p align=\"justify\"><font size=\"3\">Su preparaci\u00f3n profesional la realiza entre un Bachillerato en Historia del Arte en la Universidad de Puerto Rico y el estudio de dise\u00f1o y confecci\u00f3n de moda en la escuela de Carlota Alfaro. Adem\u00e1s, es el director de vestuario de la compa\u00f1\u00eda Guateque Ballet Folkl\u00f3rico de Puerto Rico mientras tambi\u00e9n colabora con el reconocido dise\u00f1ador Harry Robles. <\/font><\/p>\n<p align=\"justify\"><font size=\"3\">Fue invitado a participar en el Vancouver Fashion Week en Canad\u00e1 en febrero de este a\u00f1o.<\/font> <\/p>\n<\/td>\n<\/tr>\n<\/tbody>\n<\/table>\n<p><b><font size=\"4\">Joseph D\u2019aponte<\/font><\/b><\/p>\n<table border=\"0\" cellspacing=\"0\" cellpadding=\"2\" width=\"637\">\n<tbody>\n<tr>\n<td valign=\"top\" width=\"200\"><a href=\"https:\/\/bobvarela.com\/wp-content\/uploads\/2012\/07\/clip_image016.jpg\"><img loading=\"lazy\" decoding=\"async\" style=\"background-image: none; border-right-width: 0px; padding-left: 0px; padding-right: 0px; display: inline; border-top-width: 0px; border-bottom-width: 0px; border-left-width: 0px; padding-top: 0px\" title=\"clip_image016\" border=\"0\" alt=\"clip_image016\" src=\"https:\/\/bobvarela.com\/wp-content\/uploads\/2012\/07\/clip_image016_thumb.jpg\" width=\"199\" height=\"325\" \/><\/a><\/td>\n<td valign=\"top\" width=\"435\">\n<p align=\"justify\"><font size=\"3\">Joseph es un polifac\u00e9tico e incansable estudioso con preparaci\u00f3n en Producci\u00f3n Teatral, Idiomas, Comunicaciones y Dise\u00f1o de Moda. <\/font><\/p>\n<p align=\"justify\"><font size=\"3\">Adem\u00e1s de sus presentaciones y participaciones en eventos de moda, como el \u201cProyecto Plazarela 2010\u201d, se destaca tambi\u00e9n por sus colaboraciones como dresser, ujier y coordinador tras bastidores para los m\u00e1s importantes desfiles de moda realizados en la Isla, incluido el PRHFW. En el 2011 tuvo la oportunidad de asistir como vestuarista en el concierto de Britney Spears en Puerto Rico. <\/font><\/p>\n<p align=\"justify\"><font size=\"3\">El elemento distintivo en las piezas de Joseph es su concepto g\u00f3tico llevado al extremo, sin perder el sentido de la moda.<\/font><\/p>\n<\/td>\n<\/tr>\n<\/tbody>\n<\/table>\n<p><b><\/b><\/p>\n<p>&#160;<b><font size=\"4\">Marian Toledo<\/font><\/b><\/p>\n<table border=\"0\" cellspacing=\"0\" cellpadding=\"2\" width=\"636\">\n<tbody>\n<tr>\n<td valign=\"top\" width=\"200\"><a href=\"https:\/\/bobvarela.com\/wp-content\/uploads\/2012\/07\/clip_image018.jpg\"><img loading=\"lazy\" decoding=\"async\" style=\"background-image: none; border-right-width: 0px; padding-left: 0px; padding-right: 0px; display: inline; border-top-width: 0px; border-bottom-width: 0px; border-left-width: 0px; padding-top: 0px\" title=\"clip_image018\" border=\"0\" alt=\"clip_image018\" src=\"https:\/\/bobvarela.com\/wp-content\/uploads\/2012\/07\/clip_image018_thumb.jpg\" width=\"179\" height=\"291\" \/><\/a><\/td>\n<td valign=\"top\" width=\"434\">\n<p align=\"justify\"><b><\/b><font size=\"3\">El estilo de Marian es conceptual, influenciado por el arte, la historia y la literatura, as\u00ed como por Escocia y la Edad Media. Posee una Maestr\u00eda en Estudios Medievales del King\u2019s College en Londres, as\u00ed como estudios en moda de la Central Saint Martins College of Art and Design, tambi\u00e9n en Londres y en Dise\u00f1o de Modas en la Escuela de Artes Pl\u00e1sticas, donde adem\u00e1s trabaja como profesora.<b><\/b> <\/font><\/p>\n<p align=\"justify\"><font size=\"3\">Ha realizado internados con dise\u00f1adores como Louise Goldin, cuyas colecciones han sido presentadas en el London Fashion Week y a nivel local con Ecl\u00edptica. <\/font><\/p>\n<p align=\"justify\"><font size=\"3\">En el 2008 debut\u00f3 en la pasarela del PRHFW como una de las dise\u00f1adoras seleccionadas por AVON para su desfile <i>Intimas Collection<\/i> y sus dise\u00f1os estuvieron a la venta en el cat\u00e1logo de dicha firma.<\/font><\/p>\n<\/td>\n<\/tr>\n<\/tbody>\n<\/table>\n<p><b><\/b><\/p>\n<p>.<b><font size=\"4\">Sof\u00eda Arana<\/font><\/b> <\/p>\n<table border=\"0\" cellspacing=\"0\" cellpadding=\"2\" width=\"635\">\n<tbody>\n<tr>\n<td valign=\"top\" width=\"200\"><a href=\"https:\/\/bobvarela.com\/wp-content\/uploads\/2012\/07\/clip_image020.jpg\"><img loading=\"lazy\" decoding=\"async\" style=\"background-image: none; border-right-width: 0px; padding-left: 0px; padding-right: 0px; display: inline; border-top-width: 0px; border-bottom-width: 0px; border-left-width: 0px; padding-top: 0px\" title=\"clip_image020\" border=\"0\" alt=\"clip_image020\" src=\"https:\/\/bobvarela.com\/wp-content\/uploads\/2012\/07\/clip_image020_thumb.jpg\" width=\"192\" height=\"246\" \/><\/a><\/td>\n<td valign=\"top\" width=\"433\">\n<p align=\"justify\"><b><\/b><font size=\"3\">Comenz\u00f3 a estudiar Dise\u00f1o de Moda a sus 16 a\u00f1os en la escuela de Carlota Alfaro. Actualmente complementa su trabajo como dise\u00f1adora con estudios en Historia del Arte en la Universidad de Puerto Rico. <b><\/b><\/font><\/p>\n<p align=\"justify\"><font size=\"3\">En el 2009 comenz\u00f3 a darse a conocer en la industria local de la moda tras su participaci\u00f3n en el \u201cProyecto Plazarela.\u201d <\/font><\/p>\n<p align=\"justify\"><font size=\"3\">Adem\u00e1s de sus piezas de Alta Costura, desarrolla una l\u00ednea de ropa comercial disponible en la boutique Nativa.<\/font> <\/p>\n<\/td>\n<\/tr>\n<\/tbody>\n<\/table>\n","protected":false},"excerpt":{"rendered":"<p>San Juan, PR \u2013 Puerto Rico High Fashion Week (PRHFW), el evento nacional de la moda, que celebrar\u00e1 su pr\u00f3xima edici\u00f3n del 20 al 22 de septiembre, revel\u00f3 los nombres de los dise\u00f1adores \u201cThe New Generation\u201d seleccionados en una reciente&hellip;<\/p>\n<p class=\"more-link-p\"><a class=\"more-link\" href=\"https:\/\/bobvarela.com\/?p=38782\">Read more &rarr;<\/a><\/p>\n","protected":false},"author":1,"featured_media":0,"comment_status":"open","ping_status":"open","sticky":false,"template":"","format":"standard","meta":{"ngg_post_thumbnail":0,"footnotes":""},"categories":[4,295],"tags":[],"class_list":["post-38782","post","type-post","status-publish","format-standard","hentry","category-moda","category-puerto-rico"],"_links":{"self":[{"href":"https:\/\/bobvarela.com\/index.php?rest_route=\/wp\/v2\/posts\/38782","targetHints":{"allow":["GET"]}}],"collection":[{"href":"https:\/\/bobvarela.com\/index.php?rest_route=\/wp\/v2\/posts"}],"about":[{"href":"https:\/\/bobvarela.com\/index.php?rest_route=\/wp\/v2\/types\/post"}],"author":[{"embeddable":true,"href":"https:\/\/bobvarela.com\/index.php?rest_route=\/wp\/v2\/users\/1"}],"replies":[{"embeddable":true,"href":"https:\/\/bobvarela.com\/index.php?rest_route=%2Fwp%2Fv2%2Fcomments&post=38782"}],"version-history":[{"count":1,"href":"https:\/\/bobvarela.com\/index.php?rest_route=\/wp\/v2\/posts\/38782\/revisions"}],"predecessor-version":[{"id":38783,"href":"https:\/\/bobvarela.com\/index.php?rest_route=\/wp\/v2\/posts\/38782\/revisions\/38783"}],"wp:attachment":[{"href":"https:\/\/bobvarela.com\/index.php?rest_route=%2Fwp%2Fv2%2Fmedia&parent=38782"}],"wp:term":[{"taxonomy":"category","embeddable":true,"href":"https:\/\/bobvarela.com\/index.php?rest_route=%2Fwp%2Fv2%2Fcategories&post=38782"},{"taxonomy":"post_tag","embeddable":true,"href":"https:\/\/bobvarela.com\/index.php?rest_route=%2Fwp%2Fv2%2Ftags&post=38782"}],"curies":[{"name":"wp","href":"https:\/\/api.w.org\/{rel}","templated":true}]}}