{"id":40500,"date":"2012-07-07T19:47:52","date_gmt":"2012-07-07T23:47:52","guid":{"rendered":"https:\/\/bobvarela.com\/?p=40500"},"modified":"2012-07-07T19:48:22","modified_gmt":"2012-07-07T23:48:22","slug":"steven-tai-and-kilian-kerner-at-mercedes-benz-fashion-week-berlin-the-springsummer-2013-collections","status":"publish","type":"post","link":"https:\/\/bobvarela.com\/?p=40500","title":{"rendered":"STEVEN TAI and KILIAN KERNER at MERCEDES-BENZ FASHION WEEK BERLIN THE SPRING\/SUMMER 2013 COLLECTIONS"},"content":{"rendered":"<p><font size=\"3\"><strong>STEVEN TAI<\/strong><\/font><\/p>\n<p align=\"justify\"><font size=\"3\">Canadian designer Steven Tai is a 2011 graduate of Central Saint Martins. He has worked at companies such as Bless, Viktor &amp; Rolf and Stella McCartney. In 2012 he was invited to Hyeres where he won the prestigious Chloe prize. His work has already been featured in Vogue, Elle, Dazed and Confused and websites including We Are The Market and This is Paper. He draws inspiration from the mundane aspects of daily life that, in large urban cities are frequently overlooked.<\/font><\/p>\n<p align=\"justify\"><a href=\"https:\/\/bobvarela.com\/wp-content\/uploads\/2012\/07\/steven-tai_2178.jpg\"><img loading=\"lazy\" decoding=\"async\" style=\"background-image: none; border-bottom: 0px; border-left: 0px; margin: 0px; padding-left: 0px; padding-right: 0px; display: inline; border-top: 0px; border-right: 0px; padding-top: 0px\" title=\"SS13 BERLIN FASHION WEEK\" border=\"0\" alt=\"SS13 BERLIN FASHION WEEK\" src=\"https:\/\/bobvarela.com\/wp-content\/uploads\/2012\/07\/steven-tai_2178_thumb.jpg\" width=\"124\" height=\"184\" \/><\/a><a href=\"https:\/\/bobvarela.com\/wp-content\/uploads\/2012\/07\/steven-tai_2179.jpg\"><img loading=\"lazy\" decoding=\"async\" style=\"background-image: none; border-bottom: 0px; border-left: 0px; margin: 0px; padding-left: 0px; padding-right: 0px; display: inline; border-top: 0px; border-right: 0px; padding-top: 0px\" title=\"SS13 BERLIN FASHION WEEK\" border=\"0\" alt=\"SS13 BERLIN FASHION WEEK\" src=\"https:\/\/bobvarela.com\/wp-content\/uploads\/2012\/07\/steven-tai_2179_thumb.jpg\" width=\"124\" height=\"184\" \/><\/a><a href=\"https:\/\/bobvarela.com\/wp-content\/uploads\/2012\/07\/steven-tai_2180.jpg\"><img loading=\"lazy\" decoding=\"async\" style=\"background-image: none; border-bottom: 0px; border-left: 0px; margin: 0px; padding-left: 0px; padding-right: 0px; display: inline; border-top: 0px; border-right: 0px; padding-top: 0px\" title=\"SS13 BERLIN FASHION WEEK\" border=\"0\" alt=\"SS13 BERLIN FASHION WEEK\" src=\"https:\/\/bobvarela.com\/wp-content\/uploads\/2012\/07\/steven-tai_2180_thumb.jpg\" width=\"124\" height=\"184\" \/><\/a><a href=\"https:\/\/bobvarela.com\/wp-content\/uploads\/2012\/07\/steven-tai_2181.jpg\"><img loading=\"lazy\" decoding=\"async\" style=\"background-image: none; border-bottom: 0px; border-left: 0px; margin: 0px; padding-left: 0px; padding-right: 0px; display: inline; border-top: 0px; border-right: 0px; padding-top: 0px\" title=\"SS13 BERLIN FASHION WEEK\" border=\"0\" alt=\"SS13 BERLIN FASHION WEEK\" src=\"https:\/\/bobvarela.com\/wp-content\/uploads\/2012\/07\/steven-tai_2181_thumb.jpg\" width=\"124\" height=\"184\" \/><\/a><a href=\"https:\/\/bobvarela.com\/wp-content\/uploads\/2012\/07\/steven-tai_2182.jpg\"><img loading=\"lazy\" decoding=\"async\" style=\"background-image: none; border-bottom: 0px; border-left: 0px; margin: 0px; padding-left: 0px; padding-right: 0px; display: inline; border-top: 0px; border-right: 0px; padding-top: 0px\" title=\"SS13 BERLIN FASHION WEEK\" border=\"0\" alt=\"SS13 BERLIN FASHION WEEK\" src=\"https:\/\/bobvarela.com\/wp-content\/uploads\/2012\/07\/steven-tai_2182_thumb.jpg\" width=\"124\" height=\"184\" \/><\/a><a href=\"https:\/\/bobvarela.com\/wp-content\/uploads\/2012\/07\/steven-tai_2183.jpg\"><img loading=\"lazy\" decoding=\"async\" style=\"background-image: none; border-bottom: 0px; border-left: 0px; margin: 0px; padding-left: 0px; padding-right: 0px; display: inline; border-top: 0px; border-right: 0px; padding-top: 0px\" title=\"SS13 BERLIN FASHION WEEK\" border=\"0\" alt=\"SS13 BERLIN FASHION WEEK\" src=\"https:\/\/bobvarela.com\/wp-content\/uploads\/2012\/07\/steven-tai_2183_thumb.jpg\" width=\"124\" height=\"184\" \/><\/a><a href=\"https:\/\/bobvarela.com\/wp-content\/uploads\/2012\/07\/steven-tai_2184.jpg\"><img loading=\"lazy\" decoding=\"async\" style=\"background-image: none; border-bottom: 0px; border-left: 0px; margin: 0px; padding-left: 0px; padding-right: 0px; display: inline; border-top: 0px; border-right: 0px; padding-top: 0px\" title=\"SS13 BERLIN FASHION WEEK\" border=\"0\" alt=\"SS13 BERLIN FASHION WEEK\" src=\"https:\/\/bobvarela.com\/wp-content\/uploads\/2012\/07\/steven-tai_2184_thumb.jpg\" width=\"124\" height=\"184\" \/><\/a><a href=\"https:\/\/bobvarela.com\/wp-content\/uploads\/2012\/07\/steven-tai_2185.jpg\"><img loading=\"lazy\" decoding=\"async\" style=\"background-image: none; border-bottom: 0px; border-left: 0px; margin: 0px; padding-left: 0px; padding-right: 0px; display: inline; border-top: 0px; border-right: 0px; padding-top: 0px\" title=\"SS13 BERLIN FASHION WEEK\" border=\"0\" alt=\"SS13 BERLIN FASHION WEEK\" src=\"https:\/\/bobvarela.com\/wp-content\/uploads\/2012\/07\/steven-tai_2185_thumb.jpg\" width=\"124\" height=\"184\" \/><\/a><a href=\"https:\/\/bobvarela.com\/wp-content\/uploads\/2012\/07\/steven-tai_2186.jpg\"><img loading=\"lazy\" decoding=\"async\" style=\"background-image: none; border-bottom: 0px; border-left: 0px; margin: 0px; padding-left: 0px; padding-right: 0px; display: inline; border-top: 0px; border-right: 0px; padding-top: 0px\" title=\"SS13 BERLIN FASHION WEEK\" border=\"0\" alt=\"SS13 BERLIN FASHION WEEK\" src=\"https:\/\/bobvarela.com\/wp-content\/uploads\/2012\/07\/steven-tai_2186_thumb.jpg\" width=\"124\" height=\"184\" \/><\/a><a href=\"https:\/\/bobvarela.com\/wp-content\/uploads\/2012\/07\/steven-tai_2187.jpg\"><img loading=\"lazy\" decoding=\"async\" style=\"background-image: none; border-bottom: 0px; border-left: 0px; margin: 0px; padding-left: 0px; padding-right: 0px; display: inline; border-top: 0px; border-right: 0px; padding-top: 0px\" title=\"SS13 BERLIN FASHION WEEK\" border=\"0\" alt=\"SS13 BERLIN FASHION WEEK\" src=\"https:\/\/bobvarela.com\/wp-content\/uploads\/2012\/07\/steven-tai_2187_thumb.jpg\" width=\"124\" height=\"184\" \/><\/a><a href=\"https:\/\/bobvarela.com\/wp-content\/uploads\/2012\/07\/steven-tai_2188.jpg\"><img loading=\"lazy\" decoding=\"async\" style=\"background-image: none; border-bottom: 0px; border-left: 0px; margin: 0px; padding-left: 0px; padding-right: 0px; display: inline; border-top: 0px; border-right: 0px; padding-top: 0px\" title=\"SS13 BERLIN FASHION WEEK\" border=\"0\" alt=\"SS13 BERLIN FASHION WEEK\" src=\"https:\/\/bobvarela.com\/wp-content\/uploads\/2012\/07\/steven-tai_2188_thumb.jpg\" width=\"124\" height=\"184\" \/><\/a><a href=\"https:\/\/bobvarela.com\/wp-content\/uploads\/2012\/07\/steven-tai_2189.jpg\"><img loading=\"lazy\" decoding=\"async\" style=\"background-image: none; border-bottom: 0px; border-left: 0px; margin: 0px; padding-left: 0px; padding-right: 0px; display: inline; border-top: 0px; border-right: 0px; padding-top: 0px\" title=\"SS13 BERLIN FASHION WEEK\" border=\"0\" alt=\"SS13 BERLIN FASHION WEEK\" src=\"https:\/\/bobvarela.com\/wp-content\/uploads\/2012\/07\/steven-tai_2189_thumb.jpg\" width=\"124\" height=\"184\" \/><\/a><a href=\"https:\/\/bobvarela.com\/wp-content\/uploads\/2012\/07\/steven-tai_2190.jpg\"><img loading=\"lazy\" decoding=\"async\" style=\"background-image: none; border-bottom: 0px; border-left: 0px; margin: 0px; padding-left: 0px; padding-right: 0px; display: inline; border-top: 0px; border-right: 0px; padding-top: 0px\" title=\"SS13 BERLIN FASHION WEEK\" border=\"0\" alt=\"SS13 BERLIN FASHION WEEK\" src=\"https:\/\/bobvarela.com\/wp-content\/uploads\/2012\/07\/steven-tai_2190_thumb.jpg\" width=\"124\" height=\"184\" \/><\/a><a href=\"https:\/\/bobvarela.com\/wp-content\/uploads\/2012\/07\/steven-tai_2191.jpg\"><img loading=\"lazy\" decoding=\"async\" style=\"background-image: none; border-bottom: 0px; border-left: 0px; margin: 0px; padding-left: 0px; padding-right: 0px; display: inline; border-top: 0px; border-right: 0px; padding-top: 0px\" title=\"SS13 BERLIN FASHION WEEK\" border=\"0\" alt=\"SS13 BERLIN FASHION WEEK\" src=\"https:\/\/bobvarela.com\/wp-content\/uploads\/2012\/07\/steven-tai_2191_thumb.jpg\" width=\"124\" height=\"184\" \/><\/a><a href=\"https:\/\/bobvarela.com\/wp-content\/uploads\/2012\/07\/steven-tai_2192.jpg\"><img loading=\"lazy\" decoding=\"async\" style=\"background-image: none; border-bottom: 0px; border-left: 0px; margin: 0px; padding-left: 0px; padding-right: 0px; display: inline; border-top: 0px; border-right: 0px; padding-top: 0px\" title=\"SS13 BERLIN FASHION WEEK\" border=\"0\" alt=\"SS13 BERLIN FASHION WEEK\" src=\"https:\/\/bobvarela.com\/wp-content\/uploads\/2012\/07\/steven-tai_2192_thumb.jpg\" width=\"124\" height=\"184\" \/><\/a><a href=\"https:\/\/bobvarela.com\/wp-content\/uploads\/2012\/07\/steven-tai_2177.jpg\"><img loading=\"lazy\" decoding=\"async\" style=\"background-image: none; border-bottom: 0px; border-left: 0px; margin: 0px; padding-left: 0px; padding-right: 0px; display: inline; border-top: 0px; border-right: 0px; padding-top: 0px\" title=\"SS13 BERLIN FASHION WEEK\" border=\"0\" alt=\"SS13 BERLIN FASHION WEEK\" src=\"https:\/\/bobvarela.com\/wp-content\/uploads\/2012\/07\/steven-tai_2177_thumb.jpg\" width=\"124\" height=\"184\" \/><\/a><\/p>\n<p><font size=\"3\"><strong>KILIAN KERNER<\/strong><\/font><\/p>\n<p align=\"justify\"><font size=\"3\">The label KILIAN KERNER lives upon emotions. His decision alone to make fashion his profession derives from Kilian Kerner\u2019s passion for garments and the feeling that designing was the right thing for him to do.     <br \/>Due to his success in the past Kilian Kerner was allowed to expand and develop his label. Next to the KILIAN KERNER onlineshop he also launched his own jersey line \u2018Kilian Kerner Senses\u2019 and two flagshipstores in Berlin and Wiesbaden.      <br \/>In the meantime Kilian Kerner gained many prominent fans and supporters. Amongst them the actresses Karoline Herfurth, Nora von Waldst\u00e4tten and Alina Levshin, the models Eva Padberg and Karol\u00edna Kurkov\u00e1 and many more.<\/font><\/p>\n<p align=\"justify\"><a href=\"https:\/\/bobvarela.com\/wp-content\/uploads\/2012\/07\/kilian-kerner_2259.jpg\"><img loading=\"lazy\" decoding=\"async\" style=\"background-image: none; border-bottom: 0px; border-left: 0px; margin: 0px; padding-left: 0px; padding-right: 0px; display: inline; border-top: 0px; border-right: 0px; padding-top: 0px\" title=\"SS13 BERLIN FASHION WEEK\" border=\"0\" alt=\"SS13 BERLIN FASHION WEEK\" src=\"https:\/\/bobvarela.com\/wp-content\/uploads\/2012\/07\/kilian-kerner_2259_thumb.jpg\" width=\"124\" height=\"184\" \/><\/a><a href=\"https:\/\/bobvarela.com\/wp-content\/uploads\/2012\/07\/kilian-kerner_2260.jpg\"><img loading=\"lazy\" decoding=\"async\" style=\"background-image: none; border-bottom: 0px; border-left: 0px; margin: 0px; padding-left: 0px; padding-right: 0px; display: inline; border-top: 0px; border-right: 0px; padding-top: 0px\" title=\"SS13 BERLIN FASHION WEEK\" border=\"0\" alt=\"SS13 BERLIN FASHION WEEK\" src=\"https:\/\/bobvarela.com\/wp-content\/uploads\/2012\/07\/kilian-kerner_2260_thumb.jpg\" width=\"124\" height=\"184\" \/><\/a><a href=\"https:\/\/bobvarela.com\/wp-content\/uploads\/2012\/07\/kilian-kerner_2261.jpg\"><img loading=\"lazy\" decoding=\"async\" style=\"background-image: none; border-bottom: 0px; border-left: 0px; margin: 0px; padding-left: 0px; padding-right: 0px; display: inline; border-top: 0px; border-right: 0px; padding-top: 0px\" title=\"SS13 BERLIN FASHION WEEK\" border=\"0\" alt=\"SS13 BERLIN FASHION WEEK\" src=\"https:\/\/bobvarela.com\/wp-content\/uploads\/2012\/07\/kilian-kerner_2261_thumb.jpg\" width=\"124\" height=\"184\" \/><\/a><a href=\"https:\/\/bobvarela.com\/wp-content\/uploads\/2012\/07\/kilian-kerner_2262.jpg\"><img loading=\"lazy\" decoding=\"async\" style=\"background-image: none; border-bottom: 0px; border-left: 0px; margin: 0px; padding-left: 0px; padding-right: 0px; display: inline; border-top: 0px; border-right: 0px; padding-top: 0px\" title=\"SS13 BERLIN FASHION WEEK\" border=\"0\" alt=\"SS13 BERLIN FASHION WEEK\" src=\"https:\/\/bobvarela.com\/wp-content\/uploads\/2012\/07\/kilian-kerner_2262_thumb.jpg\" width=\"124\" height=\"184\" \/><\/a><a href=\"https:\/\/bobvarela.com\/wp-content\/uploads\/2012\/07\/kilian-kerner_2263.jpg\"><img loading=\"lazy\" decoding=\"async\" style=\"background-image: none; border-bottom: 0px; border-left: 0px; margin: 0px; padding-left: 0px; padding-right: 0px; display: inline; border-top: 0px; border-right: 0px; padding-top: 0px\" title=\"SS13 BERLIN FASHION WEEK\" border=\"0\" alt=\"SS13 BERLIN FASHION WEEK\" src=\"https:\/\/bobvarela.com\/wp-content\/uploads\/2012\/07\/kilian-kerner_2263_thumb.jpg\" width=\"124\" height=\"184\" \/><\/a><a href=\"https:\/\/bobvarela.com\/wp-content\/uploads\/2012\/07\/kilian-kerner_2264.jpg\"><img loading=\"lazy\" decoding=\"async\" style=\"background-image: none; border-bottom: 0px; border-left: 0px; margin: 0px; padding-left: 0px; padding-right: 0px; display: inline; border-top: 0px; border-right: 0px; padding-top: 0px\" title=\"SS13 BERLIN FASHION WEEK\" border=\"0\" alt=\"SS13 BERLIN FASHION WEEK\" src=\"https:\/\/bobvarela.com\/wp-content\/uploads\/2012\/07\/kilian-kerner_2264_thumb.jpg\" width=\"124\" height=\"184\" \/><\/a><a href=\"https:\/\/bobvarela.com\/wp-content\/uploads\/2012\/07\/kilian-kerner_2265.jpg\"><img loading=\"lazy\" decoding=\"async\" style=\"background-image: none; border-bottom: 0px; border-left: 0px; margin: 0px; padding-left: 0px; padding-right: 0px; display: inline; border-top: 0px; border-right: 0px; padding-top: 0px\" title=\"SS13 BERLIN FASHION WEEK\" border=\"0\" alt=\"SS13 BERLIN FASHION WEEK\" src=\"https:\/\/bobvarela.com\/wp-content\/uploads\/2012\/07\/kilian-kerner_2265_thumb.jpg\" width=\"124\" height=\"184\" \/><\/a><a href=\"https:\/\/bobvarela.com\/wp-content\/uploads\/2012\/07\/kilian-kerner_2266.jpg\"><img loading=\"lazy\" decoding=\"async\" style=\"background-image: none; border-bottom: 0px; border-left: 0px; margin: 0px; padding-left: 0px; padding-right: 0px; display: inline; border-top: 0px; border-right: 0px; padding-top: 0px\" title=\"SS13 BERLIN FASHION WEEK\" border=\"0\" alt=\"SS13 BERLIN FASHION WEEK\" src=\"https:\/\/bobvarela.com\/wp-content\/uploads\/2012\/07\/kilian-kerner_2266_thumb.jpg\" width=\"124\" height=\"184\" \/><\/a><a href=\"https:\/\/bobvarela.com\/wp-content\/uploads\/2012\/07\/kilian-kerner_2267.jpg\"><img loading=\"lazy\" decoding=\"async\" style=\"background-image: none; border-bottom: 0px; border-left: 0px; margin: 0px; padding-left: 0px; padding-right: 0px; display: inline; border-top: 0px; border-right: 0px; padding-top: 0px\" title=\"SS13 BERLIN FASHION WEEK\" border=\"0\" alt=\"SS13 BERLIN FASHION WEEK\" src=\"https:\/\/bobvarela.com\/wp-content\/uploads\/2012\/07\/kilian-kerner_2267_thumb.jpg\" width=\"124\" height=\"184\" \/><\/a><a href=\"https:\/\/bobvarela.com\/wp-content\/uploads\/2012\/07\/kilian-kerner_2268.jpg\"><img loading=\"lazy\" decoding=\"async\" style=\"background-image: none; border-bottom: 0px; border-left: 0px; margin: 0px; padding-left: 0px; padding-right: 0px; display: inline; border-top: 0px; border-right: 0px; padding-top: 0px\" title=\"SS13 BERLIN FASHION WEEK\" border=\"0\" alt=\"SS13 BERLIN FASHION WEEK\" src=\"https:\/\/bobvarela.com\/wp-content\/uploads\/2012\/07\/kilian-kerner_2268_thumb.jpg\" width=\"124\" height=\"184\" \/><\/a><a href=\"https:\/\/bobvarela.com\/wp-content\/uploads\/2012\/07\/kilian-kerner_2269.jpg\"><img loading=\"lazy\" decoding=\"async\" style=\"background-image: none; border-bottom: 0px; border-left: 0px; margin: 0px; padding-left: 0px; padding-right: 0px; display: inline; border-top: 0px; border-right: 0px; padding-top: 0px\" title=\"SS13 BERLIN FASHION WEEK\" border=\"0\" alt=\"SS13 BERLIN FASHION WEEK\" src=\"https:\/\/bobvarela.com\/wp-content\/uploads\/2012\/07\/kilian-kerner_2269_thumb.jpg\" width=\"124\" height=\"184\" \/><\/a><a href=\"https:\/\/bobvarela.com\/wp-content\/uploads\/2012\/07\/kilian-kerner_2270.jpg\"><img loading=\"lazy\" decoding=\"async\" style=\"background-image: none; border-bottom: 0px; border-left: 0px; margin: 0px; padding-left: 0px; padding-right: 0px; display: inline; border-top: 0px; border-right: 0px; padding-top: 0px\" title=\"SS13 BERLIN FASHION WEEK\" border=\"0\" alt=\"SS13 BERLIN FASHION WEEK\" src=\"https:\/\/bobvarela.com\/wp-content\/uploads\/2012\/07\/kilian-kerner_2270_thumb.jpg\" width=\"124\" height=\"184\" \/><\/a><a href=\"https:\/\/bobvarela.com\/wp-content\/uploads\/2012\/07\/kilian-kerner_2271.jpg\"><img loading=\"lazy\" decoding=\"async\" style=\"background-image: none; border-bottom: 0px; border-left: 0px; margin: 0px; padding-left: 0px; padding-right: 0px; display: inline; border-top: 0px; border-right: 0px; padding-top: 0px\" title=\"SS13 BERLIN FASHION WEEK\" border=\"0\" alt=\"SS13 BERLIN FASHION WEEK\" src=\"https:\/\/bobvarela.com\/wp-content\/uploads\/2012\/07\/kilian-kerner_2271_thumb.jpg\" width=\"124\" height=\"184\" \/><\/a><a href=\"https:\/\/bobvarela.com\/wp-content\/uploads\/2012\/07\/kilian-kerner_2272.jpg\"><img loading=\"lazy\" decoding=\"async\" style=\"background-image: none; border-bottom: 0px; border-left: 0px; margin: 0px; padding-left: 0px; padding-right: 0px; display: inline; border-top: 0px; border-right: 0px; padding-top: 0px\" title=\"SS13 BERLIN FASHION WEEK\" border=\"0\" alt=\"SS13 BERLIN FASHION WEEK\" src=\"https:\/\/bobvarela.com\/wp-content\/uploads\/2012\/07\/kilian-kerner_2272_thumb.jpg\" width=\"124\" height=\"184\" \/><\/a><a href=\"https:\/\/bobvarela.com\/wp-content\/uploads\/2012\/07\/kilian-kerner_2273.jpg\"><img loading=\"lazy\" decoding=\"async\" style=\"background-image: none; border-bottom: 0px; border-left: 0px; margin: 0px; padding-left: 0px; padding-right: 0px; display: inline; border-top: 0px; border-right: 0px; padding-top: 0px\" title=\"SS13 BERLIN FASHION WEEK\" border=\"0\" alt=\"SS13 BERLIN FASHION WEEK\" src=\"https:\/\/bobvarela.com\/wp-content\/uploads\/2012\/07\/kilian-kerner_2273_thumb.jpg\" width=\"124\" height=\"184\" \/><\/a><a href=\"https:\/\/bobvarela.com\/wp-content\/uploads\/2012\/07\/kilian-kerner_2274.jpg\"><img loading=\"lazy\" decoding=\"async\" style=\"background-image: none; border-bottom: 0px; border-left: 0px; margin: 0px; padding-left: 0px; padding-right: 0px; display: inline; border-top: 0px; border-right: 0px; padding-top: 0px\" title=\"SS13 BERLIN FASHION WEEK\" border=\"0\" alt=\"SS13 BERLIN FASHION WEEK\" src=\"https:\/\/bobvarela.com\/wp-content\/uploads\/2012\/07\/kilian-kerner_2274_thumb.jpg\" width=\"124\" height=\"184\" \/><\/a><a href=\"https:\/\/bobvarela.com\/wp-content\/uploads\/2012\/07\/kilian-kerner_2275.jpg\"><img loading=\"lazy\" decoding=\"async\" style=\"background-image: none; border-bottom: 0px; border-left: 0px; margin: 0px; padding-left: 0px; padding-right: 0px; display: inline; border-top: 0px; border-right: 0px; padding-top: 0px\" title=\"SS13 BERLIN FASHION WEEK\" border=\"0\" alt=\"SS13 BERLIN FASHION WEEK\" src=\"https:\/\/bobvarela.com\/wp-content\/uploads\/2012\/07\/kilian-kerner_2275_thumb.jpg\" width=\"124\" height=\"184\" \/><\/a><a href=\"https:\/\/bobvarela.com\/wp-content\/uploads\/2012\/07\/kilian-kerner_2276.jpg\"><img loading=\"lazy\" decoding=\"async\" style=\"background-image: none; border-bottom: 0px; border-left: 0px; margin: 0px; padding-left: 0px; padding-right: 0px; display: inline; border-top: 0px; border-right: 0px; padding-top: 0px\" title=\"SS13 BERLIN FASHION WEEK\" border=\"0\" alt=\"SS13 BERLIN FASHION WEEK\" src=\"https:\/\/bobvarela.com\/wp-content\/uploads\/2012\/07\/kilian-kerner_2276_thumb.jpg\" width=\"124\" height=\"184\" \/><\/a><a href=\"https:\/\/bobvarela.com\/wp-content\/uploads\/2012\/07\/kilian-kerner_2277.jpg\"><img loading=\"lazy\" decoding=\"async\" style=\"background-image: none; border-bottom: 0px; border-left: 0px; margin: 0px; padding-left: 0px; padding-right: 0px; display: inline; border-top: 0px; border-right: 0px; padding-top: 0px\" title=\"SS13 BERLIN FASHION WEEK\" border=\"0\" alt=\"SS13 BERLIN FASHION WEEK\" src=\"https:\/\/bobvarela.com\/wp-content\/uploads\/2012\/07\/kilian-kerner_2277_thumb.jpg\" width=\"124\" height=\"184\" \/><\/a><a href=\"https:\/\/bobvarela.com\/wp-content\/uploads\/2012\/07\/kilian-kerner_2278.jpg\"><img loading=\"lazy\" decoding=\"async\" style=\"background-image: none; border-bottom: 0px; border-left: 0px; margin: 0px; padding-left: 0px; padding-right: 0px; display: inline; border-top: 0px; border-right: 0px; padding-top: 0px\" title=\"SS13 BERLIN FASHION WEEK\" border=\"0\" alt=\"SS13 BERLIN FASHION WEEK\" src=\"https:\/\/bobvarela.com\/wp-content\/uploads\/2012\/07\/kilian-kerner_2278_thumb.jpg\" width=\"124\" height=\"184\" \/><\/a><\/p>\n<p>photos and article courtesy of MERCEDES-BENZ FASHION WEEK<\/p>\n","protected":false},"excerpt":{"rendered":"<p>STEVEN TAI Canadian designer Steven Tai is a 2011 graduate of Central Saint Martins. He has worked at companies such as Bless, Viktor &amp; Rolf and Stella McCartney. In 2012 he was invited to Hyeres where he won the prestigious&hellip;<\/p>\n<p class=\"more-link-p\"><a class=\"more-link\" href=\"https:\/\/bobvarela.com\/?p=40500\">Read more &rarr;<\/a><\/p>\n","protected":false},"author":1,"featured_media":0,"comment_status":"open","ping_status":"open","sticky":false,"template":"","format":"standard","meta":{"ngg_post_thumbnail":0,"footnotes":""},"categories":[265,4],"tags":[413],"class_list":["post-40500","post","type-post","status-publish","format-standard","hentry","category-mercedes-benz-fashion-week","category-moda","tag-mercedes-benz-fashion-week-berlin"],"_links":{"self":[{"href":"https:\/\/bobvarela.com\/index.php?rest_route=\/wp\/v2\/posts\/40500","targetHints":{"allow":["GET"]}}],"collection":[{"href":"https:\/\/bobvarela.com\/index.php?rest_route=\/wp\/v2\/posts"}],"about":[{"href":"https:\/\/bobvarela.com\/index.php?rest_route=\/wp\/v2\/types\/post"}],"author":[{"embeddable":true,"href":"https:\/\/bobvarela.com\/index.php?rest_route=\/wp\/v2\/users\/1"}],"replies":[{"embeddable":true,"href":"https:\/\/bobvarela.com\/index.php?rest_route=%2Fwp%2Fv2%2Fcomments&post=40500"}],"version-history":[{"count":1,"href":"https:\/\/bobvarela.com\/index.php?rest_route=\/wp\/v2\/posts\/40500\/revisions"}],"predecessor-version":[{"id":40501,"href":"https:\/\/bobvarela.com\/index.php?rest_route=\/wp\/v2\/posts\/40500\/revisions\/40501"}],"wp:attachment":[{"href":"https:\/\/bobvarela.com\/index.php?rest_route=%2Fwp%2Fv2%2Fmedia&parent=40500"}],"wp:term":[{"taxonomy":"category","embeddable":true,"href":"https:\/\/bobvarela.com\/index.php?rest_route=%2Fwp%2Fv2%2Fcategories&post=40500"},{"taxonomy":"post_tag","embeddable":true,"href":"https:\/\/bobvarela.com\/index.php?rest_route=%2Fwp%2Fv2%2Ftags&post=40500"}],"curies":[{"name":"wp","href":"https:\/\/api.w.org\/{rel}","templated":true}]}}