{"id":4133,"date":"2010-10-27T21:03:00","date_gmt":"2010-10-28T01:03:00","guid":{"rendered":"https:\/\/bobvarela.com\/?p=4133"},"modified":"2010-10-27T21:03:00","modified_gmt":"2010-10-28T01:03:00","slug":"buika-en-puerto-rico-por-primera-vez","status":"publish","type":"post","link":"https:\/\/bobvarela.com\/?p=4133","title":{"rendered":"BUIKA EN PUERTO RICO POR PRIMERA VEZ"},"content":{"rendered":"<p><a href=\"https:\/\/bobvarela.com\/wp-content\/uploads\/2010\/10\/clip_image0021.jpg\"><img loading=\"lazy\" decoding=\"async\" style=\"background-image: none; border-bottom: 0px; border-left: 0px; padding-left: 0px; padding-right: 0px; display: block; float: none; margin-left: auto; border-top: 0px; margin-right: auto; border-right: 0px; padding-top: 0px\" title=\"clip_image002\" border=\"0\" alt=\"clip_image002\" src=\"https:\/\/bobvarela.com\/wp-content\/uploads\/2010\/10\/clip_image002_thumb1.jpg\" width=\"284\" height=\"181\" \/><\/a><\/p>\n<p align=\"justify\">27 de octubre de 2010, San Juan, Puerto Rico. <font size=\"3\" face=\"Bookman Old Style\">La cantante espa\u00f1ola Buika se presenta por primera vez en Puerto Rico, el jueves, 18 de noviembre, en el Centro de Bellas Artes de Caguas, anunci\u00f3 Benjamin Mu\u00f1iz, de Producciones Sarav\u00e1.<\/font><\/p>\n<p align=\"justify\"><font size=\"3\" face=\"Bookman Old Style\">\u201cLuego de 95 conciertos por el Mundo en este a\u00f1o 2010 y como parte de su gira en los Estados Unidos y Puerto Rico, tenemos la oportunidad de escuchar y conocer a Buika, una int\u00e9rprete \u00fanica, y atrevida, espa\u00f1ola por nacimiento y cultura, y de ascendencia africana, quien adem\u00e1s de cantar \u00e9xitos como <i>Mi ni\u00f1a Lola<\/i>, presentar\u00e1 su m\u00e1s reciente producci\u00f3n <i>El \u00faltimo trago<\/i> dedicado a la m\u00fasica de Chavela Vargas\u201d, destac\u00f3 Mu\u00f1iz.<\/font><\/p>\n<p align=\"justify\"><font size=\"3\" face=\"Bookman Old Style\">Arreglista y compositora autodidacta, Buika es una cantante que maneja diversos estilos: flamenco, copla, boleros, jazz, funk y hasta la ranchera.&#160; \u201cBuika a partir de esta gira se va consolidando como una estrella de la m\u00fasica del Mundo, como una gran int\u00e9rprete, comparable a las grandes del jazz, ser\u00e1 una experiencia \u00fanica\u201d, se\u00f1al\u00f3 Mu\u00f1iz.&#160; <\/font><\/p>\n<p align=\"justify\"><font size=\"3\" face=\"Bookman Old Style\">Los discos de Buika han recibido varias nominaciones a premios Grammys.&#160; El m\u00e1s reciente, titulado &quot;El \u00faltimo trago&quot;, competir\u00e1 para en las categor\u00edas de &quot;Grabaci\u00f3n del a\u00f1o&quot; por la canci\u00f3n &quot;Se me hizo f\u00e1cil&quot; y Mejor \u00c1lbum Tropical Tradicional de m\u00fasica tropical tradicional.&#160; <\/font><\/p>\n<p align=\"justify\"><font size=\"3\" face=\"Bookman Old Style\">El car\u00e1cter de Buika en el escenario la convierten en una de las int\u00e9rpretes m\u00e1s en\u00e9rgicas y espont\u00e1neas del panorama espa\u00f1ol actual, siendo admirada por cr\u00edticos y otros artistas como Pedro Almod\u00f3var, Joaqu\u00edn Sabina, Chucho y Bebo Vald\u00e9s, Seal, Mariza, Nelly Furtado, el Ni\u00f1o Josele, entre otros. Recientemente particip\u00f3 en la nueva pel\u00edcula de Almod\u00f3var, a estrenarse durante la pr\u00f3xima primavera, cuando saldr\u00e1 tambi\u00e9n su nueva producci\u00f3n musical. <\/font><\/p>\n<p align=\"justify\"><font size=\"3\" face=\"Bookman Old Style\">Sobre Buika, el maestro Joaqu\u00edn Sabina ha dicho: \u201cSi me encarga hacerle una copla un d\u00eda firmar\u00eda de rodillas y sin sombrero&quot;. Por su parte, el galardonado cineasta Pedro Almod\u00f3var expresa: &quot;Al igual que Chavela (Vargas), Buika es capaz de hacer sentir a su p\u00fablico completamente al descubierto.&#160; Sus canciones nos transportan a un sitio donde quedamos frente a frente con nuestro propio historial amoroso, en el cual nuestros fracasos son los que m\u00e1s sobresalen.&#160; Y, a\u00fan m\u00e1s, despu\u00e9s de escucharla cantar, uno se empecina en seguir cometiendo los mismos errores, pues no hay reglas, ni sentido com\u00fan, ni cautela, ni remordimientos sobre la pasi\u00f3n.&#160; En &quot;El \u00faltimo trago&quot;, Buika celebra todas las encarnaciones de la pasi\u00f3n, desde las m\u00e1s incandescentes a las m\u00e1s oscuras.&#160; \u00a1Ella lo hace de una manera tan emocionante y original&#8230;!&quot;&#160; <\/font><\/p>\n<p align=\"justify\"><font size=\"3\" face=\"Bookman Old Style\">Su viaje a nuestra isla es parte de una gira de m\u00e1s de 20 conciertos por Estados Unidos y Puerto Rico. Durante el concierto estar\u00e1 acompa\u00f1ada por el pianista Iv\u00e1n \u201cMel\u00f3n\u201d Lewis, Dany Noel en el contrabajo y Fernando Favier en la percusi\u00f3n.<\/font><\/p>\n<p align=\"justify\"><font size=\"3\" face=\"Bookman Old Style\">Los boletos est\u00e1n a la venta en Ticket Center, (787) 792-5000 y <\/font><a href=\"https:\/\/www.tcpr.com\"><font size=\"3\" face=\"Bookman Old Style\">www.tcpr.com<\/font><\/a><font size=\"3\" face=\"Bookman Old Style\">. El concierto es producido por: Producciones Sarav\u00e1 y Pro Arte Musical. Para m\u00e1s informaci\u00f3n puede comunicarse con Benjam\u00edn Mu\u00f1iz (787) 602-3107, <\/font><a href=\"mailto:sarava@gmail.com\"><font size=\"3\" face=\"Bookman Old Style\">sarava@gmail.com<\/font><\/a><font size=\"3\" face=\"Bookman Old Style\"> y Karen Schneck (787) 722-3366, <\/font><a href=\"mailto:proartemusical@prtc.net\"><font size=\"3\" face=\"Bookman Old Style\">proartemusical@prtc.net<\/font><\/a><font size=\"3\" face=\"Bookman Old Style\">.&#160; <\/font><\/p>\n","protected":false},"excerpt":{"rendered":"<p>27 de octubre de 2010, San Juan, Puerto Rico. La cantante espa\u00f1ola Buika se presenta por primera vez en Puerto Rico, el jueves, 18 de noviembre, en el Centro de Bellas Artes de Caguas, anunci\u00f3 Benjamin Mu\u00f1iz, de Producciones Sarav\u00e1.&hellip;<\/p>\n<p class=\"more-link-p\"><a class=\"more-link\" href=\"https:\/\/bobvarela.com\/?p=4133\">Read more &rarr;<\/a><\/p>\n","protected":false},"author":1,"featured_media":0,"comment_status":"open","ping_status":"open","sticky":false,"template":"","format":"standard","meta":{"ngg_post_thumbnail":0,"footnotes":""},"categories":[3,127],"tags":[236],"class_list":["post-4133","post","type-post","status-publish","format-standard","hentry","category-actividades","category-musica","tag-buika"],"_links":{"self":[{"href":"https:\/\/bobvarela.com\/index.php?rest_route=\/wp\/v2\/posts\/4133","targetHints":{"allow":["GET"]}}],"collection":[{"href":"https:\/\/bobvarela.com\/index.php?rest_route=\/wp\/v2\/posts"}],"about":[{"href":"https:\/\/bobvarela.com\/index.php?rest_route=\/wp\/v2\/types\/post"}],"author":[{"embeddable":true,"href":"https:\/\/bobvarela.com\/index.php?rest_route=\/wp\/v2\/users\/1"}],"replies":[{"embeddable":true,"href":"https:\/\/bobvarela.com\/index.php?rest_route=%2Fwp%2Fv2%2Fcomments&post=4133"}],"version-history":[{"count":0,"href":"https:\/\/bobvarela.com\/index.php?rest_route=\/wp\/v2\/posts\/4133\/revisions"}],"wp:attachment":[{"href":"https:\/\/bobvarela.com\/index.php?rest_route=%2Fwp%2Fv2%2Fmedia&parent=4133"}],"wp:term":[{"taxonomy":"category","embeddable":true,"href":"https:\/\/bobvarela.com\/index.php?rest_route=%2Fwp%2Fv2%2Fcategories&post=4133"},{"taxonomy":"post_tag","embeddable":true,"href":"https:\/\/bobvarela.com\/index.php?rest_route=%2Fwp%2Fv2%2Ftags&post=4133"}],"curies":[{"name":"wp","href":"https:\/\/api.w.org\/{rel}","templated":true}]}}