{"id":41334,"date":"2012-07-11T19:30:08","date_gmt":"2012-07-11T23:30:08","guid":{"rendered":"https:\/\/bobvarela.com\/?p=41334"},"modified":"2012-07-11T19:30:11","modified_gmt":"2012-07-11T23:30:11","slug":"modelo-chanty-vargas-premiar-a-nias-de-escasos-recursos-con-becas-para-academia-de-refinamiento-y-modelaje","status":"publish","type":"post","link":"https:\/\/bobvarela.com\/?p=41334","title":{"rendered":"Modelo Chanty Vargas premiar&aacute; a ni&ntilde;as de escasos recursos con becas para academia de refinamiento y modelaje"},"content":{"rendered":"<p align=\"justify\"><font size=\"3\"><\/font><\/p>\n<p align=\"justify\"><font size=\"3\"><a href=\"https:\/\/bobvarela.com\/wp-content\/uploads\/2012\/07\/AQUAChanty-flyer-2-A-CORREGIDO.jpg\"><img loading=\"lazy\" decoding=\"async\" style=\"background-image: none; border-bottom: 0px; border-left: 0px; padding-left: 0px; padding-right: 0px; display: block; float: none; margin-left: auto; border-top: 0px; margin-right: auto; border-right: 0px; padding-top: 0px\" title=\"AQUAChanty-flyer-2-A-CORREGIDO\" border=\"0\" alt=\"AQUAChanty-flyer-2-A-CORREGIDO\" src=\"https:\/\/bobvarela.com\/wp-content\/uploads\/2012\/07\/AQUAChanty-flyer-2-A-CORREGIDO_thumb.jpg\" width=\"359\" height=\"235\" \/><\/a><\/font><\/p>\n<p align=\"justify\"><font size=\"3\">San Juan, 11 de julio de 2012.- La modelo y empresaria Chanty Vargas, estar\u00e1 preminado el desempe\u00f1o de varias j\u00f3venes provenientes de residenciales p\u00fablicos de San Juan, con la otorgaci\u00f3n de becas de estudio en su nueva academia de modelaje Pasarelas.<\/font><\/p>\n<p align=\"justify\"><font size=\"3\">Con el respaldo de la Oficina de Asuntos de la Juventud del Municipio de San Juan, la egresada del reality show Nuestra Belleza Latina y Miss Intercontinental 2011, estar\u00e1 visitando los residenciales Luis LLor\u00e9ns Torres y Las Margaritas para realizar audiciones y evaluar el talento y desempe\u00f1o de las j\u00f3venes interesadas en comenzar una carrera en el mundo del modelaje. Quienes demuestren una mejor actitud y proyecci\u00f3n frente a un jurado ser\u00e1n becadas para tomar cursos en la nueva academia de modelaje Pasarelas, by Chanty Vargas.<\/font><\/p>\n<p align=\"center\"><a href=\"https:\/\/bobvarela.com\/wp-content\/uploads\/2012\/07\/flyer-Chanty-pasarelas.jpg\"><img loading=\"lazy\" decoding=\"async\" style=\"background-image: none; border-bottom: 0px; border-left: 0px; padding-left: 0px; padding-right: 0px; display: inline; border-top: 0px; border-right: 0px; padding-top: 0px\" title=\"flyer Chanty-pasarelas\" border=\"0\" alt=\"flyer Chanty-pasarelas\" src=\"https:\/\/bobvarela.com\/wp-content\/uploads\/2012\/07\/flyer-Chanty-pasarelas_thumb.jpg\" width=\"388\" height=\"231\" \/><\/a><\/p>\n<p align=\"justify\"><font size=\"3\">La iniciativa de este ejercicio surge del genuino inter\u00e9s de Chanty en promover el sano desarrollo y crecimiento en el mundo de las artes y entretenimiento a j\u00f3venes de escasos recursos. &quot;<i>Hay muchas j\u00f3venes con talento y potencial, pero a veces la situaci\u00f3n econ\u00f3mica limita el sue\u00f1o de \u00e9stas en desarrolarse en el campo del modelaje y entretenimiento<\/i>&quot;, expres\u00f3 Vargas, aludiendo adem\u00e1s que desear\u00eda poder becarlas a todas, pero recibir\u00e1n este premio aquellas que den lo mejor de s\u00ed en la audici\u00f3n. &quot;<i>Quienes den el todo en la audici\u00f3n, que no est\u00e9n timidas y que tengan ganas de mejorar y triunfar son las que ganar\u00e1n las becas. Habr\u00e1 mas chicas que becas, pero por eso har\u00e9 el ejercico todos los a\u00f1os para que haya oportunidad para muchas&quot;, <\/i>enfatiz\u00f3<i>.<\/i><\/font><\/p>\n<p align=\"justify\"><font size=\"3\">Las audiciones ser\u00e1n realizadas en los residenciales Lloresns Torres y Las Margaritas a las 11:00 am y 3:00 pm respectivamente, este pr\u00f3ximo s\u00e1bado 14 de julio. Entre el jurado que evaluar\u00e1 a las candidatas se encuentra la Directora de Asuntos de la Juventud del Precinto 1 en San Juan, Yanis Reyes; el experto en moda y belleza, Luis Daniel Rosario; y el representante por por el Precinto 1 de San Juan Jos\u00e9 &quot;Nuno&quot; L\u00f3pez.<\/font><\/p>\n","protected":false},"excerpt":{"rendered":"<p>San Juan, 11 de julio de 2012.- La modelo y empresaria Chanty Vargas, estar\u00e1 preminado el desempe\u00f1o de varias j\u00f3venes provenientes de residenciales p\u00fablicos de San Juan, con la otorgaci\u00f3n de becas de estudio en su nueva academia de modelaje&hellip;<\/p>\n<p class=\"more-link-p\"><a class=\"more-link\" href=\"https:\/\/bobvarela.com\/?p=41334\">Read more &rarr;<\/a><\/p>\n","protected":false},"author":1,"featured_media":0,"comment_status":"open","ping_status":"open","sticky":false,"template":"","format":"standard","meta":{"ngg_post_thumbnail":0,"footnotes":""},"categories":[3],"tags":[],"class_list":["post-41334","post","type-post","status-publish","format-standard","hentry","category-actividades"],"_links":{"self":[{"href":"https:\/\/bobvarela.com\/index.php?rest_route=\/wp\/v2\/posts\/41334","targetHints":{"allow":["GET"]}}],"collection":[{"href":"https:\/\/bobvarela.com\/index.php?rest_route=\/wp\/v2\/posts"}],"about":[{"href":"https:\/\/bobvarela.com\/index.php?rest_route=\/wp\/v2\/types\/post"}],"author":[{"embeddable":true,"href":"https:\/\/bobvarela.com\/index.php?rest_route=\/wp\/v2\/users\/1"}],"replies":[{"embeddable":true,"href":"https:\/\/bobvarela.com\/index.php?rest_route=%2Fwp%2Fv2%2Fcomments&post=41334"}],"version-history":[{"count":1,"href":"https:\/\/bobvarela.com\/index.php?rest_route=\/wp\/v2\/posts\/41334\/revisions"}],"predecessor-version":[{"id":41335,"href":"https:\/\/bobvarela.com\/index.php?rest_route=\/wp\/v2\/posts\/41334\/revisions\/41335"}],"wp:attachment":[{"href":"https:\/\/bobvarela.com\/index.php?rest_route=%2Fwp%2Fv2%2Fmedia&parent=41334"}],"wp:term":[{"taxonomy":"category","embeddable":true,"href":"https:\/\/bobvarela.com\/index.php?rest_route=%2Fwp%2Fv2%2Fcategories&post=41334"},{"taxonomy":"post_tag","embeddable":true,"href":"https:\/\/bobvarela.com\/index.php?rest_route=%2Fwp%2Fv2%2Ftags&post=41334"}],"curies":[{"name":"wp","href":"https:\/\/api.w.org\/{rel}","templated":true}]}}