{"id":41557,"date":"2012-07-16T14:34:12","date_gmt":"2012-07-16T18:34:12","guid":{"rendered":"https:\/\/bobvarela.com\/?p=41557"},"modified":"2012-07-16T14:34:15","modified_gmt":"2012-07-16T18:34:15","slug":"diseador-hctor-omar-en-el-caribbean-fashion-week-en-repblica-dominicana","status":"publish","type":"post","link":"https:\/\/bobvarela.com\/?p=41557","title":{"rendered":"dise&ntilde;ador H&eacute;ctor Omar en el Caribbean Fashion Week en Rep&uacute;blica Dominicana"},"content":{"rendered":"<p align=\"center\"><a href=\"https:\/\/bobvarela.com\/wp-content\/uploads\/2012\/07\/Hctor-Omar-foto-por-Naomy-Quiones.jpg\"><img loading=\"lazy\" decoding=\"async\" style=\"background-image: none; border-bottom: 0px; border-left: 0px; padding-left: 0px; padding-right: 0px; display: inline; border-top: 0px; border-right: 0px; padding-top: 0px\" title=\"H\u00e9ctor Omar, foto por Naomy Qui\u00f1ones\" border=\"0\" alt=\"H\u00e9ctor Omar, foto por Naomy Qui\u00f1ones\" src=\"https:\/\/bobvarela.com\/wp-content\/uploads\/2012\/07\/Hctor-Omar-foto-por-Naomy-Quiones_thumb.jpg\" width=\"188\" height=\"245\" \/><\/a><\/p>\n<p align=\"justify\"><font size=\"3\">San Juan, PR \u2013 El dise\u00f1ador H\u00e9ctor Omar se prepara para debutar el pr\u00f3ximo 21 de julio en la pasarela del Caribbean Fashion Week en Rep\u00fablica Dominicana (CFWRD), luego de su pasada presentaci\u00f3n en el Puerto Rico High Fashion Week (PRHFW), donde fue seleccionado como la mejor colecci\u00f3n del grupo The New Generation.<\/font><\/p>\n<p align=\"justify\"><font size=\"3\">\u201cLa colecci\u00f3n se titula Memento Mori y est\u00e1 inspirada en flores muertas. Le a\u00f1ad\u00ed m\u00e1s colores como <i>peach<\/i>, anaranjado y crema y varios cambios nuevos. Siguen manteniendo la misma onda m\u00edstica, arquitect\u00f3nica y vanguardista que me define y los colores a\u00f1adidos contrastan en armon\u00eda con los ya utilizados, que son amarillo ocre, rojo flamboy\u00e1n, terracota y negro. Predominan los estampados florales en distintos tama\u00f1os y texturas al igual que materiales inusuales como vinil y suede\u201d, coment\u00f3 H\u00e9ctor referente a la colecci\u00f3n que llevar\u00e1, que es una ampliaci\u00f3n de la que present\u00f3 localmente.<\/font><\/p>\n<p align=\"justify\"><font size=\"3\">Esta alianza entre ambos eventos de moda comenz\u00f3 el a\u00f1o pasado, cuando el dise\u00f1ador emergente Miguel Genao fue seleccionado por la presidenta del PRHFW, Caridad Fern\u00e1ndez, para presentar su desfile en la pasada edici\u00f3n del evento local. Este a\u00f1o, Fern\u00e1ndez viajar\u00e1 nuevamente a la Rep\u00fablica Dominicana para seleccionar a un nuevo dise\u00f1ador que ocupar\u00e1 un espacio en la pasarela The New Genaration en el PRHFW, que se celebrar\u00e1 del 20 al 22 de septiembre. <\/font><\/p>\n<p align=\"center\"><a href=\"https:\/\/bobvarela.com\/wp-content\/uploads\/2012\/07\/DSC_0700.jpg\"><img loading=\"lazy\" decoding=\"async\" style=\"background-image: none; border-right-width: 0px; padding-left: 0px; padding-right: 0px; display: inline; border-top-width: 0px; border-bottom-width: 0px; border-left-width: 0px; padding-top: 0px\" title=\"DSC_0700\" border=\"0\" alt=\"DSC_0700\" src=\"https:\/\/bobvarela.com\/wp-content\/uploads\/2012\/07\/DSC_0700_thumb.jpg\" width=\"170\" height=\"238\" \/><\/a><\/p>\n<p align=\"justify\"><font size=\"3\">En una visita reciente a Puerto Rico, Tita Hasbun, directora del CFWRD destac\u00f3 que \u201cestamos llenos de entusiasmo y altas expectativas porque con esta uni\u00f3n y alianza estaremos beneficiando no solo al sector de la moda y el modelaje con oportunidades de intercambiar y llevar el talento a nuevos escenarios, sino tambi\u00e9n porque estamos proponiendo un nuevo esquema cultural y tur\u00edstico que atraiga la atenci\u00f3n del mundo y que por ende aportan a la econom\u00eda y transformaci\u00f3n de nuestras islas.\u201d Hasbun inform\u00f3<\/font><\/p>\n","protected":false},"excerpt":{"rendered":"<p>San Juan, PR \u2013 El dise\u00f1ador H\u00e9ctor Omar se prepara para debutar el pr\u00f3ximo 21 de julio en la pasarela del Caribbean Fashion Week en Rep\u00fablica Dominicana (CFWRD), luego de su pasada presentaci\u00f3n en el Puerto Rico High Fashion Week&hellip;<\/p>\n<p class=\"more-link-p\"><a class=\"more-link\" href=\"https:\/\/bobvarela.com\/?p=41557\">Read more &rarr;<\/a><\/p>\n","protected":false},"author":1,"featured_media":0,"comment_status":"open","ping_status":"open","sticky":false,"template":"","format":"standard","meta":{"ngg_post_thumbnail":0,"footnotes":""},"categories":[4],"tags":[75,30],"class_list":["post-41557","post","type-post","status-publish","format-standard","hentry","category-moda","tag-hector-omar","tag-puerto-rico-high-fashion-week"],"_links":{"self":[{"href":"https:\/\/bobvarela.com\/index.php?rest_route=\/wp\/v2\/posts\/41557","targetHints":{"allow":["GET"]}}],"collection":[{"href":"https:\/\/bobvarela.com\/index.php?rest_route=\/wp\/v2\/posts"}],"about":[{"href":"https:\/\/bobvarela.com\/index.php?rest_route=\/wp\/v2\/types\/post"}],"author":[{"embeddable":true,"href":"https:\/\/bobvarela.com\/index.php?rest_route=\/wp\/v2\/users\/1"}],"replies":[{"embeddable":true,"href":"https:\/\/bobvarela.com\/index.php?rest_route=%2Fwp%2Fv2%2Fcomments&post=41557"}],"version-history":[{"count":1,"href":"https:\/\/bobvarela.com\/index.php?rest_route=\/wp\/v2\/posts\/41557\/revisions"}],"predecessor-version":[{"id":41558,"href":"https:\/\/bobvarela.com\/index.php?rest_route=\/wp\/v2\/posts\/41557\/revisions\/41558"}],"wp:attachment":[{"href":"https:\/\/bobvarela.com\/index.php?rest_route=%2Fwp%2Fv2%2Fmedia&parent=41557"}],"wp:term":[{"taxonomy":"category","embeddable":true,"href":"https:\/\/bobvarela.com\/index.php?rest_route=%2Fwp%2Fv2%2Fcategories&post=41557"},{"taxonomy":"post_tag","embeddable":true,"href":"https:\/\/bobvarela.com\/index.php?rest_route=%2Fwp%2Fv2%2Ftags&post=41557"}],"curies":[{"name":"wp","href":"https:\/\/api.w.org\/{rel}","templated":true}]}}