{"id":41646,"date":"2012-07-22T18:42:22","date_gmt":"2012-07-22T22:42:22","guid":{"rendered":"https:\/\/bobvarela.com\/?p=41646"},"modified":"2012-07-22T18:42:24","modified_gmt":"2012-07-22T22:42:24","slug":"puerto-rico-high-fashion-week-convoca-modelos-para-casting","status":"publish","type":"post","link":"https:\/\/bobvarela.com\/?p=41646","title":{"rendered":"Puerto Rico High Fashion Week convoca modelos para casting"},"content":{"rendered":"<p align=\"center\"><a href=\"https:\/\/bobvarela.com\/wp-content\/uploads\/2012\/07\/image.png\"><img loading=\"lazy\" decoding=\"async\" style=\"background-image: none; border-bottom: 0px; border-left: 0px; padding-left: 0px; padding-right: 0px; display: inline; border-top: 0px; border-right: 0px; padding-top: 0px\" title=\"image\" border=\"0\" alt=\"image\" src=\"https:\/\/bobvarela.com\/wp-content\/uploads\/2012\/07\/image_thumb.png\" width=\"186\" height=\"163\"\/><\/a> <\/p>\n<p align=\"justify\"><font size=\"3\"><strong>San Juan, P.R. &#8211; Puerto Rico High Fashion Week<\/strong> (PRHFW), principal evento de moda del pa\u00eds, realizar\u00e1 una audici\u00f3n<i> <\/i>el jueves, 9 de agosto, de 4:00 PM a 6:30 PM, en Eternal Lobby Lounge, ubicado en el Hotel Conrad Condado Plaza, para seleccionar al grupo de modelos que participar\u00e1 en su prestigiosa pasarela, a celebrarse del 20 al 22 de septiembre.<\/font> <\/p>\n<p align=\"justify\"><font size=\"3\">Los dise\u00f1adores locales que participan en el evento recibir\u00e1n y seleccionar\u00e1n personalmente a los modelos para sus respectivos desfiles, quienes deben cumplir con los requisitos que se mencionan a continuaci\u00f3n. Las chicas deben tener una estatura m\u00ednima de 5\u20197\u201d, un m\u00e1ximo de cadera de 36\u201d y lucir un traje sencillo, corto y ce\u00f1ido o pantal\u00f3n corto, zapatos de taco alto y maquillaje natural. Por su parte, se solicita a los varones tener una estatura m\u00ednima de 5\u201910\u201d y utilizar vestimenta casual.<\/font> <\/p>\n<p align=\"justify\"><font size=\"3\">\u201cAl igual que sucede con los dise\u00f1adores, la participaci\u00f3n de modelos en este evento, que cuenta con trascendencia internacional, es una plataforma para desarrollarse y lograr mayor exposici\u00f3n en todos los niveles\u201d, asegur\u00f3 su presidenta, Caridad Fern\u00e1ndez. <\/font> <\/p>\n<p align=\"justify\"><font size=\"3\">El Puerto Rico High Fashion Week, fundado en el a\u00f1o 2005, es el evento nacional de la moda. En el mismo se presentan los m\u00e1s importantes dise\u00f1adores de moda locales, incluyendo a los m\u00e1s prometedores talentos j\u00f3venes, as\u00ed como destacados dise\u00f1adores internacionales. <\/font> <\/p>\n<p align=\"justify\"><font size=\"3\">Para informaci\u00f3n adicional sobre el casting, pueden llamar al 787.723.8866 \u00f3 visitar la p\u00e1gina en Facebook: Puerto Rico High Fashion Week.<\/font><\/p>\n","protected":false},"excerpt":{"rendered":"<p>San Juan, P.R. &#8211; Puerto Rico High Fashion Week (PRHFW), principal evento de moda del pa\u00eds, realizar\u00e1 una audici\u00f3n el jueves, 9 de agosto, de 4:00 PM a 6:30 PM, en Eternal Lobby Lounge, ubicado en el Hotel Conrad Condado&hellip;<\/p>\n<p class=\"more-link-p\"><a class=\"more-link\" href=\"https:\/\/bobvarela.com\/?p=41646\">Read more &rarr;<\/a><\/p>\n","protected":false},"author":1,"featured_media":0,"comment_status":"open","ping_status":"open","sticky":false,"template":"","format":"standard","meta":{"ngg_post_thumbnail":0,"footnotes":""},"categories":[1],"tags":[30],"class_list":["post-41646","post","type-post","status-publish","format-standard","hentry","category-uncategorized","tag-puerto-rico-high-fashion-week"],"_links":{"self":[{"href":"https:\/\/bobvarela.com\/index.php?rest_route=\/wp\/v2\/posts\/41646","targetHints":{"allow":["GET"]}}],"collection":[{"href":"https:\/\/bobvarela.com\/index.php?rest_route=\/wp\/v2\/posts"}],"about":[{"href":"https:\/\/bobvarela.com\/index.php?rest_route=\/wp\/v2\/types\/post"}],"author":[{"embeddable":true,"href":"https:\/\/bobvarela.com\/index.php?rest_route=\/wp\/v2\/users\/1"}],"replies":[{"embeddable":true,"href":"https:\/\/bobvarela.com\/index.php?rest_route=%2Fwp%2Fv2%2Fcomments&post=41646"}],"version-history":[{"count":1,"href":"https:\/\/bobvarela.com\/index.php?rest_route=\/wp\/v2\/posts\/41646\/revisions"}],"predecessor-version":[{"id":41647,"href":"https:\/\/bobvarela.com\/index.php?rest_route=\/wp\/v2\/posts\/41646\/revisions\/41647"}],"wp:attachment":[{"href":"https:\/\/bobvarela.com\/index.php?rest_route=%2Fwp%2Fv2%2Fmedia&parent=41646"}],"wp:term":[{"taxonomy":"category","embeddable":true,"href":"https:\/\/bobvarela.com\/index.php?rest_route=%2Fwp%2Fv2%2Fcategories&post=41646"},{"taxonomy":"post_tag","embeddable":true,"href":"https:\/\/bobvarela.com\/index.php?rest_route=%2Fwp%2Fv2%2Ftags&post=41646"}],"curies":[{"name":"wp","href":"https:\/\/api.w.org\/{rel}","templated":true}]}}