{"id":41673,"date":"2012-07-23T19:21:20","date_gmt":"2012-07-23T23:21:20","guid":{"rendered":"https:\/\/bobvarela.com\/?p=41673"},"modified":"2012-07-23T19:21:23","modified_gmt":"2012-07-23T23:21:23","slug":"celebran-la-semana-de-la-moda-en-colombia-con-el-magno-evento-colombiamoda-2012","status":"publish","type":"post","link":"https:\/\/bobvarela.com\/?p=41673","title":{"rendered":"CELEBRAN LA SEMANA DE LA MODA EN COLOMBIA CON EL MAGNO EVENTO COLOMBIAMODA 2012"},"content":{"rendered":"<p align=\"justify\"><font size=\"3\">Como parte de la semana de la Moda de Colombia, regresa el esperado evento Colombia Moda, el cual se realizar\u00e1 del 24 al 26 de julio en Medell\u00edn. Con una espectativa de generar oportunidades de negocios de sobre $95 millones para el Sistema de Moda en Latinoam\u00e9rica, este evento reunir\u00e1 a sobre 450 expositores colombianos e internacionales, sobre 9,500 compradores y visitantes.<\/font><\/p>\n<p align=\"justify\"><font size=\"3\">Carlos Eduardo Botero Hoyos, Presidente Ejecutivo de Inexmoda, afirm\u00f3 que gracias al importante apoyo que cada a\u00f1o ofrecen Proexport y la Alcald\u00eda de Medell\u00edn, la Feria espera recibir m\u00e1s de 1.500 compradores internacionales de alrededor de 50 pa\u00edses, quienes podr\u00e1n conocer productos de valor agregado y confirmar por qu\u00e9 Medell\u00edn se posiciona cada d\u00eda m\u00e1s como la capital de la moda.<\/font><\/p>\n<p align=\"center\"><font size=\"3\"><a href=\"https:\/\/bobvarela.com\/wp-content\/uploads\/2012\/07\/Diseadora-Pepa-Pombo.jpg\"><img loading=\"lazy\" decoding=\"async\" style=\"background-image: none; border-bottom: 0px; border-left: 0px; padding-left: 0px; padding-right: 0px; display: inline; border-top: 0px; border-right: 0px; padding-top: 0px\" title=\" Dise\u00f1adora Pepa Pombo\" border=\"0\" alt=\" Dise\u00f1adora Pepa Pombo\" src=\"https:\/\/bobvarela.com\/wp-content\/uploads\/2012\/07\/Diseadora-Pepa-Pombo_thumb.jpg\" width=\"326\" height=\"188\" \/><\/a><\/font><\/p>\n<p align=\"center\"> Dise\u00f1adora Pepa Pombo<\/p>\n<p align=\"justify\"><font size=\"3\">En esta edici\u00f3n 23, las pasarelas de Colombiamoda estar\u00e1n cargadas de propuestas in\u00e9ditas para la temporada Primera-Verano 2013. La dise\u00f1adora y empresaria colombiana Lina Cantillo ser\u00e1 la encargada de presentar la pasarela inaugural de Colombiamoda 2012, con una colecci\u00f3n impactante del universo masculino. Por primera vez Colombiamoda abre su feria con pasarela masculina.<\/font><\/p>\n<p align=\"center\"><a href=\"https:\/\/bobvarela.com\/wp-content\/uploads\/2012\/07\/Diseos-de-Pepa-Pombo.jpg\"><img loading=\"lazy\" decoding=\"async\" style=\"background-image: none; border-bottom: 0px; border-left: 0px; padding-left: 0px; padding-right: 0px; display: inline; border-top: 0px; border-right: 0px; padding-top: 0px\" title=\" Dise\u00f1os de Pepa Pombo\" border=\"0\" alt=\" Dise\u00f1os de Pepa Pombo\" src=\"https:\/\/bobvarela.com\/wp-content\/uploads\/2012\/07\/Diseos-de-Pepa-Pombo_thumb.jpg\" width=\"330\" height=\"217\" \/><\/a><\/p>\n<p align=\"center\"> Dise\u00f1os de Pepa Pombo<\/p>\n<p align=\"justify\"><font size=\"3\">El gran invitado internacional de Colombiamoda 2012, es el mexicano Christian Cota quien estar\u00e1 presente gracias a la alianza entre La CFDA, Council of Fashion Designers of America e Inexmoda. Este nuevo talento del dise\u00f1o es reconocido a nivel internacional por grandes personalidades de la moda como Anna Wintour, y es el \u00fanico dise\u00f1ador mexicano que tiene el privilegio de presentar sus dise\u00f1os en la semana de la moda de Nueva York.<\/font><\/p>\n<p align=\"center\"><a href=\"https:\/\/bobvarela.com\/wp-content\/uploads\/2012\/07\/Diseos-nios-de-Lina-Cantillo.jpg\"><img loading=\"lazy\" decoding=\"async\" style=\"background-image: none; border-bottom: 0px; border-left: 0px; padding-left: 0px; padding-right: 0px; display: inline; border-top: 0px; border-right: 0px; padding-top: 0px\" title=\" Dise\u00f1os ni\u00f1os de Lina Cantillo\" border=\"0\" alt=\" Dise\u00f1os ni\u00f1os de Lina Cantillo\" src=\"https:\/\/bobvarela.com\/wp-content\/uploads\/2012\/07\/Diseos-nios-de-Lina-Cantillo_thumb.jpg\" width=\"356\" height=\"192\" \/><\/a><\/p>\n<p align=\"center\"> Dise\u00f1os ni\u00f1os de Lina Cantillo<\/p>\n<p align=\"justify\"><font size=\"3\">Tambi\u00e9n participar\u00e1n en Colombiamoda 2012 importantes dise\u00f1adores colombianos como: Mar\u00eda Elena Villamil, Isabel Henao, Renata Lozano, la pareja Leal Daccarett, la pasarela Miratex con Laura de Dios, entre otros. El talento joven estar\u00e1&#160; representado por Carolina Sep\u00falveda; Polite, quien viene de la mano de la Revista Fucsia; en la pasarela de Cultura E con Alado, Mai Petit y Frida; y con Infashion vendr\u00e1n La Casa de Greta, Andrea Castro y Dar\u00edo C\u00e1rdenas. Por su parte, los estudiantes dicen presente en Colombiamoda en las pasarelas de la Fundaci\u00f3n Universitaria del \u00c1rea Andina, de la Universidad Pontificia Bolivariana y de la Colegiatura con los J\u00f3venes Creadores Chocolyne. <\/font><\/p>\n<p align=\"center\"><a href=\"https:\/\/bobvarela.com\/wp-content\/uploads\/2012\/07\/Desfile-La-Stenza.jpg\"><img loading=\"lazy\" decoding=\"async\" style=\"background-image: none; border-bottom: 0px; border-left: 0px; padding-left: 0px; padding-right: 0px; display: inline; border-top: 0px; border-right: 0px; padding-top: 0px\" title=\"Desfile La Stenza\" border=\"0\" alt=\"Desfile La Stenza\" src=\"https:\/\/bobvarela.com\/wp-content\/uploads\/2012\/07\/Desfile-La-Stenza_thumb.jpg\" width=\"356\" height=\"218\" \/><\/a><\/p>\n<p align=\"center\">Desfile La Stenza<\/p>\n<p align=\"justify\"><font size=\"3\">La participaci\u00f3n comercial, igualmente con colecciones in\u00e9ditas, estar\u00e1 a cargo de Leonisa con la Revista Carrusel, Studio F, Agua Bendita con Ipanema, Magazine El Tesoro con Rapsodia, Cueros V\u00e9lez, la marca turca LTB, Tennis, el Grupo \u00c9xito con Bronzini, Babal\u00fa, y OffCorss con las tendencias para los j\u00f3venes y peque\u00f1os. <\/font><\/p>\n<p align=\"justify\"><font size=\"3\">En jeanswear se puede destacar la presencia de Trucco\u00b4s, Alado, Marengo, Pigmento y diferentes marcas de Per\u00fa, Ecuador, Portugal y Argentina. En infantil Mayatex, Baby dress y See you. En joyer\u00eda estar\u00e1n entre otras Llena de Gracia, P\u00e1jaro Lim\u00f3n y un grupo de marcas argentinas. En el sector de marroquiner\u00eda contaremos con Tatiago, Gemleather, Baumler y muchas m\u00e1s. De hogar se destaca Safartex, Distrihogar y un gran grupo de empresas de Portugal. Phax, Garotas, Touch\u00e9, Maaji, EA lingerie, entre otras, har\u00e1n parte del pabell\u00f3n de \u00edntimo y playa. <\/font><\/p>\n<p align=\"center\"><a href=\"https:\/\/bobvarela.com\/wp-content\/uploads\/2012\/07\/TQM-by-Leonissa.jpg\"><img loading=\"lazy\" decoding=\"async\" style=\"background-image: none; border-bottom: 0px; border-left: 0px; padding-left: 0px; padding-right: 0px; display: inline; border-top: 0px; border-right: 0px; padding-top: 0px\" title=\"TQM by Leonissa\" border=\"0\" alt=\"TQM by Leonissa\" src=\"https:\/\/bobvarela.com\/wp-content\/uploads\/2012\/07\/TQM-by-Leonissa_thumb.jpg\" width=\"194\" height=\"287\" \/><\/a>&#160;&#160;&#160;&#160;&#160;&#160;&#160;&#160;&#160; <a href=\"https:\/\/bobvarela.com\/wp-content\/uploads\/2012\/07\/Diseos-Lina-Cantillo.jpg\"><img loading=\"lazy\" decoding=\"async\" style=\"background-image: none; border-bottom: 0px; border-left: 0px; padding-left: 0px; padding-right: 0px; display: inline; border-top: 0px; border-right: 0px; padding-top: 0px\" title=\" Dise\u00f1os Lina Cantillo\" border=\"0\" alt=\" Dise\u00f1os Lina Cantillo\" src=\"https:\/\/bobvarela.com\/wp-content\/uploads\/2012\/07\/Diseos-Lina-Cantillo_thumb.jpg\" width=\"194\" height=\"289\" \/><\/a><\/p>\n<p align=\"center\">TQM by Leonissa&#160;&#160;&#160;&#160;&#160;&#160;&#160;&#160;&#160;&#160;&#160;&#160;&#160;&#160;&#160;&#160;&#160;&#160;&#160;&#160;&#160;&#160;&#160;&#160;&#160;&#160; Dise\u00f1os Lina Cantillo<\/p>\n<p align=\"justify\"><font size=\"3\">En su inter\u00e9s de continuar integrando el trabajo de los actores de la industria textil, Inexmoda ha impulsado como tem\u00e1tica de la Feria el \u201cSistema Moda\u201d, de cara a seguir el ejemplo de casos exitosos como Inglaterra, Italia, Francia y Brasil. De igual forma, con la entrada en vigencia del TLC con Estados Unidos, los empresarios del sector hallar\u00e1n oportunidades para promover sus negocios en ese mercado.<\/font><\/p>\n","protected":false},"excerpt":{"rendered":"<p>Como parte de la semana de la Moda de Colombia, regresa el esperado evento Colombia Moda, el cual se realizar\u00e1 del 24 al 26 de julio en Medell\u00edn. Con una espectativa de generar oportunidades de negocios de sobre $95 millones&hellip;<\/p>\n<p class=\"more-link-p\"><a class=\"more-link\" href=\"https:\/\/bobvarela.com\/?p=41673\">Read more &rarr;<\/a><\/p>\n","protected":false},"author":1,"featured_media":0,"comment_status":"open","ping_status":"open","sticky":false,"template":"","format":"standard","meta":{"ngg_post_thumbnail":0,"footnotes":""},"categories":[4],"tags":[502],"class_list":["post-41673","post","type-post","status-publish","format-standard","hentry","category-moda","tag-colombiamoda"],"_links":{"self":[{"href":"https:\/\/bobvarela.com\/index.php?rest_route=\/wp\/v2\/posts\/41673","targetHints":{"allow":["GET"]}}],"collection":[{"href":"https:\/\/bobvarela.com\/index.php?rest_route=\/wp\/v2\/posts"}],"about":[{"href":"https:\/\/bobvarela.com\/index.php?rest_route=\/wp\/v2\/types\/post"}],"author":[{"embeddable":true,"href":"https:\/\/bobvarela.com\/index.php?rest_route=\/wp\/v2\/users\/1"}],"replies":[{"embeddable":true,"href":"https:\/\/bobvarela.com\/index.php?rest_route=%2Fwp%2Fv2%2Fcomments&post=41673"}],"version-history":[{"count":1,"href":"https:\/\/bobvarela.com\/index.php?rest_route=\/wp\/v2\/posts\/41673\/revisions"}],"predecessor-version":[{"id":41674,"href":"https:\/\/bobvarela.com\/index.php?rest_route=\/wp\/v2\/posts\/41673\/revisions\/41674"}],"wp:attachment":[{"href":"https:\/\/bobvarela.com\/index.php?rest_route=%2Fwp%2Fv2%2Fmedia&parent=41673"}],"wp:term":[{"taxonomy":"category","embeddable":true,"href":"https:\/\/bobvarela.com\/index.php?rest_route=%2Fwp%2Fv2%2Fcategories&post=41673"},{"taxonomy":"post_tag","embeddable":true,"href":"https:\/\/bobvarela.com\/index.php?rest_route=%2Fwp%2Fv2%2Ftags&post=41673"}],"curies":[{"name":"wp","href":"https:\/\/api.w.org\/{rel}","templated":true}]}}