{"id":41900,"date":"2012-08-10T06:53:43","date_gmt":"2012-08-10T10:53:43","guid":{"rendered":"https:\/\/bobvarela.com\/?p=41900"},"modified":"2012-08-10T07:03:29","modified_gmt":"2012-08-10T11:03:29","slug":"audiciones-del-puerto-rico-high-fashion-week-primaveraotoo-2013","status":"publish","type":"post","link":"https:\/\/bobvarela.com\/?p=41900","title":{"rendered":"Audiciones del Puerto Rico High Fashion Week Primavera\/Oto&ntilde;o 2013"},"content":{"rendered":"<p align=\"justify\"><font size=\"3\">El 9 de agosto en el Eternal Lounge de Hotel Condado Plaza se celebraron las audiciones del Puerto Rico High Fashion Week Primavera\/Oto\u00f1o 2013. Sobre 400 personas audicionaron para ser escogidos como los modelos para el proximo High Fashion Week. A continuaci\u00f3n algunas de las fotos tomados en la audici\u00f3n.&#160;&#160; El resto de las fotos lo encontrar\u00e1s en nuetro Fan Page&#160; <a href=\"https:\/\/www.facebook.com\/media\/set\/?set=a.10151006181183668.424877.170458963667&amp;type=1\" target=\"_blank\">Fotos Casting High Fashion Week Aug 2012<\/a> donde puede dar like <img decoding=\"async\" style=\"border-bottom-style: none; border-left-style: none; border-top-style: none; border-right-style: none\" class=\"wlEmoticon wlEmoticon-smile\" alt=\"Smile\" src=\"https:\/\/bobvarela.com\/wp-content\/uploads\/2012\/08\/wlEmoticon-smile.png\" \/>&#160;<\/font><\/p>\n<p align=\"center\">ngg_shortcode_0_placeholder<\/p>\n","protected":false},"excerpt":{"rendered":"<p>El 9 de agosto en el Eternal Lounge de Hotel Condado Plaza se celebraron las audiciones del Puerto Rico High Fashion Week Primavera\/Oto\u00f1o 2013. Sobre 400 personas audicionaron para ser escogidos como los modelos para el proximo High Fashion Week.&hellip;<\/p>\n<p class=\"more-link-p\"><a class=\"more-link\" href=\"https:\/\/bobvarela.com\/?p=41900\">Read more &rarr;<\/a><\/p>\n","protected":false},"author":1,"featured_media":0,"comment_status":"open","ping_status":"open","sticky":false,"template":"","format":"standard","meta":{"ngg_post_thumbnail":0,"footnotes":""},"categories":[4],"tags":[30],"class_list":["post-41900","post","type-post","status-publish","format-standard","hentry","category-moda","tag-puerto-rico-high-fashion-week"],"_links":{"self":[{"href":"https:\/\/bobvarela.com\/index.php?rest_route=\/wp\/v2\/posts\/41900","targetHints":{"allow":["GET"]}}],"collection":[{"href":"https:\/\/bobvarela.com\/index.php?rest_route=\/wp\/v2\/posts"}],"about":[{"href":"https:\/\/bobvarela.com\/index.php?rest_route=\/wp\/v2\/types\/post"}],"author":[{"embeddable":true,"href":"https:\/\/bobvarela.com\/index.php?rest_route=\/wp\/v2\/users\/1"}],"replies":[{"embeddable":true,"href":"https:\/\/bobvarela.com\/index.php?rest_route=%2Fwp%2Fv2%2Fcomments&post=41900"}],"version-history":[{"count":2,"href":"https:\/\/bobvarela.com\/index.php?rest_route=\/wp\/v2\/posts\/41900\/revisions"}],"predecessor-version":[{"id":41902,"href":"https:\/\/bobvarela.com\/index.php?rest_route=\/wp\/v2\/posts\/41900\/revisions\/41902"}],"wp:attachment":[{"href":"https:\/\/bobvarela.com\/index.php?rest_route=%2Fwp%2Fv2%2Fmedia&parent=41900"}],"wp:term":[{"taxonomy":"category","embeddable":true,"href":"https:\/\/bobvarela.com\/index.php?rest_route=%2Fwp%2Fv2%2Fcategories&post=41900"},{"taxonomy":"post_tag","embeddable":true,"href":"https:\/\/bobvarela.com\/index.php?rest_route=%2Fwp%2Fv2%2Ftags&post=41900"}],"curies":[{"name":"wp","href":"https:\/\/api.w.org\/{rel}","templated":true}]}}