{"id":41959,"date":"2012-08-27T20:59:29","date_gmt":"2012-08-28T00:59:29","guid":{"rendered":"https:\/\/bobvarela.com\/?p=41959"},"modified":"2012-08-27T20:59:31","modified_gmt":"2012-08-28T00:59:31","slug":"calendario-puerto-rico-high-fashion-week-sept-2012","status":"publish","type":"post","link":"https:\/\/bobvarela.com\/?p=41959","title":{"rendered":"Calendario Puerto Rico High Fashion Week Sept 2012"},"content":{"rendered":"<p align=\"justify\"><font size=\"3\"><a href=\"https:\/\/bobvarela.com\/wp-content\/uploads\/2012\/08\/228523_10151056144424332_1419858111_n.jpg\"><img loading=\"lazy\" decoding=\"async\" style=\"background-image: none; border-right-width: 0px; padding-left: 0px; padding-right: 0px; display: block; float: none; border-top-width: 0px; border-bottom-width: 0px; margin-left: auto; border-left-width: 0px; margin-right: auto; padding-top: 0px\" title=\"228523_10151056144424332_1419858111_n\" border=\"0\" alt=\"228523_10151056144424332_1419858111_n\" src=\"https:\/\/bobvarela.com\/wp-content\/uploads\/2012\/08\/228523_10151056144424332_1419858111_n_thumb.jpg\" width=\"233\" height=\"220\" \/><\/a><\/font><\/p>\n<p align=\"justify\"><font size=\"3\">San Juan, Puerto Rico \u2013 27 de agosto de 2012) La pasarela de moda m\u00e1s importante de Puerto Rico y el Caribe, Puerto Rico High Fashion Week (PRHFW) contin\u00faa su crecimiento con miras hacia su internacionalizaci\u00f3n. Para esta duod\u00e9cima edici\u00f3n estrenan nuevo escenario en el Coliseo Roberto Clemente, contar\u00e1n con la participaci\u00f3n de los mejores dise\u00f1adores locales, refuerzan la participaci\u00f3n de los noveles y The New Gereration, reciben desde la Rep\u00fablica Dominicana al dise\u00f1ador Amaury Matos, celebran&#160; el d\u00e9cimo sexto aniversario de Elite Model Look Puerto Rico y cierran con la pasarela de los internacionales The Blonds, quienes llegar\u00e1n a la Isla tras cerrar, por tercer a\u00f1o consecutivo, el New York Fashion Week.<\/font><\/p>\n<p align=\"justify\"><font size=\"3\">&quot;Estamos muy entusiasmados con esta nueva plataforma que representa el Coliseo Roberto Clemente para el Puerto Rico High Fashion Week. Queremos agradecer al Alcalde Jorge Santini todo el respaldo que le ha dado a nuestro proyecto como parte de su amplia visi\u00f3n para San Juan que va dirigida a convertirse en la capital de la moda del Caribe. Tenemos la capacidad de atraer el turismo especializado en la moda porque el talento de nuestros dise\u00f1adores es la mejor carta para posicionar a Puerto Rico como destino tur\u00edstico y a San Juan como la capital de la moda&quot; dijo Caridad Fern\u00e1ndez quien adem\u00e1s reconoci\u00f3 el auspicio de Glidden, que celebrar\u00e1 en grande su 55 Aniversario durante la semana de la moda.<\/font><\/p>\n<p align=\"justify\"><font size=\"3\">Sobre el respaldo que el Municipio de San Juan ha dado al Puerto Rico High Fashion Week el Alcalde de la ciudad capital Jorge Santini, coment\u00f3: &quot;El talento de Puerto Rico tiene su plataforma en San Juan y nosotros siempre hemos estado de su lado. Esta celebraci\u00f3n enmarca la creatividad, la elegancia y el talento no solo de las los dise\u00f1adores, sino todo el componente de esta magna producci\u00f3n, que incluye a las y los modelos que lucen el producto final. Bienvenidos a nuestra casa grande y que sean muchas las noches de la moda que se celebren con nosotros.&quot;<\/font><\/p>\n<p align=\"justify\"><font size=\"3\">A continuaci\u00f3n el calendario de llos desfiles que se veran:<\/font><\/p>\n<p align=\"justify\"><a href=\"https:\/\/bobvarela.com\/wp-content\/uploads\/2012\/08\/191776_10151151332548738_2065362970_o.jpg\"><img loading=\"lazy\" decoding=\"async\" style=\"background-image: none; border-right-width: 0px; padding-left: 0px; padding-right: 0px; display: block; float: none; border-top-width: 0px; border-bottom-width: 0px; margin-left: auto; border-left-width: 0px; margin-right: auto; padding-top: 0px\" title=\"191776_10151151332548738_2065362970_o\" border=\"0\" alt=\"191776_10151151332548738_2065362970_o\" src=\"https:\/\/bobvarela.com\/wp-content\/uploads\/2012\/08\/191776_10151151332548738_2065362970_o_thumb.jpg\" width=\"553\" height=\"434\" \/><\/a><\/p>\n","protected":false},"excerpt":{"rendered":"<p>San Juan, Puerto Rico \u2013 27 de agosto de 2012) La pasarela de moda m\u00e1s importante de Puerto Rico y el Caribe, Puerto Rico High Fashion Week (PRHFW) contin\u00faa su crecimiento con miras hacia su internacionalizaci\u00f3n. Para esta duod\u00e9cima edici\u00f3n&hellip;<\/p>\n<p class=\"more-link-p\"><a class=\"more-link\" href=\"https:\/\/bobvarela.com\/?p=41959\">Read more &rarr;<\/a><\/p>\n","protected":false},"author":1,"featured_media":0,"comment_status":"open","ping_status":"open","sticky":false,"template":"","format":"standard","meta":{"ngg_post_thumbnail":0,"footnotes":""},"categories":[4,295],"tags":[30],"class_list":["post-41959","post","type-post","status-publish","format-standard","hentry","category-moda","category-puerto-rico","tag-puerto-rico-high-fashion-week"],"_links":{"self":[{"href":"https:\/\/bobvarela.com\/index.php?rest_route=\/wp\/v2\/posts\/41959","targetHints":{"allow":["GET"]}}],"collection":[{"href":"https:\/\/bobvarela.com\/index.php?rest_route=\/wp\/v2\/posts"}],"about":[{"href":"https:\/\/bobvarela.com\/index.php?rest_route=\/wp\/v2\/types\/post"}],"author":[{"embeddable":true,"href":"https:\/\/bobvarela.com\/index.php?rest_route=\/wp\/v2\/users\/1"}],"replies":[{"embeddable":true,"href":"https:\/\/bobvarela.com\/index.php?rest_route=%2Fwp%2Fv2%2Fcomments&post=41959"}],"version-history":[{"count":1,"href":"https:\/\/bobvarela.com\/index.php?rest_route=\/wp\/v2\/posts\/41959\/revisions"}],"predecessor-version":[{"id":41960,"href":"https:\/\/bobvarela.com\/index.php?rest_route=\/wp\/v2\/posts\/41959\/revisions\/41960"}],"wp:attachment":[{"href":"https:\/\/bobvarela.com\/index.php?rest_route=%2Fwp%2Fv2%2Fmedia&parent=41959"}],"wp:term":[{"taxonomy":"category","embeddable":true,"href":"https:\/\/bobvarela.com\/index.php?rest_route=%2Fwp%2Fv2%2Fcategories&post=41959"},{"taxonomy":"post_tag","embeddable":true,"href":"https:\/\/bobvarela.com\/index.php?rest_route=%2Fwp%2Fv2%2Ftags&post=41959"}],"curies":[{"name":"wp","href":"https:\/\/api.w.org\/{rel}","templated":true}]}}