{"id":41967,"date":"2012-08-28T17:42:49","date_gmt":"2012-08-28T21:42:49","guid":{"rendered":"https:\/\/bobvarela.com\/?p=41967"},"modified":"2012-08-28T17:42:52","modified_gmt":"2012-08-28T21:42:52","slug":"confirmados-los-finalistas-de-elite-model-look-puerto-rico","status":"publish","type":"post","link":"https:\/\/bobvarela.com\/?p=41967","title":{"rendered":"Confirmados los finalistas de Elite Model Look Puerto Rico"},"content":{"rendered":"<p align=\"center\"><a href=\"https:\/\/bobvarela.com\/wp-content\/uploads\/2012\/08\/image3.png\"><img loading=\"lazy\" decoding=\"async\" style=\"background-image: none; border-bottom: 0px; border-left: 0px; padding-left: 0px; padding-right: 0px; display: block; float: none; margin-left: auto; border-top: 0px; margin-right: auto; border-right: 0px; padding-top: 0px\" title=\"image\" border=\"0\" alt=\"image\" src=\"https:\/\/bobvarela.com\/wp-content\/uploads\/2012\/08\/image_thumb3.png\" width=\"276\" height=\"204\" \/><\/a><\/p>\n<p align=\"justify\"><font size=\"3\">San Juan, PR \u2013 Elite Model Look Puerto Rico (EMLPR), el certamen de modelos de mayor envergadura, revel\u00f3 los nombres del grupo de finalistas de donde se seleccionar\u00e1 a la nueva supermodelo que nos representar\u00e1 en el Elite Model Look World Final en Shanghai, China y el primer var\u00f3n en la historia que ostentar\u00e1 dicho t\u00edtulo.<\/font><\/p>\n<p align=\"justify\"><font size=\"3\">El grupo fue seleccionado entre unos 80 participantes que desfilaron frente al jurado en la semifinal, celebrada recientemente en el Club Brava del Hotel San Juan y compuesto por los dise\u00f1adores Shalysmar Latorre, de la l\u00ednea de trajes de ba\u00f1o Dulce Lim\u00f3n, la novel Juliana Abislaim\u00e1n, el reconocido Eddie Guerrero y el integrante de <i>The New Generation<\/i>, Ghabriello Fernando, junto al fot\u00f3grafo de moda Felipe Torres y el <i>stylist<\/i> Christian Ram\u00edrez.<\/font><\/p>\n<p align=\"center\"><a href=\"https:\/\/bobvarela.com\/wp-content\/uploads\/2012\/08\/DSC04052.jpg\"><img loading=\"lazy\" decoding=\"async\" style=\"background-image: none; border-bottom: 0px; border-left: 0px; padding-left: 0px; padding-right: 0px; display: inline; border-top: 0px; border-right: 0px; padding-top: 0px\" title=\"DSC04052\" border=\"0\" alt=\"DSC04052\" src=\"https:\/\/bobvarela.com\/wp-content\/uploads\/2012\/08\/DSC04052_thumb.jpg\" width=\"342\" height=\"227\" \/><\/a><\/p>\n<p><font size=\"3\">Los modelos elegidos fueron:<\/font><\/p>\n<p><font size=\"3\">Mujeres:<\/font><\/p>\n<h6><font size=\"3\">1. Adriana Santiago<\/font><\/h6>\n<h6><font size=\"3\">2. Agatha Gonz\u00e1lez<\/font><\/h6>\n<h6><font size=\"3\">3. Andrea Oppenheimer<\/font><\/h6>\n<h6><font size=\"3\">4. Annia Deyes<\/font><\/h6>\n<h6><font size=\"3\">5. Camila Rey<\/font><\/h6>\n<h6><font size=\"3\">6. Carolyn Carter<\/font><\/h6>\n<h6><font size=\"3\">7. Chamelis Guzm\u00e1n<\/font><\/h6>\n<h6><font size=\"3\">8. Dalynette Otero<\/font><\/h6>\n<h6><font size=\"3\">9. Daniella D\u00edaz<\/font><\/h6>\n<h6><font size=\"3\">10. Danya Figueroa<\/font><\/h6>\n<h6><font size=\"3\">11. Gabriela Cardona<\/font><\/h6>\n<h6><font size=\"3\">12. Geslie Villar<\/font><\/h6>\n<h6><font size=\"3\">13. Ivanelis Rivera<\/font><\/h6>\n<h6><font size=\"3\">14. Jeanette Rodr\u00edguez<\/font><\/h6>\n<h6><font size=\"3\">15. Jessica Mayo<\/font><\/h6>\n<h6><font size=\"3\">16. Kiaraliz Cruz<\/font><\/h6>\n<h6><font size=\"3\">17. Kiriath Trinidad<\/font><\/h6>\n<h6><font size=\"3\">18. Lexis P\u00e9rez<\/font><\/h6>\n<h6><font size=\"3\">19. Mariella Pappaterra<\/font><\/h6>\n<h6><font size=\"3\">20. Mileyca Cintr\u00f3n<\/font><\/h6>\n<h6><font size=\"3\">21. Myrtis \u00c1lvarez<\/font><\/h6>\n<h6><font size=\"3\">22. Nathalie Rubio<\/font><\/h6>\n<h6><font size=\"3\">23. Nicole Estarellas<\/font><\/h6>\n<h6><font size=\"3\">24. Nicole L\u00f3pez<\/font><\/h6>\n<h6><font size=\"3\">25. Nirvana Dom\u00ednguez<\/font><\/h6>\n<h6><font size=\"3\">26. Nivializ P\u00e9rez<\/font><\/h6>\n<h6><font size=\"3\">27. Paola D\u00edaz<\/font><\/h6>\n<h6><font size=\"3\">28. Paola Rom\u00e1n<\/font><\/h6>\n<h6><font size=\"3\">29. Perla Elosegui<\/font><\/h6>\n<h6><font size=\"3\">30. Priscilla Aquino<\/font><\/h6>\n<h6><font size=\"3\">31. Rahman Khalil<\/font><\/h6>\n<h6><font size=\"3\">32. Regina del Mar Castej\u00f3n<\/font><\/h6>\n<h6><font size=\"3\">33. Stephanie Cancel<\/font><\/h6>\n<h6><font size=\"3\">34. Weadaleth Albarr\u00e1n<\/font><\/h6>\n<h6><font size=\"3\">35. Yelitza Ortiz<\/font><\/h6>\n<p>&#160;<\/p>\n<h6><font size=\"3\">Varones:<\/font><\/h6>\n<h6>&#160;<\/h6>\n<h6><font size=\"3\">1. \u00c1ngel Vega<\/font><\/h6>\n<h6><font size=\"3\">2. Arnaldo Angulo<\/font><\/h6>\n<h6><font size=\"3\">3. Carlos Arias<\/font><\/h6>\n<h6><font size=\"3\">4. Christian Trinidad<\/font><\/h6>\n<h6><font size=\"3\">5. Diego Nieves<\/font><\/h6>\n<h6><font size=\"3\">6. Edgardo Rodr\u00edguez<\/font><\/h6>\n<h6><font size=\"3\">7. Emmanuel Maldonado<\/font><\/h6>\n<h6><font size=\"3\">8. Emmanuel Tartak<\/font><\/h6>\n<h6><font size=\"3\">9. Jean Pierre Godineaux<\/font><\/h6>\n<h6><font size=\"3\">10. Jorge Figueroa<\/font><\/h6>\n<h6><font size=\"3\">11. Jos\u00e9 A. Cruz<\/font><\/h6>\n<h6><font size=\"3\">12. Jos\u00e9 Santiago<\/font><\/h6>\n<h6><font size=\"3\">13. Joshua Amato<\/font><\/h6>\n<h6><font size=\"3\">14. Nephtali Castillo<\/font><\/h6>\n<h6><font size=\"3\">15. Pedro \u00c1lvarez<\/font><\/h6>\n<h6><font size=\"3\">16. Walberto Pag\u00e1n<\/font><\/h6>\n<p>&#160;<\/p>\n<p align=\"center\"><a href=\"https:\/\/bobvarela.com\/wp-content\/uploads\/2012\/08\/DSC04053.jpg\"><img loading=\"lazy\" decoding=\"async\" style=\"background-image: none; border-bottom: 0px; border-left: 0px; padding-left: 0px; padding-right: 0px; display: inline; border-top: 0px; border-right: 0px; padding-top: 0px\" title=\"DSC04053\" border=\"0\" alt=\"DSC04053\" src=\"https:\/\/bobvarela.com\/wp-content\/uploads\/2012\/08\/DSC04053_thumb.jpg\" width=\"216\" height=\"260\" \/><\/a><\/p>\n<p align=\"justify\"><font size=\"3\">La Gran Final de EMLPR 2012 se celebrar\u00e1 el 19 de septiembre, en el Coliseo Roberto Clemente, como apertura del Puerto Rico High Fashion Week (PRHFW) y contar\u00e1 con los desfiles de Dulce Lim\u00f3n, Juliana Abislaim\u00e1n<b> <\/b>y Eddie Guerrero quien presentar\u00e1 una colecci\u00f3n especial de trajes de ba\u00f1o para los varones. Como invitado especial estar\u00e1 el dise\u00f1ador Amaury Matos, quien fue seleccionado como la mejor colecci\u00f3n de los dise\u00f1adores emergentes en el Caribbean Fashion Week celebrado recientemente en la Rep\u00fablica Dominicana.<\/font><\/p>\n<p align=\"justify\"><font size=\"3\">Para m\u00e1s informaci\u00f3n pueden comunicarse al 787.723.8866 o acceder al fan page en Facebook: Elite Model Look Puerto Rico.<\/font><\/p>\n","protected":false},"excerpt":{"rendered":"<p>San Juan, PR \u2013 Elite Model Look Puerto Rico (EMLPR), el certamen de modelos de mayor envergadura, revel\u00f3 los nombres del grupo de finalistas de donde se seleccionar\u00e1 a la nueva supermodelo que nos representar\u00e1 en el Elite Model Look&hellip;<\/p>\n<p class=\"more-link-p\"><a class=\"more-link\" href=\"https:\/\/bobvarela.com\/?p=41967\">Read more &rarr;<\/a><\/p>\n","protected":false},"author":1,"featured_media":0,"comment_status":"open","ping_status":"open","sticky":false,"template":"","format":"standard","meta":{"ngg_post_thumbnail":0,"footnotes":""},"categories":[5],"tags":[208],"class_list":["post-41967","post","type-post","status-publish","format-standard","hentry","category-concursos","tag-elite-model-look"],"_links":{"self":[{"href":"https:\/\/bobvarela.com\/index.php?rest_route=\/wp\/v2\/posts\/41967","targetHints":{"allow":["GET"]}}],"collection":[{"href":"https:\/\/bobvarela.com\/index.php?rest_route=\/wp\/v2\/posts"}],"about":[{"href":"https:\/\/bobvarela.com\/index.php?rest_route=\/wp\/v2\/types\/post"}],"author":[{"embeddable":true,"href":"https:\/\/bobvarela.com\/index.php?rest_route=\/wp\/v2\/users\/1"}],"replies":[{"embeddable":true,"href":"https:\/\/bobvarela.com\/index.php?rest_route=%2Fwp%2Fv2%2Fcomments&post=41967"}],"version-history":[{"count":1,"href":"https:\/\/bobvarela.com\/index.php?rest_route=\/wp\/v2\/posts\/41967\/revisions"}],"predecessor-version":[{"id":41968,"href":"https:\/\/bobvarela.com\/index.php?rest_route=\/wp\/v2\/posts\/41967\/revisions\/41968"}],"wp:attachment":[{"href":"https:\/\/bobvarela.com\/index.php?rest_route=%2Fwp%2Fv2%2Fmedia&parent=41967"}],"wp:term":[{"taxonomy":"category","embeddable":true,"href":"https:\/\/bobvarela.com\/index.php?rest_route=%2Fwp%2Fv2%2Fcategories&post=41967"},{"taxonomy":"post_tag","embeddable":true,"href":"https:\/\/bobvarela.com\/index.php?rest_route=%2Fwp%2Fv2%2Ftags&post=41967"}],"curies":[{"name":"wp","href":"https:\/\/api.w.org\/{rel}","templated":true}]}}