{"id":41986,"date":"2012-09-06T05:54:09","date_gmt":"2012-09-06T09:54:09","guid":{"rendered":"https:\/\/bobvarela.com\/?p=41986"},"modified":"2012-09-06T05:54:12","modified_gmt":"2012-09-06T09:54:12","slug":"david-antonio-la-cuidad-de-mundo","status":"publish","type":"post","link":"https:\/\/bobvarela.com\/?p=41986","title":{"rendered":"David Antonio  La Cuidad de Mundo"},"content":{"rendered":"<p align=\"justify\"><font size=\"3\">El 5 de septiembre, en el Ballroom de Hotel Caribe Hilton el dise\u00f1ador David Antonio realiz\u00f3 su desfile primavera-verano 2013 titulado La Cuidad del Mundo a beneficio del Hogar Cuna San Crist\u00f3bal (lleva 10 a\u00f1os realizado este tipo de actividad ben\u00e9fica). <\/font><\/p>\n<p align=\"justify\"><font size=\"3\">En esta ocasi\u00f3n, el dise\u00f1ador escogi\u00f3 ciudades que lo han marcado a trav\u00e9s de sus 28 a\u00f1os de carrera: Shangai, Madrid, M\u00e9xico, Panam\u00e1, Londres, R\u00edo, Par\u00eds\u2026 y por supuesto, Nueva York.<\/font><\/p>\n<p align=\"justify\"><font size=\"3\">La propuesta \u201cLa Ciudad del Mundo 2013\u201d estuvo dividida en tres estampas, consta de piezas para hombre y mujer; y adem\u00e1s, incluye una mini-estampa para ni\u00f1os.<\/font><\/p>\n<p align=\"justify\"><font size=\"3\">\u2018La Ciudad del Mundo 2013? contempl\u00f3 ropa casual, ropa de playa y piezas de \u2018lounge\u2019, al igual que una importante estampa de vestidos y conjuntos formales en blanco y negro, combinaci\u00f3n protag\u00f3nica que indudablemente ha caracterizado al artista toda su vida.<\/font><\/p>\n<p align=\"justify\"><font size=\"3\">La ambientaci\u00f3n estuvo a cargo de AKUA; c\u00f3ctel y gastronom\u00eda a cargo del Chef Mario Ferro; maquillaje y peinados a cargo de Fernando Rodr\u00edguez y Carlos Marrero; calzado de Galer\u00eda y modelos de \u00danica.<\/font><\/p>\n<p align=\"justify\"><font size=\"3\">A continuaci\u00f3n algunas fotos tomadas en la actividad:<\/font><\/p>\n<p align=\"justify\"><strong><font size=\"3\">ngg_shortcode_0_placeholder<\/font><\/strong><\/p>\n","protected":false},"excerpt":{"rendered":"<p>El 5 de septiembre, en el Ballroom de Hotel Caribe Hilton el dise\u00f1ador David Antonio realiz\u00f3 su desfile primavera-verano 2013 titulado La Cuidad del Mundo a beneficio del Hogar Cuna San Crist\u00f3bal (lleva 10 a\u00f1os realizado este tipo de actividad&hellip;<\/p>\n<p class=\"more-link-p\"><a class=\"more-link\" href=\"https:\/\/bobvarela.com\/?p=41986\">Read more &rarr;<\/a><\/p>\n","protected":false},"author":1,"featured_media":0,"comment_status":"open","ping_status":"open","sticky":false,"template":"","format":"standard","meta":{"ngg_post_thumbnail":0,"footnotes":""},"categories":[4,295],"tags":[161],"class_list":["post-41986","post","type-post","status-publish","format-standard","hentry","category-moda","category-puerto-rico","tag-david-antonio"],"_links":{"self":[{"href":"https:\/\/bobvarela.com\/index.php?rest_route=\/wp\/v2\/posts\/41986","targetHints":{"allow":["GET"]}}],"collection":[{"href":"https:\/\/bobvarela.com\/index.php?rest_route=\/wp\/v2\/posts"}],"about":[{"href":"https:\/\/bobvarela.com\/index.php?rest_route=\/wp\/v2\/types\/post"}],"author":[{"embeddable":true,"href":"https:\/\/bobvarela.com\/index.php?rest_route=\/wp\/v2\/users\/1"}],"replies":[{"embeddable":true,"href":"https:\/\/bobvarela.com\/index.php?rest_route=%2Fwp%2Fv2%2Fcomments&post=41986"}],"version-history":[{"count":1,"href":"https:\/\/bobvarela.com\/index.php?rest_route=\/wp\/v2\/posts\/41986\/revisions"}],"predecessor-version":[{"id":41987,"href":"https:\/\/bobvarela.com\/index.php?rest_route=\/wp\/v2\/posts\/41986\/revisions\/41987"}],"wp:attachment":[{"href":"https:\/\/bobvarela.com\/index.php?rest_route=%2Fwp%2Fv2%2Fmedia&parent=41986"}],"wp:term":[{"taxonomy":"category","embeddable":true,"href":"https:\/\/bobvarela.com\/index.php?rest_route=%2Fwp%2Fv2%2Fcategories&post=41986"},{"taxonomy":"post_tag","embeddable":true,"href":"https:\/\/bobvarela.com\/index.php?rest_route=%2Fwp%2Fv2%2Ftags&post=41986"}],"curies":[{"name":"wp","href":"https:\/\/api.w.org\/{rel}","templated":true}]}}