{"id":42032,"date":"2012-09-10T18:15:01","date_gmt":"2012-09-10T22:15:01","guid":{"rendered":"https:\/\/bobvarela.com\/?p=42032"},"modified":"2012-09-10T18:15:09","modified_gmt":"2012-09-10T22:15:09","slug":"puerto-rico-en-reina-mundial-del-banano","status":"publish","type":"post","link":"https:\/\/bobvarela.com\/?p=42032","title":{"rendered":"Puerto Rico en Reina Mundial del Banano"},"content":{"rendered":"<p align=\"justify\"><font size=\"3\"><\/font><\/p>\n<p align=\"center\"><font size=\"3\"><a href=\"https:\/\/bobvarela.com\/wp-content\/uploads\/2012\/09\/PuertoRico_Reina_Mundial_delBananoMG_0185.jpg\"><img loading=\"lazy\" decoding=\"async\" style=\"background-image: none; border-bottom: 0px; border-left: 0px; padding-left: 0px; padding-right: 0px; display: inline; border-top: 0px; border-right: 0px; padding-top: 0px\" title=\"PuertoRico_Reina_Mundial_delBananoMG_0185\" border=\"0\" alt=\"PuertoRico_Reina_Mundial_delBananoMG_0185\" src=\"https:\/\/bobvarela.com\/wp-content\/uploads\/2012\/09\/PuertoRico_Reina_Mundial_delBananoMG_0185_thumb.jpg\" width=\"161\" height=\"209\" \/><\/a><\/font><\/p>\n<p align=\"justify\"><font size=\"3\">Reinas de la Belleza anuncia a Natalia Leyva Lezcano, de 21 a\u00f1os y natural de Ponce, como responsable de la encomienda de representarnos en el certamen Reina Mundial del Banano Internacional, en su edici\u00f3n n\u00famero 28, a celebrarse en Machala, Ecuador durante el mes de septiembre.<\/font><\/p>\n<p align=\"center\"><a href=\"https:\/\/bobvarela.com\/wp-content\/uploads\/2012\/09\/PuertoRico_Reina_Mundial_delBanano_MG_0100.jpg\"><img loading=\"lazy\" decoding=\"async\" style=\"background-image: none; border-bottom: 0px; border-left: 0px; padding-left: 0px; padding-right: 0px; display: inline; border-top: 0px; border-right: 0px; padding-top: 0px\" title=\"PuertoRico_Reina_Mundial_delBanano_MG_0100\" border=\"0\" alt=\"PuertoRico_Reina_Mundial_delBanano_MG_0100\" src=\"https:\/\/bobvarela.com\/wp-content\/uploads\/2012\/09\/PuertoRico_Reina_Mundial_delBanano_MG_0100_thumb.jpg\" width=\"182\" height=\"215\" \/><\/a><\/p>\n<p align=\"justify\"><font size=\"3\">Reina del Banano nace en 1964 en homenaje a la cosecha de Banano en Machala, siendo el mayor exportador del fruto en el mundo, para m\u00e1s tarde en 1985. el certamen se renombrase, Reina Mundial del Banano Internacional con la invitaci\u00f3n a pa\u00edses de Latinoam\u00e9ricaen celebraci\u00f3n del producto de mayor porcentaje de comercio internacional. <\/font><\/p>\n<p align=\"justify\"><font size=\"3\">Cabe destacar que Puerto Rico obtuvo el t\u00edtulo de Reina Mundial del Banano con Meliana Canino en 2000, mientras que Idis Mabel (1992) y Shadelyn L\u00f3pez (2001) resultaron virreinas del evento.<\/font><\/p>\n<p align=\"center\"><a href=\"https:\/\/bobvarela.com\/wp-content\/uploads\/2012\/09\/natago02.jpg\"><img loading=\"lazy\" decoding=\"async\" style=\"background-image: none; border-bottom: 0px; border-left: 0px; padding-left: 0px; padding-right: 0px; display: inline; border-top: 0px; border-right: 0px; padding-top: 0px\" title=\"natago02\" border=\"0\" alt=\"natago02\" src=\"https:\/\/bobvarela.com\/wp-content\/uploads\/2012\/09\/natago02_thumb.jpg\" width=\"164\" height=\"223\" \/><\/a><\/p>\n<p align=\"justify\"><font size=\"3\">David Bisbal ser\u00e1 el artista invitado de este magno evento a celebrarse el 22 de septiembre.En busca de promover a Puerto Rico como destino tur\u00edstico, Natalia tendr\u00e1 como encomienda exponer el caf\u00e9 puertorrique\u00f1o como gancho cultural con su traje t\u00edpico, inspirado en el fruto del cafeto el cual presenta la fantas\u00eda de Canephora, diosa guerrera del caf\u00e9.creada por los dise\u00f1adores Angel Guzm\u00e1n y Abimael Ort\u00edz. <\/font><\/p>\n<p align=\"center\"><a href=\"https:\/\/bobvarela.com\/wp-content\/uploads\/2012\/09\/natago_1825.jpg\"><img loading=\"lazy\" decoding=\"async\" style=\"background-image: none; border-bottom: 0px; border-left: 0px; padding-left: 0px; padding-right: 0px; display: inline; border-top: 0px; border-right: 0px; padding-top: 0px\" title=\"natago_1825\" border=\"0\" alt=\"natago_1825\" src=\"https:\/\/bobvarela.com\/wp-content\/uploads\/2012\/09\/natago_1825_thumb.jpg\" width=\"170\" height=\"233\" \/><\/a><\/p>\n<p align=\"justify\"><font size=\"3\">Leyva es amante de las artes y se destaca como actriz adem\u00e1s de ser bailarina experimentada con basta experiencia en ballet, jazz y m\u00fasica folkl\u00f3rica mientras es estudiante de tercer a\u00f1o en Producci\u00f3n General y Teatro de la Universidad de Puerto Rico en Rio Piedras. <\/font><\/p>\n","protected":false},"excerpt":{"rendered":"<p>Reinas de la Belleza anuncia a Natalia Leyva Lezcano, de 21 a\u00f1os y natural de Ponce, como responsable de la encomienda de representarnos en el certamen Reina Mundial del Banano Internacional, en su edici\u00f3n n\u00famero 28, a celebrarse en Machala,&hellip;<\/p>\n<p class=\"more-link-p\"><a class=\"more-link\" href=\"https:\/\/bobvarela.com\/?p=42032\">Read more &rarr;<\/a><\/p>\n","protected":false},"author":1,"featured_media":0,"comment_status":"open","ping_status":"open","sticky":false,"template":"","format":"standard","meta":{"ngg_post_thumbnail":0,"footnotes":""},"categories":[5],"tags":[],"class_list":["post-42032","post","type-post","status-publish","format-standard","hentry","category-concursos"],"_links":{"self":[{"href":"https:\/\/bobvarela.com\/index.php?rest_route=\/wp\/v2\/posts\/42032","targetHints":{"allow":["GET"]}}],"collection":[{"href":"https:\/\/bobvarela.com\/index.php?rest_route=\/wp\/v2\/posts"}],"about":[{"href":"https:\/\/bobvarela.com\/index.php?rest_route=\/wp\/v2\/types\/post"}],"author":[{"embeddable":true,"href":"https:\/\/bobvarela.com\/index.php?rest_route=\/wp\/v2\/users\/1"}],"replies":[{"embeddable":true,"href":"https:\/\/bobvarela.com\/index.php?rest_route=%2Fwp%2Fv2%2Fcomments&post=42032"}],"version-history":[{"count":1,"href":"https:\/\/bobvarela.com\/index.php?rest_route=\/wp\/v2\/posts\/42032\/revisions"}],"predecessor-version":[{"id":42033,"href":"https:\/\/bobvarela.com\/index.php?rest_route=\/wp\/v2\/posts\/42032\/revisions\/42033"}],"wp:attachment":[{"href":"https:\/\/bobvarela.com\/index.php?rest_route=%2Fwp%2Fv2%2Fmedia&parent=42032"}],"wp:term":[{"taxonomy":"category","embeddable":true,"href":"https:\/\/bobvarela.com\/index.php?rest_route=%2Fwp%2Fv2%2Fcategories&post=42032"},{"taxonomy":"post_tag","embeddable":true,"href":"https:\/\/bobvarela.com\/index.php?rest_route=%2Fwp%2Fv2%2Ftags&post=42032"}],"curies":[{"name":"wp","href":"https:\/\/api.w.org\/{rel}","templated":true}]}}