{"id":42370,"date":"2012-09-12T19:07:11","date_gmt":"2012-09-12T23:07:11","guid":{"rendered":"https:\/\/bobvarela.com\/?p=42370"},"modified":"2012-09-12T19:07:13","modified_gmt":"2012-09-12T23:07:13","slug":"miss-puerto-rico-natalia-leyva-destacando-en-ecuador-reina-mundial-de-banano","status":"publish","type":"post","link":"https:\/\/bobvarela.com\/?p=42370","title":{"rendered":"Miss Puerto Rico Natalia Leyva destacando en Ecuador. Reina Mundial de Banano"},"content":{"rendered":"<p><font size=\"3\"><a href=\"https:\/\/bobvarela.com\/wp-content\/uploads\/2012\/09\/nata.closeup.jpg\"><img loading=\"lazy\" decoding=\"async\" style=\"background-image: none; border-bottom: 0px; border-left: 0px; padding-left: 0px; padding-right: 0px; display: block; float: none; margin-left: auto; border-top: 0px; margin-right: auto; border-right: 0px; padding-top: 0px\" title=\"nata.closeup\" border=\"0\" alt=\"nata.closeup\" src=\"https:\/\/bobvarela.com\/wp-content\/uploads\/2012\/09\/nata.closeup_thumb.jpg\" width=\"186\" height=\"247\" \/><\/a><\/font><\/p>\n<p align=\"justify\"><font size=\"3\">Natalia Leyva se ha destacado en Ecuador a tan solo d\u00edas de su llegada resaltando entre el grupo de 17 candidatas con su esbelta figura y proyecci\u00f3n. Desde su llegada ha sido abordada por la prensa y ha destacado en entrevistas para Telerama, canal oficial del certamen.<\/font><\/p>\n<p align=\"justify\"><font size=\"3\">En la tarde de ayer poso para las fotos oficiales en traje de ba\u00f1o en la piscinadel Hotel Grand Guayaquil y en la noche fueron presentadas a la prensa de Guayaquil y disfrutaron de un cocktail de bienvenida ofrecido por el Gobierno Provincial Autonomo de El Oro y el Grand Hotel Guayaquil. En ambas ocasiones lucio dise\u00f1os de Angel Guzm\u00e1n y accesorios de Abimael Ort\u00edz.<\/font><\/p>\n<p align=\"center\"><a href=\"https:\/\/bobvarela.com\/wp-content\/uploads\/2012\/09\/NATA_REINAMUNDIALCONFERENCIA.jpg\"><img loading=\"lazy\" decoding=\"async\" style=\"background-image: none; border-bottom: 0px; border-left: 0px; padding-left: 0px; padding-right: 0px; display: inline; border-top: 0px; border-right: 0px; padding-top: 0px\" title=\"NATA_REINAMUNDIALCONFERENCIA\" border=\"0\" alt=\"NATA_REINAMUNDIALCONFERENCIA\" src=\"https:\/\/bobvarela.com\/wp-content\/uploads\/2012\/09\/NATA_REINAMUNDIALCONFERENCIA_thumb.jpg\" width=\"268\" height=\"230\" \/><\/a><\/p>\n<p align=\"justify\"><font size=\"3\">Se presentaron los dise\u00f1os de las coronas de reina y virreina dise\u00f1adas por Maritza Massupara la edici\u00f3n 2012 de Reina Mundial del Banano a celebrarse el pr\u00f3ximo 22 de septiembre.<\/font><\/p>\n<p align=\"justify\"><font size=\"3\">Hoy en la tarde las 17 aspirantes se trasladan a Machala, Capital Bananera del Mundo para un recorrido por las principales calles de la ciudad en un desfile de carros aleg\u00f3ricos y comparsasmientras en la noche participar\u00e1n de un acto ben\u00e9fico.<\/font><\/p>\n<p align=\"center\"><a href=\"https:\/\/bobvarela.com\/wp-content\/uploads\/2012\/09\/NATALIA_REINAMUNDIALSWIM.jpg\"><img loading=\"lazy\" decoding=\"async\" style=\"background-image: none; border-bottom: 0px; border-left: 0px; padding-left: 0px; padding-right: 0px; display: inline; border-top: 0px; border-right: 0px; padding-top: 0px\" title=\"NATALIA_REINAMUNDIALSWIM\" border=\"0\" alt=\"NATALIA_REINAMUNDIALSWIM\" src=\"https:\/\/bobvarela.com\/wp-content\/uploads\/2012\/09\/NATALIA_REINAMUNDIALSWIM_thumb.jpg\" width=\"184\" height=\"247\" \/><\/a><\/p>\n<p align=\"justify\"><font size=\"3\">Cabe destacar que Natalia se cruzo ayer en el Hotel Grand Guayaquil con su compatriota Jennifer Guevara, quien participa en Miss Continente Americano.<\/font><\/p>\n<p align=\"justify\"><font size=\"3\">Por otro lado Natalia comparte su habitaci\u00f3n con la paname\u00f1a Astrid Mendoza con la que ha logrado hacer muy buena quimica.<\/font><\/p>\n<p align=\"justify\"><font size=\"3\">Para apoyar a Natalia pueden votar via internet en <\/font><a href=\"https:\/\/www.facebook.com\/eloro.gob.ec\" target=\"_blank\"><font size=\"3\">https:\/\/www.facebook.com\/eloro.gob.ec<\/font><\/a><\/p>\n","protected":false},"excerpt":{"rendered":"<p>Natalia Leyva se ha destacado en Ecuador a tan solo d\u00edas de su llegada resaltando entre el grupo de 17 candidatas con su esbelta figura y proyecci\u00f3n. Desde su llegada ha sido abordada por la prensa y ha destacado en&hellip;<\/p>\n<p class=\"more-link-p\"><a class=\"more-link\" href=\"https:\/\/bobvarela.com\/?p=42370\">Read more &rarr;<\/a><\/p>\n","protected":false},"author":1,"featured_media":0,"comment_status":"open","ping_status":"open","sticky":false,"template":"","format":"standard","meta":{"ngg_post_thumbnail":0,"footnotes":""},"categories":[5],"tags":[],"class_list":["post-42370","post","type-post","status-publish","format-standard","hentry","category-concursos"],"_links":{"self":[{"href":"https:\/\/bobvarela.com\/index.php?rest_route=\/wp\/v2\/posts\/42370","targetHints":{"allow":["GET"]}}],"collection":[{"href":"https:\/\/bobvarela.com\/index.php?rest_route=\/wp\/v2\/posts"}],"about":[{"href":"https:\/\/bobvarela.com\/index.php?rest_route=\/wp\/v2\/types\/post"}],"author":[{"embeddable":true,"href":"https:\/\/bobvarela.com\/index.php?rest_route=\/wp\/v2\/users\/1"}],"replies":[{"embeddable":true,"href":"https:\/\/bobvarela.com\/index.php?rest_route=%2Fwp%2Fv2%2Fcomments&post=42370"}],"version-history":[{"count":1,"href":"https:\/\/bobvarela.com\/index.php?rest_route=\/wp\/v2\/posts\/42370\/revisions"}],"predecessor-version":[{"id":42371,"href":"https:\/\/bobvarela.com\/index.php?rest_route=\/wp\/v2\/posts\/42370\/revisions\/42371"}],"wp:attachment":[{"href":"https:\/\/bobvarela.com\/index.php?rest_route=%2Fwp%2Fv2%2Fmedia&parent=42370"}],"wp:term":[{"taxonomy":"category","embeddable":true,"href":"https:\/\/bobvarela.com\/index.php?rest_route=%2Fwp%2Fv2%2Fcategories&post=42370"},{"taxonomy":"post_tag","embeddable":true,"href":"https:\/\/bobvarela.com\/index.php?rest_route=%2Fwp%2Fv2%2Ftags&post=42370"}],"curies":[{"name":"wp","href":"https:\/\/api.w.org\/{rel}","templated":true}]}}