{"id":4240,"date":"2010-11-07T13:43:00","date_gmt":"2010-11-07T17:43:00","guid":{"rendered":"https:\/\/bobvarela.com\/?p=4240"},"modified":"2010-11-07T13:43:00","modified_gmt":"2010-11-07T17:43:00","slug":"museos-del-viejo-san-juan-se-unen-en-circuito-para-celebrar-el-descubrimiento-de-puerto-rico","status":"publish","type":"post","link":"https:\/\/bobvarela.com\/?p=4240","title":{"rendered":"MUSEOS DEL VIEJO SAN JUAN SE UNEN EN CIRCUITO PARA CELEBRAR EL DESCUBRIMIENTO DE PUERTO RICO"},"content":{"rendered":"<p style=\"line-height: normal; margin: 0in 0in 0pt\" class=\"MsoNormal\"><span style=\"mso-ansi-language: en-us; mso-no-proof: yes\"><a href=\"https:\/\/bobvarela.com\/wp-content\/uploads\/2010\/11\/clip_image002.jpg\"><img loading=\"lazy\" decoding=\"async\" style=\"background-image: none; border-bottom: 0px; border-left: 0px; padding-left: 0px; padding-right: 0px; display: block; float: none; margin-left: auto; border-top: 0px; margin-right: auto; border-right: 0px; padding-top: 0px\" title=\"clip_image002\" border=\"0\" alt=\"clip_image002\" src=\"https:\/\/bobvarela.com\/wp-content\/uploads\/2010\/11\/clip_image002_thumb.jpg\" width=\"123\" height=\"116\" \/><\/a><\/span><\/p>\n<p style=\"line-height: normal; margin: 0in 0in 0pt\" class=\"MsoNormal\"><span lang=\"ES-TRAD\"><font face=\"Cambria\"><\/font><font style=\"font-size: 12pt\" color=\"#000000\">&#160;<\/font><\/span><\/p>\n<table style=\"border-bottom: medium none; border-left: medium none; border-collapse: collapse; margin-left: 6.75pt; border-top: medium none; margin-right: 6.75pt; border-right: medium none; mso-border-alt: solid black .5pt; mso-table-overlap: never; mso-yfti-tbllook: 191; mso-table-lspace: 9.0pt; mso-table-rspace: 9.0pt; mso-table-anchor-vertical: paragraph; mso-table-anchor-horizontal: column; mso-table-left: left; mso-table-top: .05pt; mso-padding-alt: 0in 5.4pt 0in 5.4pt; mso-border-insideh: .5pt solid black; mso-border-insidev: .5pt solid black\" class=\"MsoNormalTable\" border=\"1\" cellspacing=\"0\" cellpadding=\"0\" align=\"left\">\n<tbody>\n<tr style=\"mso-yfti-irow: 0; mso-yfti-firstrow: yes; mso-yfti-lastrow: yes\">\n<td style=\"border-bottom: medium none; border-left: medium none; padding-bottom: 0in; padding-left: 5.4pt; padding-right: 5.4pt; border-top: medium none; border-right: windowtext 1pt solid; padding-top: 0in; mso-border-right-alt: solid windowtext .5pt\" valign=\"top\" width=\"169\">\n<p style=\"text-indent: 13.5pt; margin: 0in 0in 0pt -13.5pt; mso-element: frame; mso-element-frame-hspace: 9.0pt; mso-element-wrap: around; mso-element-anchor-vertical: paragraph; mso-element-anchor-horizontal: column; mso-element-top: .05pt; mso-height-rule: exactly\" class=\"MsoNormal\" align=\"right\"><b style=\"mso-bidi-font-weight: normal\"><span style=\"font-family: ; mso-bidi-font-size: 12.0pt\" lang=\"ES-TRAD\"><font face=\"Candara\"><\/font><font style=\"font-size: 9pt\">Casa Alcald\u00eda<\/font><\/span><\/b><\/p>\n<p style=\"text-indent: 13.5pt; margin: 0in 0in 0pt -13.5pt; mso-element: frame; mso-element-frame-hspace: 9.0pt; mso-element-wrap: around; mso-element-anchor-vertical: paragraph; mso-element-anchor-horizontal: column; mso-element-top: .05pt; mso-height-rule: exactly\" class=\"MsoNormal\" align=\"right\"><span style=\"font-family: ; mso-bidi-font-size: 12.0pt\" lang=\"ES-TRAD\"><font face=\"Candara\"><\/font><font style=\"font-size: 9pt\">153 calle San Francisco<\/font><\/span><\/p>\n<p style=\"text-indent: 13.5pt; margin: 0in 0in 0pt -13.5pt; mso-element: frame; mso-element-frame-hspace: 9.0pt; mso-element-wrap: around; mso-element-anchor-vertical: paragraph; mso-element-anchor-horizontal: column; mso-element-top: .05pt; mso-height-rule: exactly\" class=\"MsoNormal\" align=\"right\"><span style=\"font-family: ; mso-bidi-font-size: 12.0pt\" lang=\"ES-TRAD\"><font face=\"Candara\"><\/font><font style=\"font-size: 9pt\">787. 480.2500<\/font><\/span><\/p>\n<p style=\"text-indent: 13.5pt; margin: 0in 0in 0pt -13.5pt; mso-element: frame; mso-element-frame-hspace: 9.0pt; mso-element-wrap: around; mso-element-anchor-vertical: paragraph; mso-element-anchor-horizontal: column; mso-element-top: .05pt; mso-height-rule: exactly\" class=\"MsoNormal\" align=\"right\"><span lang=\"ES-TRAD\"><a href=\"mailto:mvelez@sanjuancapital.com\"><span style=\"font-family: ; cursor: auto; text-underline: none; mso-bidi-font-size: 12.0pt\"><font face=\"Candara\"><\/font><font style=\"font-size: 9pt\" color=\"#0000ff\">mvelez@sanjuancapital.com<\/font><\/span><\/a><\/span><span style=\"font-family: ; mso-bidi-font-size: 12.0pt\" lang=\"ES-TRAD\"><\/span><\/p>\n<p style=\"text-indent: 13.5pt; margin: 0in 0in 0pt -13.5pt; mso-element: frame; mso-element-frame-hspace: 9.0pt; mso-element-wrap: around; mso-element-anchor-vertical: paragraph; mso-element-anchor-horizontal: column; mso-element-top: .05pt; mso-height-rule: exactly\" class=\"MsoNormal\" align=\"right\"><span style=\"font-family: ; mso-bidi-font-size: 12.0pt\" lang=\"ES-TRAD\"><font face=\"Candara\"><\/font><font style=\"font-size: 9pt\">&#160;<\/font><\/span><\/p>\n<p style=\"text-indent: 13.5pt; margin: 0in 0in 0pt -13.5pt; mso-element: frame; mso-element-frame-hspace: 9.0pt; mso-element-wrap: around; mso-element-anchor-vertical: paragraph; mso-element-anchor-horizontal: column; mso-element-top: .05pt; mso-height-rule: exactly\" class=\"MsoNormal\" align=\"right\"><b style=\"mso-bidi-font-weight: normal\"><span style=\"font-family: ; mso-bidi-font-size: 12.0pt\" lang=\"ES-TRAD\"><font face=\"Candara\"><\/font><font style=\"font-size: 9pt\">Museo de San Juan<\/font><\/span><\/b><\/p>\n<p style=\"text-indent: 13.5pt; margin: 0in 0in 0pt -13.5pt; mso-element: frame; mso-element-frame-hspace: 9.0pt; mso-element-wrap: around; mso-element-anchor-vertical: paragraph; mso-element-anchor-horizontal: column; mso-element-top: .05pt; mso-height-rule: exactly\" class=\"MsoNormal\" align=\"right\"><span style=\"font-family: ; mso-bidi-font-size: 12.0pt\" lang=\"ES-TRAD\"><font face=\"Candara\"><\/font><font style=\"font-size: 9pt\">150 calle Norzagaray<\/font><\/span><\/p>\n<p style=\"text-indent: 13.5pt; margin: 0in 0in 0pt -13.5pt; mso-element: frame; mso-element-frame-hspace: 9.0pt; mso-element-wrap: around; mso-element-anchor-vertical: paragraph; mso-element-anchor-horizontal: column; mso-element-top: .05pt; mso-height-rule: exactly\" class=\"MsoNormal\" align=\"right\"><span style=\"font-family: ; mso-bidi-font-size: 12.0pt\" lang=\"ES-TRAD\"><font face=\"Candara\"><\/font><font style=\"font-size: 9pt\">780.480.3555<\/font><\/span><\/p>\n<p style=\"text-indent: 13.5pt; margin: 0in 0in 0pt -13.5pt; mso-element: frame; mso-element-frame-hspace: 9.0pt; mso-element-wrap: around; mso-element-anchor-vertical: paragraph; mso-element-anchor-horizontal: column; mso-element-top: .05pt; mso-height-rule: exactly\" class=\"MsoNormal\" align=\"right\"><span lang=\"ES-TRAD\"><a href=\"mailto:museodesanjuan@yahoo.com\"><span style=\"font-family: ; cursor: auto; text-underline: none; mso-bidi-font-size: 12.0pt\"><font face=\"Candara\"><\/font><font style=\"font-size: 9pt\" color=\"#0000ff\">museodesanjuan@yahoo.com<\/font><\/span><\/a><\/span><span style=\"font-family: ; mso-bidi-font-size: 12.0pt\" lang=\"ES-TRAD\"><\/span><\/p>\n<p style=\"text-indent: 13.5pt; margin: 0in 0in 0pt -13.5pt; mso-element: frame; mso-element-frame-hspace: 9.0pt; mso-element-wrap: around; mso-element-anchor-vertical: paragraph; mso-element-anchor-horizontal: column; mso-element-top: .05pt; mso-height-rule: exactly\" class=\"MsoNormal\" align=\"right\"><span style=\"font-family: ; mso-bidi-font-size: 12.0pt\" lang=\"ES-TRAD\"><font face=\"Candara\"><\/font><font style=\"font-size: 9pt\">&#160;<\/font><\/span><\/p>\n<p style=\"text-indent: 13.5pt; margin: 0in 0in 0pt -13.5pt; mso-element: frame; mso-element-frame-hspace: 9.0pt; mso-element-wrap: around; mso-element-anchor-vertical: paragraph; mso-element-anchor-horizontal: column; mso-element-top: .05pt; mso-height-rule: exactly\" class=\"MsoNormal\" align=\"right\"><b style=\"mso-bidi-font-weight: normal\"><span style=\"font-family: ; mso-bidi-font-size: 12.0pt\" lang=\"ES-TRAD\"><font face=\"Candara\"><\/font><font style=\"font-size: 9pt\">Museo de Las Am\u00e9ricas<\/font><\/span><\/b><\/p>\n<p style=\"text-indent: 13.5pt; margin: 0in 0in 0pt -13.5pt; mso-element: frame; mso-element-frame-hspace: 9.0pt; mso-element-wrap: around; mso-element-anchor-vertical: paragraph; mso-element-anchor-horizontal: column; mso-element-top: .05pt; mso-height-rule: exactly\" class=\"MsoNormal\" align=\"right\"><span style=\"font-family: ; mso-bidi-font-size: 12.0pt\" lang=\"ES-TRAD\"><font face=\"Candara\"><\/font><font style=\"font-size: 9pt\">Cuartel de Ballaj\u00e1, 2de. Piso<\/font><\/span><\/p>\n<p style=\"text-indent: 13.5pt; margin: 0in 0in 0pt -13.5pt; mso-element: frame; mso-element-frame-hspace: 9.0pt; mso-element-wrap: around; mso-element-anchor-vertical: paragraph; mso-element-anchor-horizontal: column; mso-element-top: .05pt; mso-height-rule: exactly\" class=\"MsoNormal\" align=\"right\"><span style=\"font-family: ; mso-bidi-font-size: 12.0pt\" lang=\"ES-TRAD\"><font face=\"Candara\"><\/font><font style=\"font-size: 9pt\">787.724.5052<\/font><\/span><\/p>\n<p style=\"text-indent: 13.5pt; margin: 0in 0in 0pt -13.5pt; mso-element: frame; mso-element-frame-hspace: 9.0pt; mso-element-wrap: around; mso-element-anchor-vertical: paragraph; mso-element-anchor-horizontal: column; mso-element-top: .05pt; mso-height-rule: exactly\" class=\"MsoNormal\" align=\"right\"><span lang=\"ES-TRAD\"><a href=\"https:\/\/www.museolasmaerica.org\"><span style=\"font-family: ; cursor: auto; text-underline: none; mso-bidi-font-size: 12.0pt\"><font face=\"Candara\"><\/font><font style=\"font-size: 9pt\" color=\"#0000ff\">www.museolasmaerica.org<\/font><\/span><\/a><\/span><span style=\"font-family: ; mso-bidi-font-size: 12.0pt\" lang=\"ES-TRAD\"><\/span><\/p>\n<p style=\"text-indent: 13.5pt; margin: 0in 0in 0pt -13.5pt; mso-element: frame; mso-element-frame-hspace: 9.0pt; mso-element-wrap: around; mso-element-anchor-vertical: paragraph; mso-element-anchor-horizontal: column; mso-element-top: .05pt; mso-height-rule: exactly\" class=\"MsoNormal\" align=\"right\"><span style=\"font-family: ; mso-bidi-font-size: 12.0pt\" lang=\"ES-TRAD\"><font face=\"Candara\"><\/font><font style=\"font-size: 9pt\">&#160;<\/font><\/span><\/p>\n<p style=\"text-indent: 13.5pt; margin: 0in 0in 0pt -13.5pt; mso-element: frame; mso-element-frame-hspace: 9.0pt; mso-element-wrap: around; mso-element-anchor-vertical: paragraph; mso-element-anchor-horizontal: column; mso-element-top: .05pt; mso-height-rule: exactly\" class=\"MsoNormal\" align=\"right\"><b style=\"mso-bidi-font-weight: normal\"><span style=\"font-family: ; mso-bidi-font-size: 12.0pt\" lang=\"ES-TRAD\"><font face=\"Candara\"><\/font><font style=\"font-size: 9pt\">Museo Felisa Rinc\u00f3n de Gautier<\/font><\/span><\/b><\/p>\n<p style=\"text-indent: 13.5pt; margin: 0in 0in 0pt -13.5pt; mso-element: frame; mso-element-frame-hspace: 9.0pt; mso-element-wrap: around; mso-element-anchor-vertical: paragraph; mso-element-anchor-horizontal: column; mso-element-top: .05pt; mso-height-rule: exactly\" class=\"MsoNormal\" align=\"right\"><span style=\"font-family: ; mso-bidi-font-size: 12.0pt\" lang=\"ES-TRAD\"><font face=\"Candara\"><\/font><font style=\"font-size: 9pt\">51 Caleta de San Juan<\/font><\/span><\/p>\n<p style=\"text-indent: 13.5pt; margin: 0in 0in 0pt -13.5pt; mso-element: frame; mso-element-frame-hspace: 9.0pt; mso-element-wrap: around; mso-element-anchor-vertical: paragraph; mso-element-anchor-horizontal: column; mso-element-top: .05pt; mso-height-rule: exactly\" class=\"MsoNormal\" align=\"right\"><span style=\"font-family: ; mso-bidi-font-size: 12.0pt\" lang=\"ES-TRAD\"><font face=\"Candara\"><\/font><font style=\"font-size: 9pt\">787.723.1897<\/font><\/span><\/p>\n<p style=\"text-indent: 13.5pt; margin: 0in 0in 0pt -13.5pt; mso-element: frame; mso-element-frame-hspace: 9.0pt; mso-element-wrap: around; mso-element-anchor-vertical: paragraph; mso-element-anchor-horizontal: column; mso-element-top: .05pt; mso-height-rule: exactly\" class=\"MsoNormal\" align=\"right\"><span lang=\"ES-TRAD\"><a href=\"https:\/\/www.felisarincon.com\"><span style=\"font-family: ; cursor: auto; text-underline: none; mso-bidi-font-size: 12.0pt\"><font face=\"Candara\"><\/font><font style=\"font-size: 9pt\" color=\"#0000ff\">www.felisarincon.com<\/font><\/span><\/a><\/span><span style=\"font-family: ; mso-bidi-font-size: 12.0pt\" lang=\"ES-TRAD\"><\/span><\/p>\n<p style=\"text-indent: 13.5pt; margin: 0in 0in 0pt -13.5pt; mso-element: frame; mso-element-frame-hspace: 9.0pt; mso-element-wrap: around; mso-element-anchor-vertical: paragraph; mso-element-anchor-horizontal: column; mso-element-top: .05pt; mso-height-rule: exactly\" class=\"MsoNormal\" align=\"right\"><span style=\"font-family: ; mso-bidi-font-size: 12.0pt\" lang=\"ES-TRAD\"><font face=\"Candara\"><\/font><font style=\"font-size: 9pt\">&#160;<\/font><\/span><\/p>\n<p style=\"text-indent: 13.5pt; margin: 0in 0in 0pt -13.5pt; mso-element: frame; mso-element-frame-hspace: 9.0pt; mso-element-wrap: around; mso-element-anchor-vertical: paragraph; mso-element-anchor-horizontal: column; mso-element-top: .05pt; mso-height-rule: exactly\" class=\"MsoNormal\" align=\"right\"><b style=\"mso-bidi-font-weight: normal\"><span style=\"font-family: ; mso-bidi-font-size: 12.0pt\" lang=\"ES-TRAD\"><font face=\"Candara\"><\/font><font style=\"font-size: 9pt\">Museo de Vida Silvestre<\/font><\/span><\/b><\/p>\n<p style=\"text-indent: 13.5pt; margin: 0in 0in 0pt -13.5pt; mso-element: frame; mso-element-frame-hspace: 9.0pt; mso-element-wrap: around; mso-element-anchor-vertical: paragraph; mso-element-anchor-horizontal: column; mso-element-top: .05pt; mso-height-rule: exactly\" class=\"MsoNormal\" align=\"right\"><span style=\"font-family: ; mso-bidi-font-size: 12.0pt\" lang=\"ES-TRAD\"><font face=\"Candara\"><\/font><font style=\"font-size: 9pt\">Avenida Kennedy<\/font><\/span><\/p>\n<p style=\"text-indent: 13.5pt; margin: 0in 0in 0pt -13.5pt; mso-element: frame; mso-element-frame-hspace: 9.0pt; mso-element-wrap: around; mso-element-anchor-vertical: paragraph; mso-element-anchor-horizontal: column; mso-element-top: .05pt; mso-height-rule: exactly\" class=\"MsoNormal\" align=\"right\"><span style=\"font-family: ; mso-bidi-font-size: 12.0pt\" lang=\"ES-TRAD\"><font face=\"Candara\"><\/font><font style=\"font-size: 9pt\">787.671.5536<\/font><\/span><\/p>\n<p style=\"text-indent: 13.5pt; margin: 0in 0in 0pt -13.5pt; mso-element: frame; mso-element-frame-hspace: 9.0pt; mso-element-wrap: around; mso-element-anchor-vertical: paragraph; mso-element-anchor-horizontal: column; mso-element-top: .05pt; mso-height-rule: exactly\" class=\"MsoNormal\" align=\"right\"><span lang=\"ES-TRAD\"><a href=\"mailto:rafaelcardona27@gmail.com\"><span style=\"font-family: ; cursor: auto; text-underline: none; mso-bidi-font-size: 12.0pt\"><font face=\"Candara\"><\/font><font style=\"font-size: 9pt\" color=\"#0000ff\">rafaelcardona27@gmail.com<\/font><\/span><\/a><\/span><span style=\"font-family: ; mso-bidi-font-size: 12.0pt\" lang=\"ES-TRAD\"><\/span><\/p>\n<p style=\"text-indent: 13.5pt; margin: 0in 0in 0pt -13.5pt; mso-element: frame; mso-element-frame-hspace: 9.0pt; mso-element-wrap: around; mso-element-anchor-vertical: paragraph; mso-element-anchor-horizontal: column; mso-element-top: .05pt; mso-height-rule: exactly\" class=\"MsoNormal\" align=\"right\"><span style=\"font-family: ; mso-bidi-font-size: 12.0pt\" lang=\"ES-TRAD\"><font face=\"Candara\"><\/font><font style=\"font-size: 9pt\">&#160;<\/font><\/span><\/p>\n<p style=\"text-indent: 13.5pt; margin: 0in 0in 0pt -13.5pt; mso-element: frame; mso-element-frame-hspace: 9.0pt; mso-element-wrap: around; mso-element-anchor-vertical: paragraph; mso-element-anchor-horizontal: column; mso-element-top: .05pt; mso-height-rule: exactly\" class=\"MsoNormal\" align=\"right\"><b style=\"mso-bidi-font-weight: normal\"><span style=\"font-family: ; mso-bidi-font-size: 12.0pt\" lang=\"ES-TRAD\"><font face=\"Candara\"><\/font><font style=\"font-size: 8pt\">Proyecto de Restauraci\u00f3n <\/font><\/span><\/b><\/p>\n<p style=\"text-indent: 13.5pt; margin: 0in 0in 0pt -13.5pt; mso-element: frame; mso-element-frame-hspace: 9.0pt; mso-element-wrap: around; mso-element-anchor-vertical: paragraph; mso-element-anchor-horizontal: column; mso-element-top: .05pt; mso-height-rule: exactly\" class=\"MsoNormal\" align=\"right\"><b style=\"mso-bidi-font-weight: normal\"><span style=\"font-family: ; mso-bidi-font-size: 12.0pt\" lang=\"ES-TRAD\"><font face=\"Candara\"><\/font><font style=\"font-size: 8pt\">y Conservaci\u00f3n Iglesia San Jos\u00e9<\/font><\/span><\/b><\/p>\n<p style=\"text-indent: 13.5pt; margin: 0in 0in 0pt -13.5pt; mso-element: frame; mso-element-frame-hspace: 9.0pt; mso-element-wrap: around; mso-element-anchor-vertical: paragraph; mso-element-anchor-horizontal: column; mso-element-top: .05pt; mso-height-rule: exactly\" class=\"MsoNormal\" align=\"right\"><span style=\"font-family: ; mso-bidi-font-size: 12.0pt\" lang=\"ES-TRAD\"><font face=\"Candara\"><\/font><font style=\"font-size: 9pt\">calle Cristo<\/font><\/span><\/p>\n<p style=\"text-indent: 13.5pt; margin: 0in 0in 0pt -13.5pt; mso-element: frame; mso-element-frame-hspace: 9.0pt; mso-element-wrap: around; mso-element-anchor-vertical: paragraph; mso-element-anchor-horizontal: column; mso-element-top: .05pt; mso-height-rule: exactly\" class=\"MsoNormal\" align=\"right\"><span lang=\"ES-TRAD\"><a href=\"https:\/\/www.iglesiasanjosepr.org\"><span style=\"font-family: ; cursor: auto; text-underline: none; mso-bidi-font-size: 12.0pt\"><font face=\"Candara\"><\/font><font style=\"font-size: 9pt\" color=\"#0000ff\">www.iglesiasanjosepr.org<\/font><\/span><\/a><\/span><span style=\"font-family: ; mso-bidi-font-size: 12.0pt\" lang=\"ES-TRAD\"><\/span><\/p>\n<p style=\"text-indent: 13.5pt; margin: 0in 0in 0pt -13.5pt; mso-element: frame; mso-element-frame-hspace: 9.0pt; mso-element-wrap: around; mso-element-anchor-vertical: paragraph; mso-element-anchor-horizontal: column; mso-element-top: .05pt; mso-height-rule: exactly\" class=\"MsoNormal\" align=\"right\"><span style=\"font-family: ; mso-bidi-font-size: 12.0pt\" lang=\"ES-TRAD\"><font face=\"Candara\"><\/font><font style=\"font-size: 9pt\">&#160;<\/font><\/span><\/p>\n<p style=\"text-indent: 13.5pt; margin: 0in 0in 0pt -13.5pt; mso-element: frame; mso-element-frame-hspace: 9.0pt; mso-element-wrap: around; mso-element-anchor-vertical: paragraph; mso-element-anchor-horizontal: column; mso-element-top: .05pt; mso-height-rule: exactly\" class=\"MsoNormal\" align=\"right\"><b style=\"mso-bidi-font-weight: normal\"><span style=\"font-family: ; mso-bidi-font-size: 12.0pt\" lang=\"ES-TRAD\"><font face=\"Candara\"><\/font><font style=\"font-size: 9pt\">Museo Pablo Casals<\/font><\/span><\/b><\/p>\n<p style=\"text-indent: 13.5pt; margin: 0in 0in 0pt -13.5pt; mso-element: frame; mso-element-frame-hspace: 9.0pt; mso-element-wrap: around; mso-element-anchor-vertical: paragraph; mso-element-anchor-horizontal: column; mso-element-top: .05pt; mso-height-rule: exactly\" class=\"MsoNormal\" align=\"right\"><span style=\"font-family: ; mso-bidi-font-size: 12.0pt\" lang=\"ES-TRAD\"><font face=\"Candara\"><\/font><font style=\"font-size: 9pt\">101 calle San Sebasti\u00e1n, Plaza San Jos\u00e9<\/font><\/span><\/p>\n<p style=\"text-indent: 13.5pt; margin: 0in 0in 0pt -13.5pt; mso-element: frame; mso-element-frame-hspace: 9.0pt; mso-element-wrap: around; mso-element-anchor-vertical: paragraph; mso-element-anchor-horizontal: column; mso-element-top: .05pt; mso-height-rule: exactly\" class=\"MsoNormal\" align=\"right\"><span style=\"font-family: ; mso-bidi-font-size: 12.0pt\" lang=\"ES-TRAD\"><font face=\"Candara\"><\/font><font style=\"font-size: 9pt\">787.723.9185<\/font><\/span><\/p>\n<p style=\"text-indent: 13.5pt; margin: 0in 0in 0pt -13.5pt; mso-element: frame; mso-element-frame-hspace: 9.0pt; mso-element-wrap: around; mso-element-anchor-vertical: paragraph; mso-element-anchor-horizontal: column; mso-element-top: .05pt; mso-height-rule: exactly\" class=\"MsoNormal\" align=\"right\"><span lang=\"ES-TRAD\"><a href=\"mailto:srodriguez@cam.gobierno.pr\"><span style=\"font-family: ; cursor: auto; text-underline: none; mso-bidi-font-size: 12.0pt\"><font face=\"Candara\"><\/font><font style=\"font-size: 9pt\" color=\"#0000ff\">srodriguez@cam.gobierno.pr<\/font><\/span><\/a><\/span><span style=\"font-family: ; mso-bidi-font-size: 12.0pt\" lang=\"ES-TRAD\"><\/span><\/p>\n<p style=\"text-indent: 13.5pt; margin: 0in 0in 0pt -13.5pt; mso-element: frame; mso-element-frame-hspace: 9.0pt; mso-element-wrap: around; mso-element-anchor-vertical: paragraph; mso-element-anchor-horizontal: column; mso-element-top: .05pt; mso-height-rule: exactly\" class=\"MsoNormal\" align=\"right\"><span style=\"font-family: ; mso-bidi-font-size: 12.0pt\" lang=\"ES-TRAD\"><font face=\"Candara\"><\/font><font style=\"font-size: 9pt\">&#160;<\/font><\/span><\/p>\n<p style=\"text-indent: 13.5pt; margin: 0in 0in 0pt -13.5pt; mso-element: frame; mso-element-frame-hspace: 9.0pt; mso-element-wrap: around; mso-element-anchor-vertical: paragraph; mso-element-anchor-horizontal: column; mso-element-top: .05pt; mso-height-rule: exactly\" class=\"MsoNormal\" align=\"right\"><b style=\"mso-bidi-font-weight: normal\"><span style=\"font-family: ; mso-bidi-font-size: 12.0pt\" lang=\"ES-TRAD\"><font face=\"Candara\"><\/font><font style=\"font-size: 9pt\">Galer\u00eda Nacional<\/font><\/span><\/b><\/p>\n<p style=\"text-indent: 13.5pt; margin: 0in 0in 0pt -13.5pt; mso-element: frame; mso-element-frame-hspace: 9.0pt; mso-element-wrap: around; mso-element-anchor-vertical: paragraph; mso-element-anchor-horizontal: column; mso-element-top: .05pt; mso-height-rule: exactly\" class=\"MsoNormal\" align=\"right\"><span style=\"font-family: ; mso-bidi-font-size: 12.0pt\" lang=\"ES-TRAD\"><font face=\"Candara\"><\/font><font style=\"font-size: 9pt\">98 calle Norzagaray<\/font><\/span><\/p>\n<p style=\"text-indent: 13.5pt; margin: 0in 0in 0pt -13.5pt; mso-element: frame; mso-element-frame-hspace: 9.0pt; mso-element-wrap: around; mso-element-anchor-vertical: paragraph; mso-element-anchor-horizontal: column; mso-element-top: .05pt; mso-height-rule: exactly\" class=\"MsoNormal\" align=\"right\"><span style=\"font-family: ; mso-bidi-font-size: 12.0pt\" lang=\"ES-TRAD\"><font face=\"Candara\"><\/font><font style=\"font-size: 9pt\">Convento de los Dominicos<\/font><\/span><\/p>\n<p style=\"text-indent: 13.5pt; margin: 0in 0in 0pt -13.5pt; mso-element: frame; mso-element-frame-hspace: 9.0pt; mso-element-wrap: around; mso-element-anchor-vertical: paragraph; mso-element-anchor-horizontal: column; mso-element-top: .05pt; mso-height-rule: exactly\" class=\"MsoNormal\" align=\"right\"><span style=\"font-family: ; mso-bidi-font-size: 12.0pt\" lang=\"ES-TRAD\"><font face=\"Candara\"><\/font><font style=\"font-size: 9pt\">787.692.6338<\/font><\/span><\/p>\n<p style=\"text-indent: 13.5pt; margin: 0in 0in 0pt -13.5pt; mso-element: frame; mso-element-frame-hspace: 9.0pt; mso-element-wrap: around; mso-element-anchor-vertical: paragraph; mso-element-anchor-horizontal: column; mso-element-top: .05pt; mso-height-rule: exactly\" class=\"MsoNormal\" align=\"right\"><span lang=\"ES-TRAD\"><a href=\"https:\/\/www.icp.gobierno.pr\"><span style=\"font-family: ; cursor: auto; text-underline: none; mso-bidi-font-size: 12.0pt\"><font face=\"Candara\"><\/font><font style=\"font-size: 9pt\" color=\"#0000ff\">www.icp.gobierno.pr<\/font><\/span><\/a><\/span><span style=\"font-family: ; mso-bidi-font-size: 12.0pt\" lang=\"ES-TRAD\"><\/span><\/p>\n<p style=\"text-indent: 13.5pt; margin: 0in 0in 0pt -13.5pt; mso-element: frame; mso-element-frame-hspace: 9.0pt; mso-element-wrap: around; mso-element-anchor-vertical: paragraph; mso-element-anchor-horizontal: column; mso-element-top: .05pt; mso-height-rule: exactly\" class=\"MsoNormal\"><span lang=\"ES-TRAD\"><font face=\"Cambria\">&#160;<\/font><\/span><\/p>\n<p style=\"text-indent: 13.5pt; margin: 0in 0in 0pt -13.5pt; mso-element: frame; mso-element-frame-hspace: 9.0pt; mso-element-wrap: around; mso-element-anchor-vertical: paragraph; mso-element-anchor-horizontal: column; mso-element-top: .05pt; mso-height-rule: exactly\" class=\"MsoNormal\"><span lang=\"ES-TRAD\"><font face=\"Cambria\">&#160;<\/font><\/span><\/p>\n<\/td>\n<\/tr>\n<\/tbody>\n<\/table>\n<p style=\"line-height: 14pt; margin: 0in 0in 0pt\" class=\"MsoNormal\" align=\"center\"><b style=\"mso-bidi-font-weight: normal\"><span style=\"font-family: \" lang=\"ES-TRAD\"><font face=\"Tahoma\"><\/font><font style=\"font-size: 12pt\" color=\"#000000\">Variedad de actividades gratis para toda la familia<\/font><\/span><\/b><b style=\"mso-bidi-font-weight: normal\"><span style=\"line-height: 13pt; font-family: \" lang=\"ES-TRAD\"><\/span><\/b><\/p>\n<p style=\"line-height: 14pt; margin: 0in 0in 0pt\" class=\"MsoNormal\" align=\"justify\"><span style=\"line-height: 12pt; font-family: \" lang=\"ES-TRAD\"><font face=\"Tahoma\"><\/font><font style=\"font-size: 10pt\" color=\"#000000\">&#160;<\/font><\/span><\/p>\n<p style=\"line-height: 14pt; margin: 0in 0in 0pt\" class=\"MsoNormal\" align=\"justify\"><font face=\"Tahoma\"><\/font><font color=\"#000000\"><span style=\"line-height: 13pt; font-family: \" lang=\"ES-TRAD\"><font style=\"font-size: 11pt\">28 de octubre de 2010, San Juan, Puerto Rico \u2013 El Museo de San Juan y e<\/font><\/span><span style=\"line-height: 13pt; font-family: ; mso-fareast-font-family: &#39;Times New Roman&#39;\" lang=\"ES-TRAD\"><font style=\"font-size: 11pt\">l Museo de Las Am\u00e9ricas, junto a otros seis museos y lugares hist\u00f3ricos localizados en el Viejo San Juan, se unen el domingo, 14 de noviembre, para celebrar la actividad<b><i> <\/i><span style=\"mso-bidi-font-style: italic\">Descubre a Puerto Rico y su historia en los Museos del Viejo San Juan<\/span><\/b>, anunci\u00f3 la directora ejecutiva del Museo de Las Am\u00e9ricas, Mar\u00eda A. L\u00f3pez Vilella.<\/font><span style=\"mso-spacerun: yes\"><font style=\"font-size: 11pt\">&#160;&#160; <\/font><\/span><\/span><\/font><span style=\"line-height: 13pt; font-family: \" lang=\"ES-TRAD\"><\/span><\/p>\n<p style=\"line-height: 14pt; margin: 0in 0in 0pt\" class=\"MsoNormal\" align=\"justify\"><span style=\"line-height: 13pt; font-family: ; mso-fareast-font-family: &#39;Times New Roman&#39;\" lang=\"ES-TRAD\"><font face=\"Tahoma\"><\/font><font style=\"font-size: 11pt\" color=\"#000000\">&#160;<\/font><\/span><\/p>\n<p style=\"line-height: 14pt; margin: 0in 0in 0pt\" class=\"MsoNormal\" align=\"justify\"><font face=\"Tahoma\"><\/font><font color=\"#000000\"><span style=\"line-height: 13pt; font-family: ; mso-fareast-font-family: &#39;Times New Roman&#39;\" lang=\"ES-TRAD\"><font style=\"font-size: 11pt\">Nuevamente, <\/font><\/span><\/font><font style=\"font-size: 11pt\"><span style=\"line-height: 13pt; font-family: \" lang=\"ES-TRAD\">los museos ubicados en el Viejo San Juan, han decidido unir esfuerzos para ofrecerle al visitante un conjunto de actividades que permitan dar a conocer su instituci\u00f3n y programaci\u00f3n.<\/span><\/font><span style=\"line-height: 13pt; font-family: ; mso-fareast-font-family: &#39;Times New Roman&#39;\" lang=\"ES-TRAD\"><font style=\"font-size: 11pt\"><span style=\"mso-spacerun: yes\">&#160; <\/span>Las entidades participantes son:<span style=\"mso-spacerun: yes\">&#160; <\/span>Casa Alcald\u00eda, Casa Mueso Felisa Rinc\u00f3n de Gautier, Museo de Las Am\u00e9ricas, Proyecto Restauraci\u00f3n Iglesia San Jos\u00e9, Galer\u00eda Nacional del Instituto de Cultura Puertorrique\u00f1a, Museo de San Juan,<span style=\"mso-spacerun: yes\">&#160; <\/span>Museo de Vida Silvestre y el Museo Pablo Casals.<\/font><span style=\"mso-spacerun: yes\"><font style=\"font-size: 11pt\">&#160;&#160; <\/font><\/span><\/span><\/p>\n<p style=\"line-height: 14pt; margin: 0in 0in 0pt\" class=\"MsoNormal\" align=\"justify\"><span style=\"line-height: 13pt; font-family: ; mso-fareast-font-family: &#39;Times New Roman&#39;\" lang=\"ES-TRAD\"><font face=\"Tahoma\"><\/font><font style=\"font-size: 11pt\" color=\"#000000\">&#160;<\/font><\/span><\/p>\n<p style=\"line-height: 14pt; margin: 0in 0in 0pt\" class=\"MsoNormal\" align=\"justify\"><span style=\"line-height: 13pt; font-family: ; mso-fareast-font-family: &#39;Times New Roman&#39;; mso-bidi-font-size: 16.0pt\" lang=\"ES-TRAD\"><font face=\"Tahoma\"><\/font><font style=\"font-size: 11pt\" color=\"#000000\">La <b style=\"mso-bidi-font-weight: normal\">Ruta de los Museos<\/b> surgi\u00f3 en el a\u00f1o 2009 como una iniciativa de los museos con sede en el Viejo San Juan, de aunar fuerzas para dar a conocer sus colecciones y programas educativos. As\u00ed como estimular a los ciudadanos a visitar con frecuencia nuestras instituciones.<\/font><\/span><span style=\"line-height: 13pt; font-family: \" lang=\"ES-TRAD\"><\/span><\/p>\n<p style=\"line-height: 14pt; margin: 0in 0in 0pt\" class=\"MsoNormal\" align=\"justify\"><span style=\"line-height: 13pt; font-family: ; mso-fareast-font-family: &#39;Times New Roman&#39;\" lang=\"ES-TRAD\"><font face=\"Tahoma\"><\/font><font style=\"font-size: 11pt\" color=\"#000000\">&#160;<\/font><\/span><\/p>\n<p style=\"line-height: 14pt; margin: 0in 0in 0pt\" class=\"MsoNormal\" align=\"justify\"><span style=\"line-height: 13pt; font-family: \" lang=\"ES-TRAD\"><font face=\"Tahoma\"><\/font><font style=\"font-size: 11pt\" color=\"#000000\">\u201cVisitar los museos y los lugares hist\u00f3ricos nos permiten conocer nuestro pasado, ayud\u00e1ndonos en el presente y prepar\u00e1ndonos para el futuro\u201d concluy\u00f3 Lunna Garc\u00eda de La Noceda, Directora del Departamento de Arte, Cultura y Turismo del <span class=\"yshortcuts\">Municipio de San Juan<\/span>.<\/font><\/span><\/p>\n<p style=\"line-height: 14pt; margin: 0in 0in 0pt\" class=\"MsoNormal\" align=\"justify\"><span style=\"line-height: 13pt; font-family: ; mso-fareast-font-family: &#39;Times New Roman&#39;\" lang=\"ES-TRAD\"><font face=\"Tahoma\"><\/font><font style=\"font-size: 11pt\" color=\"#000000\">&#160;<\/font><\/span><\/p>\n<p style=\"line-height: 14pt; margin: 0in 0in 0pt\" class=\"MsoNormal\" align=\"justify\"><font face=\"Tahoma\"><\/font><font color=\"#000000\"><span style=\"line-height: 13pt; font-family: ; mso-fareast-font-family: &#39;Times New Roman&#39;; mso-bidi-font-weight: bold; mso-bidi-font-style: italic\" lang=\"ES-TRAD\"><font style=\"font-size: 11pt\">\u201c<b>Descubre a Puerto Rico y su historia en los Museos del Viejo San Juan<\/b><\/font><\/span><span style=\"line-height: 13pt; font-family: ; mso-fareast-font-family: &#39;Times New Roman&#39;\" lang=\"ES-TRAD\"><font style=\"font-size: 11pt\"> consiste en abrir gratuitamente al p\u00fablico nuestras instituciones ofreciendo nuestros variados programas de exposiciones\u201d,<\/font><\/span><\/font><span style=\"line-height: 13pt; font-family: ; mso-fareast-font-family: &#39;Times New Roman&#39;\" lang=\"ES-TRAD\"><font face=\"Tahoma\"><\/font><font color=\"#000000\"><\/font><font style=\"font-size: 11pt\">explic\u00f3 L\u00f3pez Vilella.<span style=\"mso-spacerun: yes\">&#160;&#160; <\/span>El Personal de la Oficina de Turismo del Municipio de San Juan ofrecer\u00e1 un recorrido, a las 10:00 am, el cual saldr\u00e1 de la Casa Alcald\u00eda ubicada frente a la Plaza de Armas en el Viejo San Juan y recorrer\u00e1n todas las instituciones participantes.&#160; Para participar del recorrido se recomienda reservar llamando al (787) 480-2910 \u00f3 480-2912.<span style=\"mso-spacerun: yes\">&#160; <\/span>Ese domingo, 14 de noviembre, los museos permanecer\u00e1n abiertos hasta las 4:00pm y su entrada ser\u00e1 libre de costo.<\/font><span style=\"mso-spacerun: yes\"><font style=\"font-size: 11pt\">&#160; <\/font><\/span><\/span><\/p>\n<p style=\"line-height: 14pt; margin: 0in 0in 0pt\" class=\"MsoNormal\" align=\"justify\"><span style=\"line-height: 13pt; font-family: \" lang=\"ES-TRAD\"><font face=\"Tahoma\"><\/font><font style=\"font-size: 11pt\" color=\"#000000\">&#160;<\/font><\/span><\/p>\n<p style=\"line-height: 14pt; margin: 0in 0in 0pt\" class=\"MsoNormal\" align=\"justify\"><font face=\"Tahoma\"><\/font><font color=\"#000000\"><span style=\"line-height: 13pt; font-family: ; mso-fareast-font-family: &#39;Times New Roman&#39;\" lang=\"ES-TRAD\"><font style=\"font-size: 11pt\">En la Plaza San Jos\u00e9 se ofrecer\u00e1n Talleres para todas las edades de 1:00 a 3:00pm, tales como: Talleres de arte para ni\u00f1os, confecci\u00f3n de adornos de Navidad (Museo de San Juan, Museo de Las Am\u00e9ricas y Casa Museo Felisa Rinc\u00f3n), Taller de impresi\u00f3n en Papel (Liga de Arte) y \u201cConoce a tu orquesta\u201d (Museo Pablo Casals).<span style=\"mso-spacerun: yes\">&#160;&#160; <\/span><\/font><\/span><span style=\"line-height: 13pt; font-family: \" lang=\"ES-TRAD\"><font style=\"font-size: 11pt\">Adem\u00e1s, podr\u00e1n disfrutar de las estatuas vivientes del Taller de Teatro a cargo de los profesores Georgina Boris y Elvin Ramos.<\/font><\/span><\/font><span style=\"line-height: 13pt; font-family: ; mso-fareast-font-family: &#39;Times New Roman&#39;\" lang=\"ES-TRAD\"><\/span><\/p>\n<p style=\"line-height: 14pt; margin: 0in 0in 0pt\" class=\"MsoNormal\" align=\"justify\"><span style=\"line-height: 13pt; font-family: ; mso-fareast-font-family: &#39;Times New Roman&#39;\" lang=\"ES-TRAD\"><font face=\"Tahoma\"><\/font><font style=\"font-size: 11pt\" color=\"#000000\">&#160;<\/font><\/span><\/p>\n<p style=\"line-height: 14pt; margin: 0in 0in 0pt\" class=\"MsoNormal\" align=\"justify\"><span style=\"line-height: 13pt; font-family: ; mso-fareast-font-family: &#39;Times New Roman&#39;\" lang=\"ES-TRAD\"><font face=\"Tahoma\"><\/font><font color=\"#000000\"><\/font><font style=\"font-size: 11pt\">Como parte de la actividad habr\u00e1 una tarima principal localizada en la Plaza San Jos\u00e9 en la cual se estar\u00e1 llevando a cabo un programa que comenzar\u00e1 a las 2:30pm.<span style=\"mso-spacerun: yes\">&#160; <\/span>Entre los grupos que estar\u00e1n brindado su talento podemos mencionar a: \u201cLa Sinf\u00f3nica llega a tu pueblo \u201dcuento cantado, <i style=\"mso-bidi-font-style: normal\">Taller Los Hijos Del Cuatro<\/i> de la Fundaci\u00f3n Paquito L\u00f3pez Cruz; <i style=\"mso-bidi-font-style: normal\">Cuarteto Casals<\/i>; Vanessa Ortiz y Rosario Gal\u00e1n, presentaran el Taller de Bellas Artes de San Juan y como cierre el Ballet Folkl\u00f3rico Retablo Puertorrique\u00f1o.<\/font><span style=\"mso-spacerun: yes\"><font style=\"font-size: 11pt\">&#160;&#160; <\/font><\/span><\/span><\/p>\n<p style=\"line-height: 14pt; margin: 0in 0in 0pt\" class=\"MsoNormal\" align=\"justify\"><span style=\"line-height: 13pt; font-family: ; mso-fareast-font-family: &#39;Times New Roman&#39;\" lang=\"ES-TRAD\"><font face=\"Tahoma\"><\/font><font style=\"font-size: 11pt\" color=\"#000000\">&#160;<\/font><\/span><\/p>\n<p style=\"line-height: 14pt; margin: 0in 0in 0pt\" class=\"MsoNormal\" align=\"justify\"><span style=\"line-height: 13pt; font-family: \" lang=\"ES-TRAD\"><font face=\"Tahoma\"><\/font><font color=\"#000000\"><\/font><font style=\"font-size: 11pt\">Habr\u00e1 kioscos de comida t\u00edpica, jugos naturales y helados artesanales para el disfrute de todos. Tambi\u00e9n tendr\u00e1n centros de informaci\u00f3n donde podr\u00e1n obtener informaci\u00f3n sobre los Museos participantes y conocer sobre los programas y servicios que se ofrecen.<\/font><span style=\"mso-spacerun: yes\"><font style=\"font-size: 11pt\">&#160; <\/font><\/span><\/span><span style=\"line-height: 13pt; font-family: ; mso-fareast-font-family: &#39;Times New Roman&#39;\" lang=\"ES-TRAD\"><\/span><\/p>\n<p style=\"line-height: 14pt; margin: 0in 0in 0pt\" class=\"MsoNormal\" align=\"justify\"><span style=\"line-height: 13pt; font-family: ; mso-fareast-font-family: &#39;Times New Roman&#39;\" lang=\"ES-TRAD\"><font face=\"Tahoma\"><\/font><font style=\"font-size: 11pt\" color=\"#000000\">&#160;<\/font><\/span><\/p>\n<p style=\"line-height: 14pt; margin: 0in 0in 0pt\" class=\"MsoNormal\" align=\"justify\"><font face=\"Tahoma\"><\/font><font color=\"#000000\"><span style=\"line-height: 13pt; font-family: ; mso-fareast-font-family: &#39;Times New Roman&#39;\" lang=\"ES-TRAD\"><font style=\"font-size: 11pt\">Esta actividad es libre de costo, y cuenta con el auspicio del Municipio de San Juan y su Departamento de Arte, Cultura y Turismo. Para informaci\u00f3n sobre los recorridos favor de comunicarse al (787) 721-6363.<span style=\"mso-spacerun: yes\">&#160; <\/span><\/font><\/span><span style=\"line-height: 13pt; font-family: \" lang=\"ES-TRAD\"><span style=\"mso-spacerun: yes\"><font style=\"font-size: 11pt\">&#160;<\/font><\/span><\/span><\/font><\/p>\n","protected":false},"excerpt":{"rendered":"<p>&#160; Casa Alcald\u00eda 153 calle San Francisco 787. 480.2500 mvelez@sanjuancapital.com &#160; Museo de San Juan 150 calle Norzagaray 780.480.3555 museodesanjuan@yahoo.com &#160; Museo de Las Am\u00e9ricas Cuartel de Ballaj\u00e1, 2de. Piso 787.724.5052 www.museolasmaerica.org &#160; Museo Felisa Rinc\u00f3n de Gautier 51 Caleta&hellip;<\/p>\n<p class=\"more-link-p\"><a class=\"more-link\" href=\"https:\/\/bobvarela.com\/?p=4240\">Read more &rarr;<\/a><\/p>\n","protected":false},"author":1,"featured_media":0,"comment_status":"open","ping_status":"open","sticky":false,"template":"","format":"standard","meta":{"ngg_post_thumbnail":0,"footnotes":""},"categories":[3],"tags":[243],"class_list":["post-4240","post","type-post","status-publish","format-standard","hentry","category-actividades","tag-museos"],"_links":{"self":[{"href":"https:\/\/bobvarela.com\/index.php?rest_route=\/wp\/v2\/posts\/4240","targetHints":{"allow":["GET"]}}],"collection":[{"href":"https:\/\/bobvarela.com\/index.php?rest_route=\/wp\/v2\/posts"}],"about":[{"href":"https:\/\/bobvarela.com\/index.php?rest_route=\/wp\/v2\/types\/post"}],"author":[{"embeddable":true,"href":"https:\/\/bobvarela.com\/index.php?rest_route=\/wp\/v2\/users\/1"}],"replies":[{"embeddable":true,"href":"https:\/\/bobvarela.com\/index.php?rest_route=%2Fwp%2Fv2%2Fcomments&post=4240"}],"version-history":[{"count":0,"href":"https:\/\/bobvarela.com\/index.php?rest_route=\/wp\/v2\/posts\/4240\/revisions"}],"wp:attachment":[{"href":"https:\/\/bobvarela.com\/index.php?rest_route=%2Fwp%2Fv2%2Fmedia&parent=4240"}],"wp:term":[{"taxonomy":"category","embeddable":true,"href":"https:\/\/bobvarela.com\/index.php?rest_route=%2Fwp%2Fv2%2Fcategories&post=4240"},{"taxonomy":"post_tag","embeddable":true,"href":"https:\/\/bobvarela.com\/index.php?rest_route=%2Fwp%2Fv2%2Ftags&post=4240"}],"curies":[{"name":"wp","href":"https:\/\/api.w.org\/{rel}","templated":true}]}}