{"id":42692,"date":"2012-09-22T16:19:27","date_gmt":"2012-09-22T20:19:27","guid":{"rendered":"https:\/\/bobvarela.com\/?p=42692"},"modified":"2012-09-22T16:19:30","modified_gmt":"2012-09-22T20:19:30","slug":"natalia-en-la-recta-final-reina-mundial-del-banano","status":"publish","type":"post","link":"https:\/\/bobvarela.com\/?p=42692","title":{"rendered":"Natalia en la recta final Reina Mundial del Banano"},"content":{"rendered":"<p align=\"justify\"><font size=\"3\">Listas las 17 candidatas a Reina Mundial del Banano para la gran noche causando grandes expectativas en la comunidad orense y ecuatoriana. Las candidatas asistieron a una misa en la iglesia catedral de Machala recibiendo bendiciones antes de sus entrevistas individuales de jurado para la gran noche final<\/font> <\/p>\n<p align=\"justify\"><a href=\"https:\/\/bobvarela.com\/wp-content\/uploads\/2012\/09\/nata.pre01.jpg\"><img loading=\"lazy\" decoding=\"async\" style=\"background-image: none; border-bottom: 0px; border-left: 0px; padding-left: 0px; padding-right: 0px; display: block; float: none; margin-left: auto; border-top: 0px; margin-right: auto; border-right: 0px; padding-top: 0px\" title=\"nata.pre01\" border=\"0\" alt=\"nata.pre01\" src=\"https:\/\/bobvarela.com\/wp-content\/uploads\/2012\/09\/nata.pre01_thumb.jpg\" width=\"356\" height=\"129\"\/><\/a><\/p>\n<h6 align=\"justify\"><font size=\"3\">Curiosamente las entrevistas fueron individuales con un solo jurado por candidata a lo que comento Natalia que tuvo q exponer cual es el significado de los ni\u00f1os y los valores que resaltan la mujeradem\u00e1s de sostener su aportaci\u00f3n para mantener el respeto ante los dem\u00e1s; concluyo que se sintiocomo estar hablando con su propio abuelo al mismo tiempo que el jurado le comento que le encantar\u00eda seguir dialogando con ella.<\/font><\/h6>\n<p align=\"justify\">&nbsp;<\/p>\n<p align=\"center\"><font size=\"3\"><a href=\"https:\/\/bobvarela.com\/wp-content\/uploads\/2012\/09\/NATA.PRE02.jpg\"><img loading=\"lazy\" decoding=\"async\" style=\"background-image: none; border-bottom: 0px; border-left: 0px; padding-left: 0px; padding-right: 0px; display: inline; border-top: 0px; border-right: 0px; padding-top: 0px\" title=\"NATA.PRE02\" border=\"0\" alt=\"NATA.PRE02\" src=\"https:\/\/bobvarela.com\/wp-content\/uploads\/2012\/09\/NATA.PRE02_thumb.jpg\" width=\"344\" height=\"146\"\/><\/a><\/font><\/p>\n<p align=\"justify\"><font size=\"3\">Las candidatas participar\u00e1n en un n\u00famero de apertura donde bailar\u00e1n ataviadas de coloridos vestidos al estilo machale\u00f1o y cantando el tema oficial del evento Reina Mundial del Banano.<\/font> <\/p>\n<p align=\"justify\"><font size=\"3\">Todas desfilar\u00e1n en traje de ba\u00f1o y traje de gala para luego seleccionar 5 finalistas que responder\u00e1n a una pregunta del juradopara luego coronar la reina y virreina de Reina Mundial del Banano, donde ser\u00e1n coronadas por Lizeth Gonzalez, actual Reina Mundial 2011.<\/font> <\/p>\n<p align=\"justify\"><font size=\"3\">Igualmente se hizo conocer que el s\u00e1bado las mejores unidades de la Cooperativa de Transporte \u201cCiudad de Machala\u201d estar\u00e1n llevando al p\u00fablico hasta el Complejo Cultural Zoila Ugarte de Land\u00edvar de la Casa de la Cultura Ecuatoriana, N\u00facleo de El Oro, en el sector de Bella India, en cuyo Teatro P\u00fablico Pepe Quevedo Mera se elegir\u00e1 a la nueva Reina Mundial del Banano.<\/font> <\/p>\n<p align=\"justify\"><font size=\"3\">Apoyo para las candidatas<\/font> <\/p>\n<p align=\"center\"><a href=\"https:\/\/bobvarela.com\/wp-content\/uploads\/2012\/09\/nata.misa2_.jpg\"><img loading=\"lazy\" decoding=\"async\" style=\"background-image: none; border-bottom: 0px; border-left: 0px; padding-left: 0px; padding-right: 0px; display: inline; border-top: 0px; border-right: 0px; padding-top: 0px\" title=\"nata.misa2\" border=\"0\" alt=\"nata.misa2\" src=\"https:\/\/bobvarela.com\/wp-content\/uploads\/2012\/09\/nata.misa2_thumb.jpg\" width=\"274\" height=\"133\"\/><\/a> <\/p>\n<p align=\"justify\"><font size=\"3\">Detr\u00e1s de las candidatas a Reina Mundial del Banano 2012, existe un grupo de personas que las apoyan en cada una de las actividades que ellas cumplen desde que llegan al pa\u00eds hasta que se van. 17 personas conforman el grupo presidido por Milagros Buchmann, directora general del certamen; junto a ella colaboran; Jorge Palau, director en el \u00e1rea internacional; Rodolf Buchman, Subdirector general; Juan Jos\u00e9 Jaramillo, director art\u00edstico; Hivar Camacho, asistente de producci\u00f3n, Juan Carlos Benalc\u00e1zar, asistente de producci\u00f3n; \u00c1lvaro \u00c1vila, coordinador log\u00edstico, Tambi\u00e9n est\u00e1n: Gabriela D\u00e1valos, Ericka \u00c1lvarez, Diana Robles, asistente de coordinaci\u00f3n; Andrea Santo, asistente de coordinaci\u00f3n y producci\u00f3n general; Petita Franco y Karina Espinoza, estilistas, Alby Lara, Lupita Ord\u00f3\u00f1ez , maquilladoras quienes son apoyo del staff.<\/font> <\/p>\n<p align=\"center\"><a href=\"https:\/\/bobvarela.com\/wp-content\/uploads\/2012\/09\/NATA.PRE04.jpg\"><img loading=\"lazy\" decoding=\"async\" style=\"background-image: none; border-bottom: 0px; border-left: 0px; padding-left: 0px; padding-right: 0px; display: inline; border-top: 0px; border-right: 0px; padding-top: 0px\" title=\"NATA.PRE04\" border=\"0\" alt=\"NATA.PRE04\" src=\"https:\/\/bobvarela.com\/wp-content\/uploads\/2012\/09\/NATA.PRE04_thumb.jpg\" width=\"286\" height=\"170\"\/><\/a> <\/p>\n<p align=\"justify\"><font size=\"3\">As\u00ed mismo, en esta e<\/font><font size=\"3\">dici\u00f3n, participaron 2 conductores encargados de transportar a las concursantes y los efectivos de la Polic\u00eda Nacional designados para el resguardo de todos los involucrados en el evento.<\/font> <\/p>\n<p align=\"justify\"><font size=\"3\">El evento ser\u00e1 transmitido en vivo por Telerama, Canal Oficial del Evento.<\/font> <\/p>\n<p align=\"justify\"><font size=\"3\">REINA MUNDIAL DEL BANANO<br \/>EN VIVO por <\/font><a href=\"https:\/\/www.telerama.ec\/envivo\/\"><font size=\"3\">https:\/\/www.telerama.ec\/envivo\/<\/font><\/a><br \/><font size=\"3\">ESTA NOCHE A LAS 9PM DE PUERTO RICO<br \/>M\u00e1s Fotos y Videos en un solo CLICK<br \/><\/font><a href=\"https:\/\/www.facebook.com\/ReinasDeLaBellezaPuertoRico\"><font size=\"3\">https:\/\/www.facebook.com\/ReinasDeLaBellezaPuertoRico<\/font><\/a><\/p>\n","protected":false},"excerpt":{"rendered":"<p>Listas las 17 candidatas a Reina Mundial del Banano para la gran noche causando grandes expectativas en la comunidad orense y ecuatoriana. Las candidatas asistieron a una misa en la iglesia catedral de Machala recibiendo bendiciones antes de sus entrevistas&hellip;<\/p>\n<p class=\"more-link-p\"><a class=\"more-link\" href=\"https:\/\/bobvarela.com\/?p=42692\">Read more &rarr;<\/a><\/p>\n","protected":false},"author":1,"featured_media":0,"comment_status":"open","ping_status":"open","sticky":false,"template":"","format":"standard","meta":{"ngg_post_thumbnail":0,"footnotes":""},"categories":[5],"tags":[],"class_list":["post-42692","post","type-post","status-publish","format-standard","hentry","category-concursos"],"_links":{"self":[{"href":"https:\/\/bobvarela.com\/index.php?rest_route=\/wp\/v2\/posts\/42692","targetHints":{"allow":["GET"]}}],"collection":[{"href":"https:\/\/bobvarela.com\/index.php?rest_route=\/wp\/v2\/posts"}],"about":[{"href":"https:\/\/bobvarela.com\/index.php?rest_route=\/wp\/v2\/types\/post"}],"author":[{"embeddable":true,"href":"https:\/\/bobvarela.com\/index.php?rest_route=\/wp\/v2\/users\/1"}],"replies":[{"embeddable":true,"href":"https:\/\/bobvarela.com\/index.php?rest_route=%2Fwp%2Fv2%2Fcomments&post=42692"}],"version-history":[{"count":1,"href":"https:\/\/bobvarela.com\/index.php?rest_route=\/wp\/v2\/posts\/42692\/revisions"}],"predecessor-version":[{"id":42693,"href":"https:\/\/bobvarela.com\/index.php?rest_route=\/wp\/v2\/posts\/42692\/revisions\/42693"}],"wp:attachment":[{"href":"https:\/\/bobvarela.com\/index.php?rest_route=%2Fwp%2Fv2%2Fmedia&parent=42692"}],"wp:term":[{"taxonomy":"category","embeddable":true,"href":"https:\/\/bobvarela.com\/index.php?rest_route=%2Fwp%2Fv2%2Fcategories&post=42692"},{"taxonomy":"post_tag","embeddable":true,"href":"https:\/\/bobvarela.com\/index.php?rest_route=%2Fwp%2Fv2%2Ftags&post=42692"}],"curies":[{"name":"wp","href":"https:\/\/api.w.org\/{rel}","templated":true}]}}